{"id":63568,"date":"2015-07-17T09:14:14","date_gmt":"2015-07-17T12:14:14","guid":{"rendered":"http:\/\/aconteceunovale.com.br\/portal\/?p=63568"},"modified":"2015-07-17T09:14:14","modified_gmt":"2015-07-17T12:14:14","slug":"plantao-do-samu-no-norte-de-minas-gerais-16-de-julho-de-2015","status":"publish","type":"post","link":"https:\/\/aconteceunovale.com.br\/portal\/?p=63568","title":{"rendered":"Plant\u00e3o do Samu no Norte de Minas Gerais, 16 de julho de 2015"},"content":{"rendered":"<h4><strong><em>Quinta-feira, 16 de julho de 2015<\/em><\/strong><\/h4>\n<p>As unidades do SAMU realizaram em Montes Claros, na quinta-feira, 16\/07, 47 atendimentos, sendo 21 casos cl\u00ednicos; 14 ocorr\u00eancias de acidente de tr\u00e2nsito, 10 delas envolvendo motocicleta; um ferimento por arma de fogo; e uma gestante em trabalho de parto no bairro Major Prates.<\/p>\n<p>E na MG-135, a dois quil\u00f4metros de Lontra, sentido Japonvar, as unidades do Samu de Bras\u00edlia de Minas e S\u00e3o Jo\u00e3o da Ponte realizaram atendimento a v\u00edtimas de um capotamento de ve\u00edculo (Siena) ocorrido por volta das 12h30. Uma mulher morreu, e o condutor, de 67 anos, e duas mulheres, de 38 e 68 anos, ficaram feridas.<\/p>\n<p>Por volta das 23h20, um homem de 29 anos ficou ferido em uma colis\u00e3o entre carro e moto ocorrida na Avenida Sidney Chaves, bairro Edgar Pereira. \u00c0s 22h, um motociclista ficou gravemente ferido ao colidir contra um animal na MG-408, pr\u00f3ximo a Montes Claros.<\/p>\n<p>\u00c0s 20h20, um homem de 48 anos ficou ferido ao colidir de carro contra um barranco, na BR-365, pr\u00f3ximo ao rio Carrapato. \u00c0s 19h20, um homem de 19 anos foi atropelado por um carro no Vilage do Lago. \u00c0s 18h20, um homem de 44 anos colidiu de moto contra um carro no bairro Todos os Santos.<\/p>\n<p>\u00c0s 17h45, um rapaz de 17 anos foi ferido por arma de fogo no bairro Morrinhos. Ele foi atingido por dois tiros, mas resistiu aos ferimentos e foi encaminhado ao hospital.<\/p>\n<p>\u00c0s 16h30, um homem de 24 anos caiu de moto no bairro Eldorado. \u00c0s 15h20, um homem de 24 anos caiu de moto no bairro Morrinhos. \u00c0s 14h30, um homem de 26 anos colidiu de moto contra um carro no birro alto S\u00e3o Jo\u00e3o. \u00c0s 13h20, um homem de 49 anos colidiu de moto contra um carro no bairro Melo.<\/p>\n<p>\u00c0s 11h20, um homem de 24 anos caiu de moto no bairro Edgar Pereira; \u00e0s 7h05, um homem de 32 anos colidiu de moto contra um carro no bairro Santo Ant\u00f4nio.<\/p>\n<p>Por volta das 6h30, ocorreu um acidente na BR-251, pr\u00f3ximo \u00e0 na entrada de Catuni, depois Francisco S\u00e1. Um carro (Honda City) e uma carreta colidiram e os tr\u00eas ocupantes do carro morreram no local. O motorista da carreta n\u00e3o sofreu ferimentos.<\/p>\n<p>Em todas as ocorr\u00eancias os feridos receberam os primeiros atendimentos no local e foram encaminhados ao hospital para avalia\u00e7\u00e3o. (Jer\u00fasia Arruda)<\/p>\n","protected":false},"excerpt":{"rendered":"<p>Quinta-feira, 16 de julho de 2015 As unidades do SAMU realizaram em Montes Claros, na quinta-feira, 16\/07, 47 atendimentos, sendo 21 casos cl\u00ednicos; 14 ocorr\u00eancias de acidente de tr\u00e2nsito, 10 delas envolvendo motocicleta; um ferimento por arma de fogo; e uma gestante em trabalho de parto no bairro Major Prates. E na MG-135, a dois [&hellip;]<\/p>\n","protected":false},"author":1,"featured_media":58741,"comment_status":"open","ping_status":"closed","sticky":false,"template":"","format":"standard","meta":{"amp_status":"","footnotes":""},"categories":[1236],"tags":[51990,3058,206036,1796,210,24659,24089,18898,18108,51991,18629,21139,4040],"class_list":["post-63568","post","type-post","status-publish","format-standard","has-post-thumbnail","hentry","category-norte_de_minas","tag-16-de-julho-de-2015","tag-japonvar","tag-jerusia-arruda","tag-lontra","tag-montes-claros","tag-plantao-do-samu-de-montes-claros","tag-plantao-do-samu-do-norte-de-minas","tag-plantao-do-samu-macro-norte","tag-plantao-do-samu-no-norte-de-minas-gerais","tag-plantao-do-samu-no-norte-de-minas-gerais-16-de-julho-de-2015","tag-samu-de-montes-claros","tag-samu-do-norte-de-minas","tag-samu-macro-norte"],"_links":{"self":[{"href":"https:\/\/aconteceunovale.com.br\/portal\/index.php?rest_route=\/wp\/v2\/posts\/63568","targetHints":{"allow":["GET"]}}],"collection":[{"href":"https:\/\/aconteceunovale.com.br\/portal\/index.php?rest_route=\/wp\/v2\/posts"}],"about":[{"href":"https:\/\/aconteceunovale.com.br\/portal\/index.php?rest_route=\/wp\/v2\/types\/post"}],"author":[{"embeddable":true,"href":"https:\/\/aconteceunovale.com.br\/portal\/index.php?rest_route=\/wp\/v2\/users\/1"}],"replies":[{"embeddable":true,"href":"https:\/\/aconteceunovale.com.br\/portal\/index.php?rest_route=%2Fwp%2Fv2%2Fcomments&post=63568"}],"version-history":[{"count":0,"href":"https:\/\/aconteceunovale.com.br\/portal\/index.php?rest_route=\/wp\/v2\/posts\/63568\/revisions"}],"wp:featuredmedia":[{"embeddable":true,"href":"https:\/\/aconteceunovale.com.br\/portal\/index.php?rest_route=\/wp\/v2\/media\/58741"}],"wp:attachment":[{"href":"https:\/\/aconteceunovale.com.br\/portal\/index.php?rest_route=%2Fwp%2Fv2%2Fmedia&parent=63568"}],"wp:term":[{"taxonomy":"category","embeddable":true,"href":"https:\/\/aconteceunovale.com.br\/portal\/index.php?rest_route=%2Fwp%2Fv2%2Fcategories&post=63568"},{"taxonomy":"post_tag","embeddable":true,"href":"https:\/\/aconteceunovale.com.br\/portal\/index.php?rest_route=%2Fwp%2Fv2%2Ftags&post=63568"}],"curies":[{"name":"wp","href":"https:\/\/api.w.org\/{rel}","templated":true}]}}