{"id":63563,"date":"2015-07-17T00:46:00","date_gmt":"2015-07-17T03:46:00","guid":{"rendered":"http:\/\/aconteceunovale.com.br\/portal\/?p=63563"},"modified":"2015-07-17T00:52:48","modified_gmt":"2015-07-17T03:52:48","slug":"capotamento-de-veiculo-deixa-um-morto-e-tres-feridos-na-mg-135-no-norte-de-minas","status":"publish","type":"post","link":"https:\/\/aconteceunovale.com.br\/portal\/?p=63563","title":{"rendered":"Capotamento de ve\u00edculo deixa um morto e tr\u00eas feridos na MG-135, no Norte de Minas"},"content":{"rendered":"<p>Uma pessoa morreu e tr\u00eas ficaram feridas em um acidente no in\u00edcio da tarde desta quinta-feira, 16 de julho, na MG-135, entre os munic\u00edpios de Japonvar e Lontra, na regi\u00e3o Norte de Minas Gerais. Um ve\u00edculo Siena, com placa de Itacarambi, capotou por volta de 12h30 a cerca de dois quil\u00f4metros de Lontra.<\/p>\n<p>De acordo com a Assessoria de Comunica\u00e7\u00e3o do Samu Macro Norte,  com o impacto do acidente, o condutor do ve\u00edculo, identificado como Ot\u00edlio Gon\u00e7alves da Silva, de 67 anos, sofreu ferimentos graves e foi encaminhado para o Hospital de Bras\u00edlia de Minas. A passageira Domingas Cardoso da Monta, de 38 anos, sofreu ferimentos leves e foi encaminhada ao Hospital de S\u00e3o Jo\u00e3o da Ponte. <\/p>\n<p>Ainda segundo o Samu, H\u00e9lia Rodrigues Moreira de Souza, de 68 anos, foi avaliada no local e n\u00e3o foi conduzida ao hospital. Uma terceira mulher, irm\u00e3 de H\u00e9lia, n\u00e3o resistiu aos graves ferimentos e morreu no local.<\/p>\n<p>O atendimento \u00e0s v\u00edtimas foi realizado por unidades do Samu de Bras\u00edlia de Minas e S\u00e3o Jo\u00e3o da Ponte. <\/p>\n<p><img decoding=\"async\" src=\"http:\/\/aconteceunovale.com.br\/portal\/wp-content\/uploads\/2015\/07\/acidente_japonvar.jpg\" alt=\"\" \/><em>Siena de Itacarambi capotou na MG-135 &#8211; Foto: Reprodu\u00e7\u00e3o \/ WhatsApp<\/em><\/p>\n","protected":false},"excerpt":{"rendered":"<p>Uma pessoa morreu e tr\u00eas ficaram feridas em um acidente no in\u00edcio da tarde desta quinta-feira, 16 de julho, na MG-135, entre os munic\u00edpios de Japonvar e Lontra, na regi\u00e3o Norte de Minas Gerais. Um ve\u00edculo Siena, com placa de Itacarambi, capotou por volta de 12h30 a cerca de dois quil\u00f4metros de Lontra. De acordo [&hellip;]<\/p>\n","protected":false},"author":1,"featured_media":63564,"comment_status":"open","ping_status":"closed","sticky":false,"template":"","format":"standard","meta":{"amp_status":"","footnotes":""},"categories":[1236],"tags":[51986,51987,51978,51977,195,51983,51982,51980,51981,1705,3058,51976,1796,51984,51985,51979,2448],"class_list":["post-63563","post","type-post","status-publish","format-standard","has-post-thumbnail","hentry","category-norte_de_minas","tag-acidente-com-moradora-de-itacarambi","tag-acidente-com-moradores-de-itacarambi","tag-acidente-com-siena-de-itacarambi","tag-acidente-entre-japonvar-e-lontra","tag-brasilia-de-minas","tag-capotamento-de-veiculo-deixa-um-morto-e-tres-feridos-na-mg-135","tag-capotamento-de-veiculo-deixa-um-morto-e-tres-feridos-na-mg-135-no-norte-de-minas","tag-domingas-cardoso-da-monta","tag-helia-rodrigues-moreira-de-souza","tag-itacarambi","tag-japonvar","tag-japonvar-e-lontra","tag-lontra","tag-maria-imaculada-silva","tag-morte-de-moradora-de-itacarambi","tag-otilio-goncalves-da-silva","tag-sao-joao-da-ponte"],"_links":{"self":[{"href":"https:\/\/aconteceunovale.com.br\/portal\/index.php?rest_route=\/wp\/v2\/posts\/63563","targetHints":{"allow":["GET"]}}],"collection":[{"href":"https:\/\/aconteceunovale.com.br\/portal\/index.php?rest_route=\/wp\/v2\/posts"}],"about":[{"href":"https:\/\/aconteceunovale.com.br\/portal\/index.php?rest_route=\/wp\/v2\/types\/post"}],"author":[{"embeddable":true,"href":"https:\/\/aconteceunovale.com.br\/portal\/index.php?rest_route=\/wp\/v2\/users\/1"}],"replies":[{"embeddable":true,"href":"https:\/\/aconteceunovale.com.br\/portal\/index.php?rest_route=%2Fwp%2Fv2%2Fcomments&post=63563"}],"version-history":[{"count":0,"href":"https:\/\/aconteceunovale.com.br\/portal\/index.php?rest_route=\/wp\/v2\/posts\/63563\/revisions"}],"wp:featuredmedia":[{"embeddable":true,"href":"https:\/\/aconteceunovale.com.br\/portal\/index.php?rest_route=\/wp\/v2\/media\/63564"}],"wp:attachment":[{"href":"https:\/\/aconteceunovale.com.br\/portal\/index.php?rest_route=%2Fwp%2Fv2%2Fmedia&parent=63563"}],"wp:term":[{"taxonomy":"category","embeddable":true,"href":"https:\/\/aconteceunovale.com.br\/portal\/index.php?rest_route=%2Fwp%2Fv2%2Fcategories&post=63563"},{"taxonomy":"post_tag","embeddable":true,"href":"https:\/\/aconteceunovale.com.br\/portal\/index.php?rest_route=%2Fwp%2Fv2%2Ftags&post=63563"}],"curies":[{"name":"wp","href":"https:\/\/api.w.org\/{rel}","templated":true}]}}