{"id":63550,"date":"2015-07-16T20:52:37","date_gmt":"2015-07-16T23:52:37","guid":{"rendered":"http:\/\/aconteceunovale.com.br\/portal\/?p=63550"},"modified":"2015-07-16T20:52:37","modified_gmt":"2015-07-16T23:52:37","slug":"policia-militar-prende-homem-que-matou-ex-mulher-a-facadas-em-rubim","status":"publish","type":"post","link":"https:\/\/aconteceunovale.com.br\/portal\/?p=63550","title":{"rendered":"Pol\u00edcia Militar prende homem que matou ex-mulher a facadas em Rubim"},"content":{"rendered":"<h4><strong><em>Crime aconteceu na tarde do dia 14 de julho. Homem foi preso na manh\u00e3 desta quinta-feira ap\u00f3s den\u00fancia an\u00f4nima.<\/em><\/strong><\/h4>\n<p>A Pol\u00edcia Militar (PM) de Rubim prendeu na manh\u00e3 desta quinta-feira, 16 de julho, Juscelino Gomes dos Santos, de 46 anos. Ele \u00e9 o principal suspeito de matar Maria Jos\u00e9 Ferraz de Ara\u00fajo, de 51 anos, a facadas. <\/p>\n<p>O crime aconteceu na tarde do dia 14 de julho. De acordo com a PM, uma filha do autor relatou que ele discutia com a av\u00f3 dela, quando a Maria Jos\u00e9 tentou intervir e acabou atingida por dois golpes de faca. A v\u00edtima foi socorrida ao Hospital S\u00e3o Vicente de Paulo, mas n\u00e3o resistiu aos ferimentos e deu entrada sem vida na unidade de sa\u00fade. <\/p>\n<p>Juscelino evadiu sentido a Rua Beira Rio. Durante a fuga, o criminoso abordou um motociclista e determinou que ele seguisse sentido a Comunidade Bom Jardim. Nesta quinta-feira, um denunciante an\u00f4nimo informou \u00e0 PM que o autor estaria andando a p\u00e9 pr\u00f3ximo a cidade de Rubim.<\/p>\n<p>Diante da den\u00fancia, uma equipe policial deslocou ao local, onde avistaram Juscelino. Perguntado a respeito do crime, segundo a PM, o acusado assumiu autoria e declarou que no dia estava sob efeito de bebida alco\u00f3lica. Ele recebeu voz de pris\u00e3o e ap\u00f3s receber atendimento m\u00e9dico, foi conduzido a Delegacia de Pol\u00edcia Civil de Almenara para demais provid\u00eancias.<\/p>\n<p>Maria Jos\u00e9 Ferraz de Ara\u00fajo conviveu com o autor por dezenove anos e tinham dois filhos em comum.<\/p>\n<p><img decoding=\"async\" src=\"http:\/\/aconteceunovale.com.br\/portal\/wp-content\/uploads\/2015\/07\/matou_ex_mulher.jpg\" alt=\"\" \/><em>Juscelino Gomes dos Santos, de 46 anos, foi preso pela PM &#8211; Foto: Divulga\u00e7\u00e3o \/ PMMG<\/em><\/p>\n","protected":false},"excerpt":{"rendered":"<p>Crime aconteceu na tarde do dia 14 de julho. Homem foi preso na manh\u00e3 desta quinta-feira ap\u00f3s den\u00fancia an\u00f4nima. A Pol\u00edcia Militar (PM) de Rubim prendeu na manh\u00e3 desta quinta-feira, 16 de julho, Juscelino Gomes dos Santos, de 46 anos. Ele \u00e9 o principal suspeito de matar Maria Jos\u00e9 Ferraz de Ara\u00fajo, de 51 anos, [&hellip;]<\/p>\n","protected":false},"author":1,"featured_media":63551,"comment_status":"open","ping_status":"closed","sticky":false,"template":"","format":"standard","meta":{"amp_status":"","footnotes":""},"categories":[120],"tags":[51961,51962,51960,51959,407],"class_list":["post-63550","post","type-post","status-publish","format-standard","has-post-thumbnail","hentry","category-jequi","tag-juscelino-gomes-dos-santos","tag-maria-jose-ferraz-de-araujo","tag-matou-ex-mulher-a-facadas-em-rubim","tag-policia-militar-prende-homem-que-matou-ex-mulher-a-facadas-em-rubim","tag-rubim"],"_links":{"self":[{"href":"https:\/\/aconteceunovale.com.br\/portal\/index.php?rest_route=\/wp\/v2\/posts\/63550","targetHints":{"allow":["GET"]}}],"collection":[{"href":"https:\/\/aconteceunovale.com.br\/portal\/index.php?rest_route=\/wp\/v2\/posts"}],"about":[{"href":"https:\/\/aconteceunovale.com.br\/portal\/index.php?rest_route=\/wp\/v2\/types\/post"}],"author":[{"embeddable":true,"href":"https:\/\/aconteceunovale.com.br\/portal\/index.php?rest_route=\/wp\/v2\/users\/1"}],"replies":[{"embeddable":true,"href":"https:\/\/aconteceunovale.com.br\/portal\/index.php?rest_route=%2Fwp%2Fv2%2Fcomments&post=63550"}],"version-history":[{"count":0,"href":"https:\/\/aconteceunovale.com.br\/portal\/index.php?rest_route=\/wp\/v2\/posts\/63550\/revisions"}],"wp:featuredmedia":[{"embeddable":true,"href":"https:\/\/aconteceunovale.com.br\/portal\/index.php?rest_route=\/wp\/v2\/media\/63551"}],"wp:attachment":[{"href":"https:\/\/aconteceunovale.com.br\/portal\/index.php?rest_route=%2Fwp%2Fv2%2Fmedia&parent=63550"}],"wp:term":[{"taxonomy":"category","embeddable":true,"href":"https:\/\/aconteceunovale.com.br\/portal\/index.php?rest_route=%2Fwp%2Fv2%2Fcategories&post=63550"},{"taxonomy":"post_tag","embeddable":true,"href":"https:\/\/aconteceunovale.com.br\/portal\/index.php?rest_route=%2Fwp%2Fv2%2Ftags&post=63550"}],"curies":[{"name":"wp","href":"https:\/\/api.w.org\/{rel}","templated":true}]}}