{"id":63502,"date":"2015-07-16T12:14:24","date_gmt":"2015-07-16T15:14:24","guid":{"rendered":"http:\/\/aconteceunovale.com.br\/portal\/?p=63502"},"modified":"2015-07-17T00:06:00","modified_gmt":"2015-07-17T03:06:00","slug":"tres-pessoas-morrem-em-acidente-envolvendo-carro-e-caminhao-no-norte-de-minas","status":"publish","type":"post","link":"https:\/\/aconteceunovale.com.br\/portal\/?p=63502","title":{"rendered":"Tr\u00eas pessoas morrem em acidente envolvendo carro e carreta no Norte de Minas"},"content":{"rendered":"<p>Tr\u00eas pessoas morreram em um acidente na manh\u00e3 desta quinta-feira (16\/07), na BR-251, em Catuni, distrito de Francisco S\u00e1, no Norte de Minas. Segundo a Pol\u00edcia Rodovi\u00e1ria Federal (PRF), um Honda Civic e uma carreta, ambos com placa de S\u00e3o Paulo, se envolveram em uma batida por volta das 6h30, no km 459, no trecho conhecido como Serra da Morte. <\/p>\n<p>Todas as v\u00edtimas eram ocupantes do ve\u00edculo de passeio. Inicialmente, o Servi\u00e7o de Atendimento M\u00f3vel de Urg\u00eancia (Samu) chegou a dizer que o n\u00famero de v\u00edtimas chegava a cinco, por\u00e9m, no fim da manh\u00e3, a informa\u00e7\u00e3o foi retificada pelo pr\u00f3prio servi\u00e7o. J\u00e1 o caminhoneiro saiu ileso na batida.<\/p>\n<p>De acordo com a PRF, o condutor do ve\u00edculo de carga relatou que o motorista do Civic perdeu o controle da dire\u00e7\u00e3o, invadiu a contram\u00e3o e colidiu de frente com a carreta, que seguia no sentido Montes Claros\/Salinas.<\/p>\n<p><strong>Identifica\u00e7\u00e3o das v\u00edtimas<\/strong><\/p>\n<p>As v\u00edtimas s\u00e3o Balduino Clementino de Carvalho Neto, de 44 anos; Leonan Fernandes Teot\u00f4nio e Marconiel Prud\u00eancio da Silva, todos os tr\u00eas ocupantes do Honda City. As tr\u00eas pessoas mortas na trag\u00e9dia eram naturais de Pedra Branca, munic\u00edpio de 4,2 mil habitantes, localizado no sert\u00e3o da Para\u00edba, a 400 quil\u00f4metros de Jo\u00e3o Pessoa. O trio retornava do Nordeste para S\u00e3o Paulo, onde trabalhava.<\/p>\n<p><img decoding=\"async\" src=\"http:\/\/aconteceunovale.com.br\/portal\/wp-content\/uploads\/2015\/07\/acidente_251_16_17_1.jpg\" alt=\"\" \/><\/p>\n<p><img decoding=\"async\" src=\"http:\/\/aconteceunovale.com.br\/portal\/wp-content\/uploads\/2015\/07\/acidente_251_16_17_2.jpg\" alt=\"\" \/><\/p>\n<p><img decoding=\"async\" src=\"http:\/\/aconteceunovale.com.br\/portal\/wp-content\/uploads\/2015\/07\/acidente_251_16_17_3.jpg\" alt=\"\" \/><\/p>\n<p><img decoding=\"async\" src=\"http:\/\/aconteceunovale.com.br\/portal\/wp-content\/uploads\/2015\/07\/acidente_251_16_17_4.jpg\" alt=\"\" \/><\/p>\n<p><em>(Fotos: Divulga\u00e7\u00e3o Samu Macro Norte \/ Fonte: Estado de Minas)<\/em><\/p>\n","protected":false},"excerpt":{"rendered":"<p>Tr\u00eas pessoas morreram em um acidente na manh\u00e3 desta quinta-feira (16\/07), na BR-251, em Catuni, distrito de Francisco S\u00e1, no Norte de Minas. Segundo a Pol\u00edcia Rodovi\u00e1ria Federal (PRF), um Honda Civic e uma carreta, ambos com placa de S\u00e3o Paulo, se envolveram em uma batida por volta das 6h30, no km 459, no trecho [&hellip;]<\/p>\n","protected":false},"author":1,"featured_media":63503,"comment_status":"open","ping_status":"closed","sticky":false,"template":"","format":"standard","meta":{"amp_status":"","footnotes":""},"categories":[1236],"tags":[51899,51970,28856,1395,51971,51972,51973,51898,51896,51897,51895,51900],"class_list":["post-63502","post","type-post","status-publish","format-standard","has-post-thumbnail","hentry","category-norte_de_minas","tag-acidente-na-serra-da-morte","tag-balduino-clementino-de-carvalho-neto","tag-catuni","tag-francisco-sa","tag-leonan-fernandes-teotonio","tag-marconiel-prudencio-da-silva","tag-pedra-branca","tag-serra-da-morte","tag-tres-pessoas-morrem-em-acidente-envolvendo-carro-e-caminhao-em-catuni","tag-tres-pessoas-morrem-em-acidente-envolvendo-carro-e-caminhao-em-francisco-sa","tag-tres-pessoas-morrem-em-acidente-envolvendo-carro-e-caminhao-no-norte-de-minas","tag-tres-pessoas-morrem-em-acidente-envolvendo-carro-e-carreta-no-norte-de-minas"],"_links":{"self":[{"href":"https:\/\/aconteceunovale.com.br\/portal\/index.php?rest_route=\/wp\/v2\/posts\/63502","targetHints":{"allow":["GET"]}}],"collection":[{"href":"https:\/\/aconteceunovale.com.br\/portal\/index.php?rest_route=\/wp\/v2\/posts"}],"about":[{"href":"https:\/\/aconteceunovale.com.br\/portal\/index.php?rest_route=\/wp\/v2\/types\/post"}],"author":[{"embeddable":true,"href":"https:\/\/aconteceunovale.com.br\/portal\/index.php?rest_route=\/wp\/v2\/users\/1"}],"replies":[{"embeddable":true,"href":"https:\/\/aconteceunovale.com.br\/portal\/index.php?rest_route=%2Fwp%2Fv2%2Fcomments&post=63502"}],"version-history":[{"count":0,"href":"https:\/\/aconteceunovale.com.br\/portal\/index.php?rest_route=\/wp\/v2\/posts\/63502\/revisions"}],"wp:featuredmedia":[{"embeddable":true,"href":"https:\/\/aconteceunovale.com.br\/portal\/index.php?rest_route=\/wp\/v2\/media\/63503"}],"wp:attachment":[{"href":"https:\/\/aconteceunovale.com.br\/portal\/index.php?rest_route=%2Fwp%2Fv2%2Fmedia&parent=63502"}],"wp:term":[{"taxonomy":"category","embeddable":true,"href":"https:\/\/aconteceunovale.com.br\/portal\/index.php?rest_route=%2Fwp%2Fv2%2Fcategories&post=63502"},{"taxonomy":"post_tag","embeddable":true,"href":"https:\/\/aconteceunovale.com.br\/portal\/index.php?rest_route=%2Fwp%2Fv2%2Ftags&post=63502"}],"curies":[{"name":"wp","href":"https:\/\/api.w.org\/{rel}","templated":true}]}}