{"id":63499,"date":"2015-07-16T11:42:42","date_gmt":"2015-07-16T14:42:42","guid":{"rendered":"http:\/\/aconteceunovale.com.br\/portal\/?p=63499"},"modified":"2015-07-16T11:42:42","modified_gmt":"2015-07-16T14:42:42","slug":"deputados-visitam-local-de-acidente-onde-morreu-o-prefeito-de-central-de-minas","status":"publish","type":"post","link":"https:\/\/aconteceunovale.com.br\/portal\/?p=63499","title":{"rendered":"Deputados visitam local de acidente onde morreu o prefeito de Central de Minas"},"content":{"rendered":"<h4><strong><em>Para evitar agravamento de conflito agr\u00e1rio, parlamentares negociam com sem-terra desocupa\u00e7\u00e3o de fazenda em Tumiritinga.<\/em><\/strong><\/h4>\n<p>O presidente da Comiss\u00e3o de Direitos Humanos da Assembleia Legislativa de Minas Gerais (ALMG), deputado Cristiano Silveira, e o l\u00edder do bloco governista Minas Melhor, deputado Rog\u00e9rio Correia, ambos do PT, estiveram nesta quarta-feira (15\/7\/15) em Tumiritinga, no Vale do Rio Doce, a fim de acompanhar de perto as investiga\u00e7\u00f5es sobre o acidente a\u00e9reo que resultou na morte do prefeito do munic\u00edpio vizinho de Central de Minas, Genil Mata da Cruz, e de um funcion\u00e1rio da prefeitura. Os dois sobrevoavam uma fazenda de propriedade de Genil, na tarde de ter\u00e7a-feira (14), quando ocorreu o acidente<\/p>\n<p>Os parlamentares conversaram com lideran\u00e7as do acampamento dos sem-terra instalados na fazenda e propuseram que as mais de cem fam\u00edlias desocupem a \u00e1rea, por quest\u00e3o de seguran\u00e7a e para aliviar as tens\u00f5es sociais, agravadas ap\u00f3s o acidente. Os sem-terra admitiram aceitar a proposta, mas fizeram algumas exig\u00eancias, como a concess\u00e3o, pelo governo, de um aux\u00edlio-moradia; a indica\u00e7\u00e3o, por parte do Instituto Nacional de Coloniza\u00e7\u00e3o e Reforma Agr\u00e1ria (Incra), de um outro local para se instalarem; a presen\u00e7a de policiais militares no local, at\u00e9 que desocupem a \u00e1rea, de forma a garantir a seguran\u00e7a das fam\u00edlias; e a investiga\u00e7\u00e3o sobre as amea\u00e7as que l\u00edderes do acampamento v\u00eam recebendo. O deputado Cristiano Silveira informou que j\u00e1 levou as reivindica\u00e7\u00f5es ao Governo do Estado e aguarda um retorno do Executivo at\u00e9 esta quinta-feira.<\/p>\n<p>A fazenda est\u00e1 ocupada por mais de cem fam\u00edlias ligadas ao Movimento dos Trabalhadores Rurais Sem Terra (MST), o que motivou vers\u00f5es contradit\u00f3rias a respeito do acidente, conforme noticiado na imprensa. Uma delas defende que os trabalhadores rurais teriam abatido a aeronave, o que \u00e9 contestado pelos sem-terra. Segundo as lideran\u00e7as do movimento, dois monomotores sobrevoavam a \u00e1rea e lan\u00e7avam sobre o acampamento diversos sacos contendo um l\u00edquido aparentemente combust\u00edvel, que cheirava a gasolina, quando ocorreu o acidente.<\/p>\n<p>Assessores dos deputados Cristiano Silveira e Rog\u00e9rio Correia informaram que, t\u00e3o logo receberam a not\u00edcia, no final da tarde de ter\u00e7a-feira (14), os parlamentares entraram em contato com o Comando da Pol\u00edcia Militar, tomando conhecimento, ent\u00e3o, de que o Batalh\u00e3o de Governador Valadares j\u00e1 estava tomando provid\u00eancias. O presidente da Comiss\u00e3o de Direitos Humanos tamb\u00e9m solicitou que o Minist\u00e9rio P\u00fablico acompanhasse as investiga\u00e7\u00f5es.<\/p>\n<p>Segundo informa\u00e7\u00f5es dos gabinetes parlamentares, os sem-terra tamb\u00e9m foram visitados por outras autoridades, como o superintendente regional do Incra, Gilson de Souza; o diretor de Conflitos Rurais da Secretaria de Estado de Direitos Humanos, Participa\u00e7\u00e3o Social e Cidadania, Wilton Miranda; o diretor-t\u00e9cnico da Funda\u00e7\u00e3o Rural Mineira (Ruralminas), Alexandre de Lima Chumbinho; e o tenente-coronel Menezes, do Comando da Pol\u00edcia Militar da regi\u00e3o.<\/p>\n<p><em>(Fonte: ALMG)<\/em><\/p>\n","protected":false},"excerpt":{"rendered":"<p>Para evitar agravamento de conflito agr\u00e1rio, parlamentares negociam com sem-terra desocupa\u00e7\u00e3o de fazenda em Tumiritinga. O presidente da Comiss\u00e3o de Direitos Humanos da Assembleia Legislativa de Minas Gerais (ALMG), deputado Cristiano Silveira, e o l\u00edder do bloco governista Minas Melhor, deputado Rog\u00e9rio Correia, ambos do PT, estiveram nesta quarta-feira (15\/7\/15) em Tumiritinga, no Vale do [&hellip;]<\/p>\n","protected":false},"author":1,"featured_media":63500,"comment_status":"open","ping_status":"closed","sticky":false,"template":"","format":"standard","meta":{"amp_status":"","footnotes":""},"categories":[121],"tags":[51788,1671,51891,51892,51894,51893,25186,51787,46394,330],"class_list":["post-63499","post","type-post","status-publish","format-standard","has-post-thumbnail","hentry","category-leste","tag-acidente-com-o-prefeito-de-central-de-minas","tag-central-de-minas","tag-deputados-visitam-local-de-acidente-onde-morreu-o-prefeito-de-central-de-minas","tag-desocupacao-de-fazenda-em-tumiritinga","tag-fazenda-de-genil","tag-genil","tag-genil-mata-da-cruz","tag-morte-do-prefeito-de-central-de-minas","tag-prefeito-de-central-de-minas","tag-tumiritinga"],"_links":{"self":[{"href":"https:\/\/aconteceunovale.com.br\/portal\/index.php?rest_route=\/wp\/v2\/posts\/63499","targetHints":{"allow":["GET"]}}],"collection":[{"href":"https:\/\/aconteceunovale.com.br\/portal\/index.php?rest_route=\/wp\/v2\/posts"}],"about":[{"href":"https:\/\/aconteceunovale.com.br\/portal\/index.php?rest_route=\/wp\/v2\/types\/post"}],"author":[{"embeddable":true,"href":"https:\/\/aconteceunovale.com.br\/portal\/index.php?rest_route=\/wp\/v2\/users\/1"}],"replies":[{"embeddable":true,"href":"https:\/\/aconteceunovale.com.br\/portal\/index.php?rest_route=%2Fwp%2Fv2%2Fcomments&post=63499"}],"version-history":[{"count":0,"href":"https:\/\/aconteceunovale.com.br\/portal\/index.php?rest_route=\/wp\/v2\/posts\/63499\/revisions"}],"wp:featuredmedia":[{"embeddable":true,"href":"https:\/\/aconteceunovale.com.br\/portal\/index.php?rest_route=\/wp\/v2\/media\/63500"}],"wp:attachment":[{"href":"https:\/\/aconteceunovale.com.br\/portal\/index.php?rest_route=%2Fwp%2Fv2%2Fmedia&parent=63499"}],"wp:term":[{"taxonomy":"category","embeddable":true,"href":"https:\/\/aconteceunovale.com.br\/portal\/index.php?rest_route=%2Fwp%2Fv2%2Fcategories&post=63499"},{"taxonomy":"post_tag","embeddable":true,"href":"https:\/\/aconteceunovale.com.br\/portal\/index.php?rest_route=%2Fwp%2Fv2%2Ftags&post=63499"}],"curies":[{"name":"wp","href":"https:\/\/api.w.org\/{rel}","templated":true}]}}