{"id":63331,"date":"2015-07-13T10:34:23","date_gmt":"2015-07-13T13:34:23","guid":{"rendered":"http:\/\/aconteceunovale.com.br\/portal\/?p=63331"},"modified":"2015-07-13T10:34:23","modified_gmt":"2015-07-13T13:34:23","slug":"policia-fecha-rinha-de-galo-e-prende-35-pessoas-em-unai","status":"publish","type":"post","link":"https:\/\/aconteceunovale.com.br\/portal\/?p=63331","title":{"rendered":"Pol\u00edcia fecha rinha de galo e prende 35 pessoas em Una\u00ed"},"content":{"rendered":"<h4><strong><em>Rinha funcionava em fazenda na zona rural do munic\u00edpio. Foram apreendidos biqueiras, esporas e R$ 10.646.<\/em><\/strong><\/h4>\n<p>A Pol\u00edcia Militar de Meio Ambiente e Tr\u00e2nsito de Una\u00ed, no Noroeste de Minas Gerais, prendeu 35 pessoas e apreendeu cinco adolescentes que participavam de uma rinha de galos, em uma fazenda a 15 quil\u00f4metros da cidade, neste domingo (12\/07). Os policiais foram at\u00e9 o local depois de uma den\u00fancia an\u00f4nima.<\/p>\n<p>Segundo as informa\u00e7\u00f5es da PM, uma pessoa fazia o controle da entrada e cobrava R$ 30 de cada participante. Os militares constataram que os galos tinham v\u00e1rios ferimentos  e sinais de maus tratos. Foram apreendidos v\u00e1rios apetrechos, como biqueiras e esporas, al\u00e9m de medicamentos e R$ 10.646.<\/p>\n<p>Todos os envolvidos foram conduzidos para a Companhia de Meio Ambiente e Tr\u00e2nsito e foram liberados pela Pol\u00edcia Civil, com a condi\u00e7\u00e3o de se apresentarem na delegacia nesta segunda-feira (13).<\/p>\n<p><img decoding=\"async\" src=\"http:\/\/aconteceunovale.com.br\/portal\/wp-content\/uploads\/2015\/07\/rinha_unai.jpg\" alt=\"\" \/><em>Galos estavam feridos e com sinais de de maus tratos (Foto: Divulga\u00e7\u00e3o \/ Pol\u00edcia Militar)<\/em><br \/>\n<\/br><\/p>\n<p><em>(Fonte: Inter TV Grande Minas \/ G1)<\/em><\/p>\n","protected":false},"excerpt":{"rendered":"<p>Rinha funcionava em fazenda na zona rural do munic\u00edpio. Foram apreendidos biqueiras, esporas e R$ 10.646. A Pol\u00edcia Militar de Meio Ambiente e Tr\u00e2nsito de Una\u00ed, no Noroeste de Minas Gerais, prendeu 35 pessoas e apreendeu cinco adolescentes que participavam de uma rinha de galos, em uma fazenda a 15 quil\u00f4metros da cidade, neste domingo [&hellip;]<\/p>\n","protected":false},"author":1,"featured_media":63332,"comment_status":"open","ping_status":"closed","sticky":false,"template":"","format":"standard","meta":{"amp_status":"","footnotes":""},"categories":[123],"tags":[51656,51657,51659,51658,222],"class_list":["post-63331","post","type-post","status-publish","format-standard","has-post-thumbnail","hentry","category-gerais","tag-policia-fecha-rinha-de-galo-e-prende-35-pessoas-em-unai","tag-policia-fecha-rinha-de-galo-em-unai","tag-presos-em-rinha-de-galo-em-unai","tag-rinha-de-galo-em-unai","tag-unai"],"_links":{"self":[{"href":"https:\/\/aconteceunovale.com.br\/portal\/index.php?rest_route=\/wp\/v2\/posts\/63331","targetHints":{"allow":["GET"]}}],"collection":[{"href":"https:\/\/aconteceunovale.com.br\/portal\/index.php?rest_route=\/wp\/v2\/posts"}],"about":[{"href":"https:\/\/aconteceunovale.com.br\/portal\/index.php?rest_route=\/wp\/v2\/types\/post"}],"author":[{"embeddable":true,"href":"https:\/\/aconteceunovale.com.br\/portal\/index.php?rest_route=\/wp\/v2\/users\/1"}],"replies":[{"embeddable":true,"href":"https:\/\/aconteceunovale.com.br\/portal\/index.php?rest_route=%2Fwp%2Fv2%2Fcomments&post=63331"}],"version-history":[{"count":0,"href":"https:\/\/aconteceunovale.com.br\/portal\/index.php?rest_route=\/wp\/v2\/posts\/63331\/revisions"}],"wp:featuredmedia":[{"embeddable":true,"href":"https:\/\/aconteceunovale.com.br\/portal\/index.php?rest_route=\/wp\/v2\/media\/63332"}],"wp:attachment":[{"href":"https:\/\/aconteceunovale.com.br\/portal\/index.php?rest_route=%2Fwp%2Fv2%2Fmedia&parent=63331"}],"wp:term":[{"taxonomy":"category","embeddable":true,"href":"https:\/\/aconteceunovale.com.br\/portal\/index.php?rest_route=%2Fwp%2Fv2%2Fcategories&post=63331"},{"taxonomy":"post_tag","embeddable":true,"href":"https:\/\/aconteceunovale.com.br\/portal\/index.php?rest_route=%2Fwp%2Fv2%2Ftags&post=63331"}],"curies":[{"name":"wp","href":"https:\/\/api.w.org\/{rel}","templated":true}]}}