{"id":63161,"date":"2015-07-10T11:52:34","date_gmt":"2015-07-10T14:52:34","guid":{"rendered":"http:\/\/aconteceunovale.com.br\/portal\/?p=63161"},"modified":"2015-07-10T15:11:51","modified_gmt":"2015-07-10T18:11:51","slug":"homem-morre-e-mulher-fica-gravemente-ferida-em-acidente-na-br-116-no-vale-do-jequitinhonha","status":"publish","type":"post","link":"https:\/\/aconteceunovale.com.br\/portal\/?p=63161","title":{"rendered":"Homem morre e mulher fica gravemente ferida em acidente na BR-116, no Vale do Jequitinhonha"},"content":{"rendered":"<h4><strong><em>Colis\u00e3o entre caminh\u00e3o e carro de passeio aconteceu no trecho entre Padre Para\u00edso e Ponto dos Volantes. Motorista do carro morreu no local.<\/em><\/strong><\/h4>\n<p>O motorista de um carro de passeio morreu em um grav\u00edssimo acidente na noite dessa quinta-feira, 9 de julho, na BR-116, entre Padre Para\u00edso e Ponto dos Volantes, na regi\u00e3o do Vale do  Jequitinhonha (MG). O ve\u00edculo saiu de S\u00e3o Paulo com destino ao Nordeste.<\/p>\n<p>De acordo com informa\u00e7\u00f5es, o condutor do ve\u00edculo VW Santana, placas de SP, transitava no sentido Sul\/Norte, quando teria perdido o controle da dire\u00e7\u00e3o, invadindo a pista contr\u00e1ria e colidido violentamente contra um caminh\u00e3o. Ap\u00f3s a colis\u00e3o, o Santana retornou para a sua m\u00e3o direcional em posi\u00e7\u00e3o horizontal.<\/p>\n<p>Com o impacto do acidente, Ant\u00f4nio C\u00e9sar de Ara\u00fajo Albuquerque, de 56 anos, ficou preso \u00e0s ferragens e morreu no local. Uma mulher que estava no ve\u00edculo ficou gravemente ferida e foi socorrida pelo Servi\u00e7o de Atendimento M\u00f3vel de Urg\u00eancia (SAMU) ao Hospital de Itaobim. O motorista e o passageiro do caminh\u00e3o n\u00e3o se feriram. <\/p>\n<p>Equipes do Corpo de Bombeiros compareceram ao local e fizeram o desencarceramento do motorista. A Per\u00edcia T\u00e9cnica da Pol\u00edcia Civil foi acionada e ap\u00f3s os trabalhos de praxe, o corpo foi removido para o Instituto M\u00e9dico Legal (IML) de Te\u00f3filo Otoni. <\/p>\n<p><img decoding=\"async\" src=\"http:\/\/aconteceunovale.com.br\/portal\/wp-content\/uploads\/2015\/07\/acidente_padre_paraiso_1.jpg\" alt=\"\" \/><em>Motorista do carro morreu no local &#8211; Foto: Francisco Couy \/ IML de Te\u00f3filo Otoni<\/em><br \/>\n<\/br><\/p>\n<p><img decoding=\"async\" src=\"http:\/\/aconteceunovale.com.br\/portal\/wp-content\/uploads\/2015\/07\/acidente_padre_paraiso_2.jpg\" alt=\"\" \/><em>Motorista do carro morreu no local &#8211; Foto: Francisco Couy \/ IML de Te\u00f3filo Otoni<\/em><br \/>\n<\/br><\/p>\n<p><img decoding=\"async\" src=\"http:\/\/aconteceunovale.com.br\/portal\/wp-content\/uploads\/2015\/07\/acidente_padre_paraiso_3.jpg\" alt=\"\" \/><em>Motorista do carro morreu no local &#8211; Foto: Francisco Couy \/ IML de Te\u00f3filo Otoni<\/em><br \/>\n<\/br><\/p>\n<p><img decoding=\"async\" src=\"http:\/\/aconteceunovale.com.br\/portal\/wp-content\/uploads\/2015\/07\/acidente_padre_paraiso_4.jpg\" alt=\"\" \/><em>Motorista do carro morreu no local &#8211; Foto: Francisco Couy \/ IML de Te\u00f3filo Otoni<\/em><\/p>\n","protected":false},"excerpt":{"rendered":"<p>Colis\u00e3o entre caminh\u00e3o e carro de passeio aconteceu no trecho entre Padre Para\u00edso e Ponto dos Volantes. Motorista do carro morreu no local. O motorista de um carro de passeio morreu em um grav\u00edssimo acidente na noite dessa quinta-feira, 9 de julho, na BR-116, entre Padre Para\u00edso e Ponto dos Volantes, na regi\u00e3o do Vale [&hellip;]<\/p>\n","protected":false},"author":1,"featured_media":63162,"comment_status":"open","ping_status":"closed","sticky":false,"template":"","format":"standard","meta":{"amp_status":"","footnotes":""},"categories":[120],"tags":[51429,51428,51426,3945,51427,51431,1018,51425,51424,51423,572,51430,444],"class_list":["post-63161","post","type-post","status-publish","format-standard","has-post-thumbnail","hentry","category-jequi","tag-acidente-com-caminhao-da-parana-ferragens","tag-acidente-com-santana-de-sao-paulo","tag-acidente-com-santana-na-br-116","tag-acidente-na-br-116","tag-acidente-perto-de-teofilo-otoni-na-br-116","tag-antonio-cesar-de-araujo-albuquerque","tag-destaque","tag-homem-morre-e-mulher-fica-gravemente-ferida-em-acidente-na-br-116-em-padre-paraiso","tag-homem-morre-e-mulher-fica-gravemente-ferida-em-acidente-na-br-116-entre-padre-paraiso-e-ponto-dos-volantes","tag-homem-morre-e-mulher-fica-gravemente-ferida-em-acidente-na-br-116-no-vale-do-jequitinhonha","tag-padre-paraiso","tag-parana-ferragens","tag-ponto-dos-volantes"],"_links":{"self":[{"href":"https:\/\/aconteceunovale.com.br\/portal\/index.php?rest_route=\/wp\/v2\/posts\/63161","targetHints":{"allow":["GET"]}}],"collection":[{"href":"https:\/\/aconteceunovale.com.br\/portal\/index.php?rest_route=\/wp\/v2\/posts"}],"about":[{"href":"https:\/\/aconteceunovale.com.br\/portal\/index.php?rest_route=\/wp\/v2\/types\/post"}],"author":[{"embeddable":true,"href":"https:\/\/aconteceunovale.com.br\/portal\/index.php?rest_route=\/wp\/v2\/users\/1"}],"replies":[{"embeddable":true,"href":"https:\/\/aconteceunovale.com.br\/portal\/index.php?rest_route=%2Fwp%2Fv2%2Fcomments&post=63161"}],"version-history":[{"count":0,"href":"https:\/\/aconteceunovale.com.br\/portal\/index.php?rest_route=\/wp\/v2\/posts\/63161\/revisions"}],"wp:featuredmedia":[{"embeddable":true,"href":"https:\/\/aconteceunovale.com.br\/portal\/index.php?rest_route=\/wp\/v2\/media\/63162"}],"wp:attachment":[{"href":"https:\/\/aconteceunovale.com.br\/portal\/index.php?rest_route=%2Fwp%2Fv2%2Fmedia&parent=63161"}],"wp:term":[{"taxonomy":"category","embeddable":true,"href":"https:\/\/aconteceunovale.com.br\/portal\/index.php?rest_route=%2Fwp%2Fv2%2Fcategories&post=63161"},{"taxonomy":"post_tag","embeddable":true,"href":"https:\/\/aconteceunovale.com.br\/portal\/index.php?rest_route=%2Fwp%2Fv2%2Ftags&post=63161"}],"curies":[{"name":"wp","href":"https:\/\/api.w.org\/{rel}","templated":true}]}}