{"id":63158,"date":"2015-07-10T11:19:32","date_gmt":"2015-07-10T14:19:32","guid":{"rendered":"http:\/\/aconteceunovale.com.br\/portal\/?p=63158"},"modified":"2015-07-10T11:19:32","modified_gmt":"2015-07-10T14:19:32","slug":"festivais-de-inverno-esquentam-as-ferias-em-minas-gerais","status":"publish","type":"post","link":"https:\/\/aconteceunovale.com.br\/portal\/?p=63158","title":{"rendered":"Festivais de inverno esquentam as f\u00e9rias em Minas Gerais"},"content":{"rendered":"<h4><strong><em>Tradicionais em Minas Gerais, as festas misturam cultura, gastronomia e m\u00fasica.<\/em><\/strong><\/h4>\n<p>O inverno em Minas Gerais promete aquecer as f\u00e9rias. O estado conta com uma programa\u00e7\u00e3o cultural completa para quem procura unir arte, m\u00fasica e gastronomia. Para ficar por dentro dos principais eventos do estado, a\u00a0<a href=\"http:\/\/www.setur.mg.gov.br\/\"><span style=\"text-decoration: underline;\">Secret\u00e1ria de Estado de Turismo (SETUR)\u00a0<\/span><\/a>selecionou alguns dos principais festivais de inverno. Confira:<\/p>\n<p><strong>&#8211; Festival de Inverno de Monte Verde<\/strong><\/p>\n<p>Em sua 3\u00aa edi\u00e7\u00e3o, o Festival de Inverno de Monte Verde acontece entre os dias 4 e 25 de julho. A proposta \u00e9 aproximar o artista do p\u00fablico, atrav\u00e9s de diversas apresenta\u00e7\u00f5es espalhadas pelo munic\u00edpio. Todas as atividades do festival s\u00e3o gratuitas e, al\u00e9m das apresenta\u00e7\u00f5es, ser\u00e3o realizadas oficinas culturais de dan\u00e7a e de artes pl\u00e1sticas.<\/p>\n<p>Mais informa\u00e7\u00f5es:\u00a0<a href=\"http:\/\/www.camanducaia.mg.gov.br\/\">www.camanducaia.mg.gov.br\/<\/a><\/p>\n<p><strong>&#8211; Festival de Inverno de Ouro Preto e Mariana<\/strong><\/p>\n<p>O evento acontece de 11 a 26 de julho e busca em sua edi\u00e7\u00e3o de 2015 a interlocu\u00e7\u00e3o dos saberes e fazeres nas produ\u00e7\u00f5es art\u00edsticas, com foco especial nas discuss\u00f5es das pesquisas art\u00edsticas desenvolvidas no meio acad\u00eamico. As a\u00e7\u00f5es envolvem apresenta\u00e7\u00f5es, exposi\u00e7\u00f5es, oficinas e debates nas \u00e1reas de Artes C\u00eanicas, Artes Visuais, Audiovisual, Infanto-juvenil, Literatura, M\u00fasica e Patrim\u00f4nio.<\/p>\n<p>Mais informa\u00e7\u00f5es:\u00a0<a href=\"http:\/\/www.festivaldeinverno.ufop.br\/2015\/index.html\">www.festivaldeinverno.ufop.br<\/a><\/p>\n<p><img decoding=\"async\" src=\"http:\/\/aconteceunovale.com.br\/portal\/wp-content\/uploads\/2015\/07\/festivais-de-inverno-esquentam-a-programacao-do-estado.jpg\" alt=\"\" \/><em>Festivais de inverno: boa pedida para as f\u00e9rias &#8211; Foto: Divulga\u00e7\u00e3o Prefeitura de Mariana<\/em><br \/>\n<\/br><\/p>\n<p><strong>&#8211; Inverno Cultural UFSJ<\/strong><\/p>\n<p>Durante as duas semanas de evento, ser\u00e3o promovidos dezenas de shows e atividades art\u00edsticas e culturais em S\u00e3o Jo\u00e3o del-Rei e outras cidades de Minas Gerais. Em sua 28\u00aa edi\u00e7\u00e3o, o evento tem como inspira\u00e7\u00e3o a express\u00e3o \u201cCultura da \u00e1gua\u201d.<\/p>\n<p>Este ano, o encontro acontece em sete cidades onde a universidade atua ou tem algum tipo de liga\u00e7\u00e3o.<\/p>\n<p>Agenda:<br \/>\nSete Lagoas &#8211; 17 e 21 de julho.<br \/>\nS\u00e3o Jo\u00e3o del-Rei &#8211; 18 a 26 de julho<br \/>\nS\u00e3o Tiago &#8211; 23 a 26 de julho<br \/>\nSanta Cruz de Minas &#8211; 23 a 25 de julho<br \/>\nDivin\u00f3polis 24 de julho a 1\u00ba de agosto<br \/>\nConselheiro Lafaiete &#8211; 30 de julho a 1\u00ba de agosto<br \/>\nOuro Branco &#8211; 30 de julho a 2 de agosto.<\/p>\n<p>Mais informa\u00e7\u00f5es:\u00a0<a href=\"http:\/\/www.invernocultural.ufsj.edu.br\/\">www.invernocultural.ufsj.edu.br<\/a><\/p>\n<p><strong>&#8211; Festival de Inverno de Ponte Nova<\/strong><\/p>\n<p>O Festival de Inverno de Ponte Nova chega \u00e0 sua nona edi\u00e7\u00e3o. Com o tema \u201cEntre Faces: cultura e tradi\u00e7\u00e3o\u201d, o encontro acontece entre os dias 16 a 26 de julho. Shows, exposi\u00e7\u00f5es, oficinas, pe\u00e7as de teatro e dan\u00e7a e atividades para as crian\u00e7as integram a programa\u00e7\u00e3o do evento.<\/p>\n<p>Mais informa\u00e7\u00f5es:\u00a0<a href=\"http:\/\/pontenova.mg.gov.br\/blog\/2015\/07\/07\/daniela-mercury-sera-a-atracao-principal-do-9o-festival-de-inverno-de-ponte-nova\/\">www.pontenova.mg.gov.br<\/a><\/p>\n<p><strong>&#8211; Festival de Inverno de Caxambu<\/strong><\/p>\n<p>Em sua terceira edi\u00e7\u00e3o, oevento acontece entre os dias 3 e 26 de julho e traz diversas atra\u00e7\u00f5es, tais como o \u201cArrai\u00e1&#8221; de Caxambu, a Gunner Convention (Encontro de f\u00e3s da banda Guns &#8216;n&#8217; Roses), Festival de M\u00fasica do Centro Educacional Genny Gomes, Exposi\u00e7\u00e3o Nacional de Orqu\u00eddeas.<\/p>\n<p>Mais informa\u00e7\u00f5es:\u00a0<a href=\"http:\/\/www.caxambu.mg.gov.br\/\">www.caxambu.mg.gov.br<\/a><\/p>\n<p><strong>&#8211; Festival de Inverno de S\u00e3o Gon\u00e7alo do Ba\u00e7\u00e3o<\/strong><\/p>\n<p>Entre os dias 18 e 26 de julho, S\u00e3o Gon\u00e7alo do Ba\u00e7\u00e3o se transforma em palco para o Festival de Inverno. O Festival conta com oficinas nas \u00e1reas de m\u00fasica, artes c\u00eanicas, artesanato, artes pl\u00e1sticas, literatura, v\u00eddeo e culin\u00e1ria, al\u00e9m de apresenta\u00e7\u00f5es culturais e art\u00edsticas.<\/p>\n<p>Mais informa\u00e7\u00f5es:<a href=\"https:\/\/www.facebook.com\/festival.sao.goncalo.do.bacao\">www.facebook.com<\/a><\/p>\n<p><strong>&#8211; Festival de Inverno de Gr\u00e3o Mogol Circuito Lago de Irap\u00e9<\/strong><\/p>\n<p>Realizado pela Unimontes e pela Prefeitura de Gr\u00e3o Mogol, o Festival de Inverno Circuito de Irap\u00e9 acontece de 14 a 29 de julho. A programa\u00e7\u00e3o conta com muita m\u00fasica, dan\u00e7a, teatro, exposi\u00e7\u00f5es, dentre outras atividades culturais.<\/p>\n<p>Mais informa\u00e7\u00f5es:\u00a0<a href=\"http:\/\/www.unimontes.br\/\">www.unimontes.br<\/a><\/p>\n<p><strong>&#8211; Festival de Inverno de Santos Dumont<\/strong><\/p>\n<p>O munic\u00edpio de Santos Dumont realiza este ano seu primeiro Festival de Inverno. O evento, que acontece entre os dias 28 de julho e 2 de agosto, conta com pe\u00e7as teatrais, exposi\u00e7\u00f5es de artes visuais, oficinas, mostra de dan\u00e7a, cinema e literatura, workshops, feira gastron\u00f4mica e shows musicais.<\/p>\n<p>Veja a programa\u00e7\u00e3o completa em:\u00a0<a href=\"http:\/\/www.festivaldeinvernosd.com\/\">http:\/\/www.festivaldeinvernosd.com\/<\/a><\/p>\n<p><strong>&#8211; Festival de Inverno de Extrema<\/strong><\/p>\n<p>Em Extrema, o Festival acontece entre os dias 26 de junho e 16 de agosto. O encontro esquenta a esta\u00e7\u00e3o mais fria do ano com exposi\u00e7\u00e3o de artes pl\u00e1sticas, gravuras e fotografias, shows, festival gastron\u00f4mico, teatro e muito mais. Ainda durante o festival, ocorrer\u00e1 o 5\u00ba Festival de Dan\u00e7a, com apresenta\u00e7\u00e3o de companhias do Sul de Minas.<\/p>\n<p>Confira a programa\u00e7\u00e3o completa em:\u00a0<a href=\"http:\/\/extrema.mg.gov.br\/destaques-capa\/6o-festival-de-inverno-de-extrema\/\">www.extrema.mg.gov.br<\/a><\/p>\n<p><strong>&#8211; Festival de Inverno e Gastronomia de Itaguara<\/strong><\/p>\n<p>A Prefeitura de Itaguara realizar\u00e1, no per\u00edodo de 15 a 26 de julho, a edi\u00e7\u00e3o comemorativa desses 15 anos do evento, que \u00e9 considerado uma das manifesta\u00e7\u00f5es culturais mais relevantes da cidade.<\/p>\n<p>Apresentando como tema central a conex\u00e3o entre culturas, a programa\u00e7\u00e3o contar\u00e1 com oficinas, teatro, serestas, atividades especiais no Museu Sagarana \u2013 MUSA, feira gastron\u00f4mica e apresenta\u00e7\u00f5es musicais, com destaque para a atra\u00e7\u00e3o principal, Zeca Baleiro, \u00edcone da MPB e do Pop Rock nacional.<\/p>\n<p>Mais informa\u00e7\u00f5es:\u00a0<a href=\"http:\/\/www.itaguara.mg.gov.br\/\">www.itaguara.mg.gov.br<\/a><\/p>\n<p><strong>&#8211; Festival de Inverno de Cambu\u00ed<\/strong><\/p>\n<p>O evento acontece entre os dias 22 e 27 de julho e contar\u00e1 com apresenta\u00e7\u00f5es musicais de v\u00e1rios estilos (pop, rock, samba, MPB, grunge, rap). Al\u00e9m disso, o evento ter\u00e1 atra\u00e7\u00f5es musicais regionais e culturais.<\/p>\n<p>Mais informa\u00e7\u00f5es:\u00a0<a href=\"http:\/\/www.prefeituradecambui.mg.gov.br\/\">www.prefeituradecambui.mg.gov.br<\/a><\/p>\n","protected":false},"excerpt":{"rendered":"<p>Tradicionais em Minas Gerais, as festas misturam cultura, gastronomia e m\u00fasica. O inverno em Minas Gerais promete aquecer as f\u00e9rias. O estado conta com uma programa\u00e7\u00e3o cultural completa para quem procura unir arte, m\u00fasica e gastronomia. Para ficar por dentro dos principais eventos do estado, a\u00a0Secret\u00e1ria de Estado de Turismo (SETUR)\u00a0selecionou alguns dos principais festivais [&hellip;]<\/p>\n","protected":false},"author":1,"featured_media":63159,"comment_status":"open","ping_status":"closed","sticky":false,"template":"","format":"standard","meta":{"amp_status":"","footnotes":""},"categories":[125],"tags":[26332,196,958,51407,51406,51408,51422,51414,51420,51418,51417,51409,51411,51413,51419,51415,51421,1153,51412,6983,7363,51410,211,217,1530,51416,27305],"class_list":["post-63158","post","type-post","status-publish","format-standard","has-post-thumbnail","hentry","category-noticias","tag-cambui","tag-caxambu","tag-extrema","tag-festivais-de-inverno-em-minas-gerais","tag-festivais-de-inverno-esquentam-a-programacao-do-estado","tag-festivais-de-inverno-esquentam-as-ferias-em-minas-gerais","tag-festival-de-inverno-de-cambui","tag-festival-de-inverno-de-caxambu","tag-festival-de-inverno-de-extrema","tag-festival-de-inverno-de-grao-mogol","tag-festival-de-inverno-de-grao-mogol-circuito-lago-de-irape","tag-festival-de-inverno-de-monte-verde","tag-festival-de-inverno-de-ouro-preto-e-mariana","tag-festival-de-inverno-de-ponte-nova","tag-festival-de-inverno-de-santos-dumont","tag-festival-de-inverno-de-sao-goncalo-do-bacao","tag-festival-de-inverno-e-gastronomia-de-itaguara","tag-grao-mogol","tag-inverno-cultural-ufsj","tag-itaguara","tag-mariana","tag-monte-verde","tag-ouro-preto","tag-ponte-nova","tag-santos-dumont","tag-sao-goncalo-do-bacao","tag-ufsj"],"_links":{"self":[{"href":"https:\/\/aconteceunovale.com.br\/portal\/index.php?rest_route=\/wp\/v2\/posts\/63158","targetHints":{"allow":["GET"]}}],"collection":[{"href":"https:\/\/aconteceunovale.com.br\/portal\/index.php?rest_route=\/wp\/v2\/posts"}],"about":[{"href":"https:\/\/aconteceunovale.com.br\/portal\/index.php?rest_route=\/wp\/v2\/types\/post"}],"author":[{"embeddable":true,"href":"https:\/\/aconteceunovale.com.br\/portal\/index.php?rest_route=\/wp\/v2\/users\/1"}],"replies":[{"embeddable":true,"href":"https:\/\/aconteceunovale.com.br\/portal\/index.php?rest_route=%2Fwp%2Fv2%2Fcomments&post=63158"}],"version-history":[{"count":0,"href":"https:\/\/aconteceunovale.com.br\/portal\/index.php?rest_route=\/wp\/v2\/posts\/63158\/revisions"}],"wp:featuredmedia":[{"embeddable":true,"href":"https:\/\/aconteceunovale.com.br\/portal\/index.php?rest_route=\/wp\/v2\/media\/63159"}],"wp:attachment":[{"href":"https:\/\/aconteceunovale.com.br\/portal\/index.php?rest_route=%2Fwp%2Fv2%2Fmedia&parent=63158"}],"wp:term":[{"taxonomy":"category","embeddable":true,"href":"https:\/\/aconteceunovale.com.br\/portal\/index.php?rest_route=%2Fwp%2Fv2%2Fcategories&post=63158"},{"taxonomy":"post_tag","embeddable":true,"href":"https:\/\/aconteceunovale.com.br\/portal\/index.php?rest_route=%2Fwp%2Fv2%2Ftags&post=63158"}],"curies":[{"name":"wp","href":"https:\/\/api.w.org\/{rel}","templated":true}]}}