{"id":63149,"date":"2015-07-10T10:57:44","date_gmt":"2015-07-10T13:57:44","guid":{"rendered":"http:\/\/aconteceunovale.com.br\/portal\/?p=63149"},"modified":"2015-07-10T10:59:55","modified_gmt":"2015-07-10T13:59:55","slug":"dia-do-socorrista-e-comemorado-neste-sabado","status":"publish","type":"post","link":"https:\/\/aconteceunovale.com.br\/portal\/?p=63149","title":{"rendered":"Dia do Socorrista \u00e9 comemorado neste s\u00e1bado"},"content":{"rendered":"<h4><strong><em>Ao comemorar a data, o Samu Macro Norte anuncia que a recomposi\u00e7\u00e3o salarial e a melhoria das condi\u00e7\u00f5es de trabalho para a categoria s\u00e3o prioridade.<\/em><\/strong><\/h4>\n<p>Neste s\u00e1bado, 11 de julho, \u00e9 comemorado o Dia Nacional do Socorrista, profissional que atua no atendimento pr\u00e9-hospitalar de urg\u00eancia e emerg\u00eancia e, quando necess\u00e1rio, transporta o paciente com seguran\u00e7a e com acompanhamento profissional at\u00e9 a unidade de sa\u00fade mais adequada e no menor tempo poss\u00edvel.<\/p>\n<p>Somente no Servi\u00e7o de Atendimento M\u00f3vel de Urg\u00eancia do Norte de Minas (Samu Macro Norte), s\u00e3o 700 profissionais, entre t\u00e9cnicos em enfermagem, condutores-socorristas, m\u00e9dicos e enfermeiros, lotados na sede operativa, em Montes Claros, e nas 36 bases descentralizadas distribu\u00eddas pela regi\u00e3o, que integra 86 munic\u00edpios e assiste uma popula\u00e7\u00e3o de cerca de 1,6 milh\u00e3o de pessoas. Destes, 575 s\u00e3o efetivos e ainda esse ano ser\u00e1 publicado um novo edital para realiza\u00e7\u00e3o de concurso p\u00fablico para efetiva\u00e7\u00e3o das demais vagas. O Samu tamb\u00e9m conta com operadores de frota (radio-operadores) e equipe administrativa.<\/p>\n<p>O coordenador m\u00e9dico do Samu Macro Norte, \u00canius Freire Versiani, explica que o trabalho do socorrista, al\u00e9m de t\u00e9cnica e conhecimento, tamb\u00e9m requer perfil e voca\u00e7\u00e3o. \u201cEsse perfil e voca\u00e7\u00e3o s\u00e3o necess\u00e1rios, devido \u00e0 especificidade do trabalho, pois o socorrista atua em situa\u00e7\u00f5es cr\u00edticas e extremas, quando sua a\u00e7\u00e3o profissional faz diferen\u00e7a entre a vida e a morte, e tamb\u00e9m contribui para a redu\u00e7\u00e3o das sequelas. \u00c9 um trabalho intenso, desafiador, de muita adrenalina\u201d, ressalta.<\/p>\n<p><img decoding=\"async\" src=\"http:\/\/aconteceunovale.com.br\/portal\/wp-content\/uploads\/2015\/07\/dia_do_socorrista_4.jpg\" alt=\"\" \/><em>Dia do Socorrista \u00e9 comemorado neste s\u00e1bado &#8211; Foto: Jer\u00fasia Arruda\/Samu<\/em><br \/>\n<\/br><\/p>\n<p><strong>SAMU MACRO NORTE<\/strong><\/p>\n<p>O Servi\u00e7o de Atendimento M\u00f3vel de Urg\u00eancia do Norte de Minas foi instalado em 2006 para atender \u00e0 popula\u00e7\u00e3o de Montes Claros e, a partir da implanta\u00e7\u00e3o da Rede de Urg\u00eancia e Emerg\u00eancia pela Secretaria de Sa\u00fade de Minas Gerais, em dezembro de 2008, incorporou nova estrutura e foi estendido a 86 munic\u00edpios norte mineiros, assistindo uma popula\u00e7\u00e3o de quase dois milh\u00f5es de pessoas. O servi\u00e7o foi o primeiro a ser regionalizado em Minas Gerais e serviu de projeto piloto para as demais regi\u00f5es do Estado.<\/p>\n<p>Mantido de forma compartilhada pela Uni\u00e3o, Estado e munic\u00edpios, o Samu Macro Norte \u00e9 gerenciado pelo Cons\u00f3rcio Intermunicipal da Rede de Urg\u00eancia do Norte de Minas (Cisrun), que \u00e9 respons\u00e1vel por dar suporte infraestrutural \u00e0s 36 bases descentralizadas e \u00e0 sede operativa, em Montes Claros, onde fica a central de regula\u00e7\u00e3o.<\/p>\n<p>O presidente do Cisrun e prefeito de Salinas, Joaquim Neres Xavier Dias, diz vem trabalhando com muita seriedade para garantir a remunera\u00e7\u00e3o digna e justa a todos os profissionais que atuam no servi\u00e7o. \u201cO momento ora vivenciado no Pa\u00eds \u00e9 critico e o Samu tem se desdobrado para manter com efetividade o servi\u00e7o prestado em toda regi\u00e3o. Tamb\u00e9m estamos buscando solu\u00e7\u00f5es para garantir melhores condi\u00e7\u00f5es de trabalho para os funcion\u00e1rios, de forma transparente, digna e com respeito \u00e0 importante fun\u00e7\u00e3o que cada profissional desempenha nesse servi\u00e7o, cujo objetivo maior \u00e9 salvar vidas\u201d, ressalta.<\/p>\n<p>O presidente explica que a prioridade de sua gest\u00e3o, iniciada h\u00e1 quatro meses, \u00e9 a quest\u00e3o salarial aliada \u00e0s condi\u00e7\u00f5es de trabalho, de forma a garantir a recomposi\u00e7\u00e3o das perdas inflacion\u00e1rias sofridas ao longo dos anos, desde a implanta\u00e7\u00e3o do Samu na regi\u00e3o. \u201cSabemos que h\u00e1 muito que melhorar, mas j\u00e1 registramos um grande avan\u00e7o. Em 2013, por exemplo, foi dada posse a 575 servidores, aprovados em concurso p\u00fablico, j\u00e1 com uma remunera\u00e7\u00e3o superior \u00e0 prevista no edital. A categoria de enfermagem, por exemplo, al\u00e9m de receber remunera\u00e7\u00e3o maior que a prevista, teve a carga hor\u00e1ria de trabalho reduzida de 40 para 30 horas mensais, sem redu\u00e7\u00e3o do sal\u00e1rio\u201d, pondera.<\/p>\n<p>De acordo com o presidente, no \u00faltimo m\u00eas de junho tamb\u00e9m houve um aumento de 10% para todas as categorias, enquanto que nas outras regi\u00f5es o reajuste n\u00e3o chegou a 7%, e a expectativa \u00e9 que haja mais um reajuste ainda este ano. \u201cDependemos do repasse de recursos por parte dos governos estadual e federal para efetivar o aumento, de forma a n\u00e3o comprometer o funcionamento do servi\u00e7o\u201d, lembra.<\/p>\n<p>Joaquim Dias pontua que mesmo diante das dificuldades, o Cisrun tem mantido o pagamento dos sal\u00e1rios no m\u00eas, impreterivelmente, e garantido a manuten\u00e7\u00e3o de benef\u00edcios como cart\u00e3o alimenta\u00e7\u00e3o, plano de sa\u00fade, seguro de vida, aux\u00edlio transporte, e a troca peri\u00f3dica de uniforme, sem custo para o funcion\u00e1rio. \u201cA concess\u00e3o de um dia de folga ao servidor que estiver escalado de plant\u00e3o no dia de seu anivers\u00e1rio e a op\u00e7\u00e3o pela antecipa\u00e7\u00e3o de metade do d\u00e9cimo terceiro sal\u00e1rio junto com o pagamento das f\u00e9rias tamb\u00e9m s\u00e3o uma forma de humanizar e acolher o funcion\u00e1rio, cuja rotina de trabalho \u00e9 desgastante, dada a natureza do servi\u00e7o\u201d, avalia o prefeito.<\/p>\n<p>O presidente tamb\u00e9m anuncia a amplia\u00e7\u00e3o das unidades de atendimento do SAMU Macro Norte, com sete novas ambul\u00e2ncias que, depois de efetivado, vai minimizar a sobrecarga de trabalho para os socorristas. Tamb\u00e9m est\u00e1 sendo providenciada a transfer\u00eancia da sede administrativa do Cisrun para um pr\u00e9dio p\u00fablico, ao lado da sede operativa do Samu, o que, segundo o presidente, al\u00e9m reduzir despesas com aluguel, vai facilitar a sinergia entre as equipes operacional e administrativa. \u201cNossa meta \u00e9 continuar sendo um servi\u00e7o de refer\u00eancia n\u00e3o s\u00f3 para regi\u00e3o, mas para todo o pa\u00eds, e para isso \u00e9 preciso priorizar os recursos humanos, patrim\u00f4nio maior da institui\u00e7\u00e3o\u201d, destaca.<\/p>\n<p><img decoding=\"async\" src=\"http:\/\/aconteceunovale.com.br\/portal\/wp-content\/uploads\/2015\/07\/dia_do_socorrista_2.jpg\" alt=\"\" \/><em>Dia do Socorrista \u00e9 comemorado neste s\u00e1bado &#8211; Foto: Jer\u00fasia Arruda\/Samu<\/em><br \/>\n<\/br><\/p>\n<p><strong>ATENDIMENTO<\/strong><\/p>\n<p>Funcionando 24 por dia, sete dias por semana, o SAMU Macro Norte disp\u00f5e de acionamento f\u00e1cil e gratuito pelo n\u00famero nacional de urg\u00eancias m\u00e9dicas, o 192. No primeiro ano de operacionaliza\u00e7\u00e3o, o Samu recebia uma m\u00e9dia di\u00e1ria de 300 chamados. Seis anos depois, a m\u00e9dia \u00e9 de 1.700 chamados di\u00e1rios. Somente em 2013 foram 301.824 chamados, uma m\u00e9dia de 25 mil chamados\/m\u00eas. Em 2014, o Samu recebeu 539.216 chamados, uma m\u00e9dia mensal de 45 mil chamados. J\u00e1 em 2015, at\u00e9 o m\u00eas de junho, foram registrados 313.975 chamados, uma m\u00e9dia de 53 mil chamados\/m\u00eas, o que representa um crescimento de 44% de 2013 para 2014, e 14% de 2014 para 2015.<\/p>\n<p>Cerca de 18% desses chamados s\u00e3o liga\u00e7\u00f5es de brincadeira, o que compromete seriamente o atendimento a quem realmente precisa do servi\u00e7o. \u201cPor outro lado, 10% dos chamados atendidos s\u00e3o resolvidos por orienta\u00e7\u00e3o da regula\u00e7\u00e3o m\u00e9dica, sem necessidade de envio de unidade ao local, e 16%% dos atendimentos realizados s\u00e3o resolvidos pela unidade no local, sem que o paciente necessite ser encaminhado a uma unidade de sa\u00fade, impactando positivamente em toda a rede e proporcionando mais qualidade de vida para os usu\u00e1rios do SUS\u201d, explica o presidente. <\/p>\n<p>Joaquim Dias observa que, somente no primeiro ano de operacionaliza\u00e7\u00e3o do Samu Macro Norte, foi registrada uma redu\u00e7\u00e3o de cerca de mil mortes por causas evit\u00e1veis, al\u00e9m de contribuir sensivelmente para a redu\u00e7\u00e3o do n\u00famero de \u00f3bitos, tempo de interna\u00e7\u00e3o hospitalar e sequelas decorrentes da falta de um socorro em tempo h\u00e1bil. \u201cA regi\u00e3o apresenta alguns elementos dificultadores, como as condi\u00e7\u00f5es geogr\u00e1ficas, a baixa densidade populacional e a dist\u00e2ncia entre os munic\u00edpios. Desde a implanta\u00e7\u00e3o do Samu Macro Norte, a sa\u00fade da regi\u00e3o avan\u00e7ou de forma incontest\u00e1vel e por mais que ainda existam dificuldades, n\u00e3o d\u00e1 para imaginar a regi\u00e3o sem a assist\u00eancia do Samu\u201d, conclui. (Jer\u00fasia Arruda)<\/p>\n<p><img decoding=\"async\" src=\"http:\/\/aconteceunovale.com.br\/portal\/wp-content\/uploads\/2015\/07\/dia_do_socorrista_3.jpg\" alt=\"\" \/><em>Dia do Socorrista \u00e9 comemorado neste s\u00e1bado &#8211; Foto: Jer\u00fasia Arruda\/Samu<\/em><br \/>\n<\/br><\/p>\n<p><img decoding=\"async\" src=\"http:\/\/aconteceunovale.com.br\/portal\/wp-content\/uploads\/2015\/07\/dia_do_socorrista_1.jpg\" alt=\"\" \/><em>Dia do Socorrista \u00e9 comemorado neste s\u00e1bado &#8211; Foto: Jer\u00fasia Arruda\/Samu<\/em><br \/>\n<\/br><\/p>\n<p><img decoding=\"async\" src=\"http:\/\/aconteceunovale.com.br\/portal\/wp-content\/uploads\/2015\/07\/dia_do_socorrista_5.jpg\" alt=\"\" \/><em>Dia do Socorrista \u00e9 comemorado neste s\u00e1bado &#8211; Foto: Jer\u00fasia Arruda\/Samu<\/em><\/p>\n","protected":false},"excerpt":{"rendered":"<p>Ao comemorar a data, o Samu Macro Norte anuncia que a recomposi\u00e7\u00e3o salarial e a melhoria das condi\u00e7\u00f5es de trabalho para a categoria s\u00e3o prioridade. Neste s\u00e1bado, 11 de julho, \u00e9 comemorado o Dia Nacional do Socorrista, profissional que atua no atendimento pr\u00e9-hospitalar de urg\u00eancia e emerg\u00eancia e, quando necess\u00e1rio, transporta o paciente com seguran\u00e7a [&hellip;]<\/p>\n","protected":false},"author":1,"featured_media":63153,"comment_status":"open","ping_status":"closed","sticky":false,"template":"","format":"standard","meta":{"amp_status":"","footnotes":""},"categories":[1236],"tags":[22050,51405,1018,51403,51402,51404,25414,210,4040,20717],"class_list":["post-63149","post","type-post","status-publish","format-standard","has-post-thumbnail","hentry","category-norte_de_minas","tag-cisrun","tag-coordenador-medico-do-samu-macro-norte","tag-destaque","tag-dia-do-socorrista","tag-dia-do-socorrista-e-comemorado-neste-sabado","tag-dia-nacional-do-socorrista","tag-enius-freire-versiani","tag-montes-claros","tag-samu-macro-norte","tag-servico-de-atendimento-movel-de-urgencia-do-norte-de-minas"],"_links":{"self":[{"href":"https:\/\/aconteceunovale.com.br\/portal\/index.php?rest_route=\/wp\/v2\/posts\/63149","targetHints":{"allow":["GET"]}}],"collection":[{"href":"https:\/\/aconteceunovale.com.br\/portal\/index.php?rest_route=\/wp\/v2\/posts"}],"about":[{"href":"https:\/\/aconteceunovale.com.br\/portal\/index.php?rest_route=\/wp\/v2\/types\/post"}],"author":[{"embeddable":true,"href":"https:\/\/aconteceunovale.com.br\/portal\/index.php?rest_route=\/wp\/v2\/users\/1"}],"replies":[{"embeddable":true,"href":"https:\/\/aconteceunovale.com.br\/portal\/index.php?rest_route=%2Fwp%2Fv2%2Fcomments&post=63149"}],"version-history":[{"count":0,"href":"https:\/\/aconteceunovale.com.br\/portal\/index.php?rest_route=\/wp\/v2\/posts\/63149\/revisions"}],"wp:featuredmedia":[{"embeddable":true,"href":"https:\/\/aconteceunovale.com.br\/portal\/index.php?rest_route=\/wp\/v2\/media\/63153"}],"wp:attachment":[{"href":"https:\/\/aconteceunovale.com.br\/portal\/index.php?rest_route=%2Fwp%2Fv2%2Fmedia&parent=63149"}],"wp:term":[{"taxonomy":"category","embeddable":true,"href":"https:\/\/aconteceunovale.com.br\/portal\/index.php?rest_route=%2Fwp%2Fv2%2Fcategories&post=63149"},{"taxonomy":"post_tag","embeddable":true,"href":"https:\/\/aconteceunovale.com.br\/portal\/index.php?rest_route=%2Fwp%2Fv2%2Ftags&post=63149"}],"curies":[{"name":"wp","href":"https:\/\/api.w.org\/{rel}","templated":true}]}}