{"id":62610,"date":"2015-07-02T10:27:05","date_gmt":"2015-07-02T13:27:05","guid":{"rendered":"http:\/\/aconteceunovale.com.br\/portal\/?p=62610"},"modified":"2015-07-02T10:33:56","modified_gmt":"2015-07-02T13:33:56","slug":"nova-proposta-de-reducao-da-maioridade-penal-e-aprovada-na-camara","status":"publish","type":"post","link":"https:\/\/aconteceunovale.com.br\/portal\/?p=62610","title":{"rendered":"Nova proposta de redu\u00e7\u00e3o da maioridade penal \u00e9 aprovada na C\u00e2mara"},"content":{"rendered":"<h4><strong><em>Proposta aprovada prop\u00f5e a redu\u00e7\u00e3o da maioridade, de 18 para 16 anos, nos casos de crimes hediondos, homic\u00eddio doloso e les\u00e3o corporal seguida de morte. Mudan\u00e7a no texto fez 20 parlamentares aderirem \u00e0 proposta, de um dia para o outro.<\/em><\/strong><\/h4>\n<p>Sob o comando do presidente da Casa, Eduardo Cunha (PMDB-RJ), em menos de 24 horas a C\u00e2mara dos Deputados derrubou a rejei\u00e7\u00e3o \u00e0 redu\u00e7\u00e3o da maioridade penal e aprovou, em primeiro turno, por 323 votos a 155 e 2 absten\u00e7\u00f5es, no come\u00e7o da madrugada de hoje (2) uma emenda substitutiva, praticamente id\u00eantica ao texto derrubado ontem (1\u00ba), e que reduz a maioridade penal de 18 para 16 anos para crimes hediondos, homic\u00eddio doloso e les\u00e3o corporal seguida de morte.<\/p>\n<p>Contrariamente ao que ocorreu na sess\u00e3o de ter\u00e7a-feira (30), quando o substitutivo do deputado Laerte Bessa (PR-DF) foi derrotado por 5 votos (eram necess\u00e1rios 308 votos para a aprova\u00e7\u00e3o, mas a proposta recebeu 303 favor\u00e1veis), as galerias estavam vazias. Estudantes e integrantes de movimentos sociais tentaram chegar ao local, mas foram impedidos pela seguran\u00e7a da Casa. O PT, PCdoB, PDT, PSB, PPS, PV, PROS se colocaram contr\u00e1rios \u00e0 aprova\u00e7\u00e3o. O PSOL entrou em obstru\u00e7\u00e3o.<\/p>\n<p>A emenda aprovada prop\u00f5e a redu\u00e7\u00e3o da maioridade penal, de 18 para 16 anos, nos casos de crimes hediondos (estupro, sequestro, latroc\u00ednio, homic\u00eddio qualificado e outros), homic\u00eddio doloso e les\u00e3o corporal seguida de morte. O texto tamb\u00e9m prev\u00ea a constru\u00e7\u00e3o de estabelecimentos espec\u00edficos para que os adolescentes cumpram a pena.<\/p>\n<p>Contr\u00e1rio \u00e0 redu\u00e7\u00e3o, o peemedebista Darc\u00edsio Perondi (PMDB-RS) criticou o argumento usado para aprovar a emenda, de que a redu\u00e7\u00e3o n\u00e3o valeria para os crimes de tr\u00e1fico de drogas. &#8220;N\u00e3o \u00e9 verdade que adolescentes n\u00e3o ter\u00e3o sua maioridade reduzida. A emenda mant\u00e9m o entendimento de que adolescentes possam ter a idade reduzida por envolvimento com drogas, defendeu, Perondi. &#8220;A sa\u00edda \u00e9 o Estatuto da Crian\u00e7a e do Adolescente. N\u00e3o adianta vender carne de picanha e oferecer carne de terceira\u201d, acrescentou.<\/p>\n<p>A mesma argumenta\u00e7\u00e3o foi usada pelo l\u00edder do PT, Jos\u00e9 Guimar\u00e3es (CE). Segundo ele, o jovem entre 16 e 17 anos acusado de tr\u00e1fico de drogas poder\u00e1 ser julgado como adulto mesmo depois da altera\u00e7\u00e3o da emenda que reduz a maioridade para 16 anos em crimes hediondos, homic\u00eddio doloso e les\u00e3o corporal seguida de morta. \u201cEsse \u00e9 o problema da emenda, diz uma coisa e resulta em outra.\u201d<\/p>\n<p>Liderados pelo PMDB, mesmo partido de Cunha, PSDB, DEM, PSD, PR, PTB, PRB e PP votaram pela redu\u00e7\u00e3o. O deputado Beto Mansur (PRB-SP) defendeu a proposta. Ele disse que a mudan\u00e7a da maioridade penal n\u00e3o anula esfor\u00e7os para melhorar a educa\u00e7\u00e3o de crian\u00e7as e adolescentes. \u201cPrecismos colocar na cadeia aquele que mata, estupra, tira a vida das pessoas.\u201d<\/p>\n<p>O l\u00edder do PMDB, deputado Leonardo Picciani (RJ), afirmou que respeita as posi\u00e7\u00f5es divergentes do partido, mas vai defender que jovens entre 16 e 17 anos que cometem crimes hediondos sejam julgados e condenados como adultos. \u201cO PMDB vai reafirmar a sua posi\u00e7\u00e3o. A proposta \u00e9 equilibrada, ela \u00e9 restrita e \u00e9 a resposta que a sociedade anseia n\u00e3o por capricho, mas porque n\u00e3o aguenta mais a impunidade.\u201d<\/p>\n<p>Durante a sess\u00e3o, os deputados criticaram a atua\u00e7\u00e3o de Cunha a quem acusaram de ter manobrado o regimento e colocado novamente em vota\u00e7\u00e3o uma mat\u00e9ria vencida, o que \u00e9 proibido pela Constitui\u00e7\u00e3o de 1988. Eles defendiam que, com a rejei\u00e7\u00e3o do substitutivo, o texto original da PEC (que reduzia a maioridade para todos os crimes) deveria ser colocado em vota\u00e7\u00e3o. Por n\u00e3o ter apoio da maioria, a tend\u00eancia era que a proposta tamb\u00e9m fosse derrubada. Entretanto, Cunha, que \u00e9 defensor da redu\u00e7\u00e3o, aceitou apresenta\u00e7\u00e3o de diversas emendas aglutinativas muito semelhantes ao texto derrotado ontem, sem chegar a votar o texto principal. <\/p>\n<p>&#8220;A gente pode fazer uma grande disputa de natureza pol\u00edtica, a gente pode discordar, mas uma coisa sempre foi sagrada: o resultado \u00e9 v\u00e1lido. Mas com o que est\u00e1 se passando, passamos a avaliar que o nosso voto n\u00e3o vale e a vota\u00e7\u00e3o de hoje \u00e9 o simbolo disso&#8221;, criticou o deputado Glauber Braga (PSB-RJ). \u201cN\u00e3o \u00e9 aceit\u00e1vel para ningu\u00e9m que quem tomou uma derrota na madrugada, de manh\u00e3 fa\u00e7a uma reposi\u00e7\u00e3o; acerte com alguns l\u00edderes para tentar garantir uma vit\u00f3ria que n\u00e3o existiu h\u00e1 pouqu\u00edssimas horas\u201d, disse a l\u00edder do PCdoB, Jandira Feghali (RJ).<\/p>\n<p>O texto agora ser\u00e1 votado em segundo turno na C\u00e2mara e caso seja aprovado seguir\u00e1 para o Senado. &#8220;Tenho que cumprir o regimento e ele diz que temos que esperar cinco sess\u00f5es. antes de cinco sess\u00f5es n\u00e3o vir\u00e1. Talvez n\u00e3o venha neste semestre e fique para o segundo, o que n\u00e3o importa&#8221;, disse Cunha. <\/p>\n<p><strong>Veja como votou cada deputado:<\/strong><\/p>\n<p>*Deputados que alteraram votos de uma sess\u00e3o para a outra, ou partidos que tiveram um n\u00famero diferente de deputados votando.<\/p>\n<p>DEM<\/p>\n<p>Alberto Fraga (DF) Sim<br \/>\nAlexandre Leite (SP) Sim<br \/>\n<strong>Carlos Melles (MG) Sim<\/strong><br \/>\nClaudio Cajado (BA) Sim<br \/>\nEfraim Filho (PB) Sim<br \/>\nEli Corr\u00eaa Filho (SP) Sim<br \/>\nElmar Nascimento (BA) Sim<br \/>\nFelipe Maia (RN) Sim<br \/>\nH\u00e9lio Leite (PA) Sim<br \/>\nJorge Tadeu Mudalen (SP) Sim<br \/>\nJos\u00e9 Carlos Aleluia (BA) Sim<br \/>\nMandetta (MS) N\u00e3o<br \/>\nMarcelo Aguiar (SP) Sim<br \/>\nMendon\u00e7a Filho (PE) Sim<br \/>\n<strong>Misael Varella (MG) Sim<\/strong><br \/>\nMoroni Torgan (CE) Sim<br \/>\nOnyx Lorenzoni (RS) Sim<br \/>\nPauderney Avelino (AM) Sim<br \/>\nPaulo Azi (BA) Sim<br \/>\nProfessora Dorinha Seabra Rezende (TO) N\u00e3o<br \/>\nRodrigo Maia (RJ) Sim<\/p>\n<p>PCdoB<\/p>\n<p>Alice Portugal (BA) N\u00e3o<br \/>\nAliel Machado (PR) N\u00e3o<br \/>\nCarlos Eduardo Cadoca (PE) N\u00e3o<br \/>\nChico Lopes (CE) N\u00e3o<br \/>\nDaniel Almeida (BA) N\u00e3o<br \/>\nDavidson Magalh\u00e3es (BA) N\u00e3o<br \/>\nJandira Feghali (RJ) N\u00e3o<br \/>\n<strong>J\u00f4 Moraes (MG) N\u00e3o<\/strong><br \/>\nJo\u00e3o Derly (RS) N\u00e3o<br \/>\nLuciana Santos (PE) N\u00e3o<br \/>\nOrlando Silva (SP) N\u00e3o<br \/>\nRubens Pereira J\u00fanior (MA) N\u00e3o<br \/>\n<strong>Wadson Ribeiro (MG) N\u00e3o<\/strong><\/p>\n<p>PDT<\/p>\n<p>Abel Mesquita Jr. (RR) Sim*<br \/>\nAfonso Motta (RS) N\u00e3o<br \/>\nAndr\u00e9 Figueiredo (CE) N\u00e3o<br \/>\nDagoberto (MS) N\u00e3o<br \/>\nDami\u00e3o Feliciano (PB) N\u00e3o<br \/>\nF\u00e9lix Mendon\u00e7a J\u00fanior (BA) N\u00e3o<br \/>\nFl\u00e1via Morais (GO) N\u00e3o<br \/>\nGiovani Cherini (RS) N\u00e3o<br \/>\nMajor Olimpio (SP) Sim<br \/>\nMarcelo Matos (RJ) Sim*<br \/>\nMarcos Rog\u00e9rio (RO) Sim<br \/>\n<strong>M\u00e1rio Heringer (MG) N\u00e3o<\/strong><br \/>\nPompeo de Mattos (RS) N\u00e3o<br \/>\nRoberto G\u00f3es (AP) N\u00e3o<br \/>\nRonaldo Lessa (AL) N\u00e3o<br \/>\nSergio Vidigal (ES) N\u00e3o<br \/>\n<strong>Subtenente Gonzaga (MG) Sim*<\/strong><br \/>\nWeverton Rocha (MA) N\u00e3o<br \/>\nWolney Queiroz (PE) N\u00e3o<\/p>\n<p>PEN<\/p>\n<p>Andr\u00e9 Fufuca (MA) Sim<br \/>\nJunior Marreca (MA) Sim<\/p>\n<p>PHS<\/p>\n<p>Adail Carneiro (CE) N\u00e3o<br \/>\nCarlos Andrade (RR) Sim<br \/>\nDiego Garcia (PR) N\u00e3o<br \/>\nKaio Mani\u00e7oba (PE) Sim*<br \/>\n<strong>Marcelo Aro (MG) Sim<\/strong><\/p>\n<p>PMDB<\/p>\n<p>Alberto Filho (MA) Sim<br \/>\nAlceu Moreira (RS) Sim<br \/>\nAn\u00edbal Gomes (CE) Sim<br \/>\nBaleia Rossi (SP) Sim<br \/>\nCabu\u00e7u Borges (AP) Sim<br \/>\nCarlos Bezerra (MT) N\u00e3o<br \/>\nCarlos Henrique Gaguim (TO) Sim<br \/>\nCarlos Marun (MS) Sim<br \/>\nCelso Jacob (RJ) Sim<br \/>\nCelso Maldaner (SC) Sim*<br \/>\nCelso Pansera (RJ) N\u00e3o<br \/>\nDaniel Vilela (GO) Sim<br \/>\nDanilo Forte (CE) Sim<br \/>\nDarc\u00edsio Perondi (RS) N\u00e3o<br \/>\nDulce Miranda (TO) Sim*<br \/>\nEdinho Bez (SC) Sim<br \/>\nEdio Lopes (RR) Sim<br \/>\nEduardo Cunha (RJ) Art. 17<br \/>\nElcione Barbalho (PA) N\u00e3o<br \/>\nFabio Reis (SE) Sim<br \/>\nFernando Jord\u00e3o (RJ) Sim<br \/>\nFlaviano Melo (AC) Sim<br \/>\nGeraldo Resende (MS) Sim<br \/>\nHermes Parcianello (PR) Sim<br \/>\nHildo Rocha (MA) Sim<br \/>\nHugo Motta (PB) Sim<br \/>\nJarbas Vasconcelos (PE) N\u00e3o<br \/>\nJ\u00e9ssica Sales (AC) Sim<br \/>\nJo\u00e3o Arruda (PR) N\u00e3o<br \/>\nJo\u00e3o Marcelo Souza (MA) N\u00e3o<br \/>\nJos\u00e9 Foga\u00e7a (RS) N\u00e3o<br \/>\nJosi Nunes (TO) N\u00e3o<br \/>\n<strong>Laudivio Carvalho (MG) Sim<\/strong><br \/>\nLelo Coimbra (ES) N\u00e3o<br \/>\nLeonardo Picciani (RJ) Sim<br \/>\n<strong>Leonardo Quint\u00e3o (MG) Sim<\/strong><br \/>\nLindomar Gar\u00e7on (RO) Sim*<br \/>\nLucio Mosquini (RO) Sim<br \/>\nLucio Vieira Lima (BA) Sim<br \/>\nManoel Junior (PB) Sim<br \/>\nMarcelo Castro (PI) Absten\u00e7\u00e3o*<br \/>\nMarcos Rotta (AM) Sim<br \/>\nMarinha Raupp (RO) N\u00e3o<br \/>\nMarquinho Mendes (RJ) Sim<br \/>\nMarx Beltr\u00e3o (AL) Sim<br \/>\n<strong>Mauro Lopes (MG) Sim<\/strong><br \/>\nMauro Mariani (SC) Sim<br \/>\nMauro Pereira (RS) Sim<br \/>\nOsmar Serraglio (PR) Sim<br \/>\nOsmar Terra (RS) N\u00e3o<br \/>\nPedro Chaves (GO) Sim<br \/>\nRog\u00e9rio Peninha Mendon\u00e7a (SC) Sim<br \/>\nRonaldo Benedet (SC) Sim<br \/>\nRoney Nemer (DF) Sim<br \/>\n<strong>Saraiva Felipe (MG) N\u00e3o<\/strong><br \/>\nSergio Souza (PR) Sim<br \/>\n<strong>Silas Brasileiro (MG) Sim<\/strong><br \/>\nSimone Morgado (PA) N\u00e3o<br \/>\nSoraya Santos (RJ) Sim<br \/>\nValdir Colatto (SC) Sim<br \/>\nVeneziano Vital do R\u00eago (PB) Sim<br \/>\nVitor Valim (CE) Sim<br \/>\nWalter Alves (RN) Sim<br \/>\nWashington Reis (RJ) N\u00e3o<\/p>\n<p>PMN<\/p>\n<p>Ant\u00f4nio J\u00e1come (RN) Sim<br \/>\n<strong>D\u00e2mina Pereira (MG) Sim<\/strong><br \/>\nHiran Gon\u00e7alves (RR) Sim<\/p>\n<p>PP<\/p>\n<p>Afonso Hamm (RS) Sim<br \/>\nArthur Lira (AL) Sim<br \/>\nBeto Rosado (RN) Sim<br \/>\nCac\u00e1 Le\u00e3o (BA) Sim<br \/>\nConcei\u00e7\u00e3o Sampaio (AM) N\u00e3o<br \/>\nCovatti Filho (RS) Sim<br \/>\nDilceu Sperafico (PR) Sim<br \/>\n<strong>Dimas Fabiano (MG) Sim<\/strong><br \/>\nEduardo da Fonte (PE) Sim<br \/>\nEsperidi\u00e3o Amin (SC) Sim<br \/>\nEzequiel Fonseca (MT) Sim<br \/>\nFernando Monteiro (PE) Sim<br \/>\nGuilherme Mussi (SP) Sim<br \/>\nIracema Portella (PI) Sim*<br \/>\nJair Bolsonaro (RJ) Sim<br \/>\nJer\u00f4nimo Goergen (RS) Sim<br \/>\nJorge Boeira (SC) Sim<br \/>\nJos\u00e9 Ot\u00e1vio Germano (RS) Sim<br \/>\nJulio Lopes (RJ) Sim<br \/>\nL\u00e1zaro Botelho (TO) Sim<br \/>\nLuis Carlos Heinze (RS) Sim<br \/>\n<strong>Luiz Fernando Faria (MG) Sim<\/strong><br \/>\nMarcelo Belinati (PR) Sim<br \/>\nMarcus Vicente (ES) Sim<br \/>\nM\u00e1rio Negromonte Jr. (BA) Sim<br \/>\nMission\u00e1rio Jos\u00e9 Olimpio (SP) Sim<br \/>\nNelson Meurer (PR) Sim<br \/>\n<strong>Odelmo Le\u00e3o (MG) Sim<\/strong><br \/>\nPaulo Maluf (SP) Sim<br \/>\nRenato Molling (RS) Sim<br \/>\n<strong>Renzo Braz (MG) Sim<\/strong><br \/>\nRicardo Barros (PR) N\u00e3o<br \/>\nRoberto Balestra (GO) Sim<br \/>\nRoberto Britto (BA) Sim<br \/>\nRonaldo Carletto (BA) Sim<br \/>\nSandes J\u00fanior (GO) Sim<br \/>\nSim\u00e3o Sessim (RJ) Sim<br \/>\n<strong>Toninho Pinheiro (MG) Sim<\/strong><br \/>\nWaldir Maranh\u00e3o (MA) Sim*<\/p>\n<p>PPS<\/p>\n<p>Alex Manente (SP) Sim<br \/>\nArnaldo Jordy (PA) N\u00e3o<br \/>\nCarmen Zanotto (SC) N\u00e3o<br \/>\nEliziane Gama (MA) N\u00e3o<br \/>\nHissa Abrah\u00e3o (AM) N\u00e3o<br \/>\nMarcos Abr\u00e3o (GO) Sim*<br \/>\nMoses Rodrigues (CE) Sim<br \/>\nRaul Jungmann (PE) N\u00e3o<br \/>\nRoberto Freire (SP) N\u00e3o<br \/>\nRubens Bueno (PR) N\u00e3o<br \/>\nSandro Alex (PR) Sim<\/p>\n<p>PR<\/p>\n<p><strong>Aelton Freitas (MG) Sim<\/strong><br \/>\nAltineu C\u00f4rtes (RJ) Sim<br \/>\nAnderson Ferreira (PE) Sim<br \/>\n<strong>Bilac Pinto (MG) Sim<\/strong><br \/>\nCabo Sabino (CE) Sim<br \/>\nCapit\u00e3o Augusto (SP) Sim<br \/>\nClarissa Garotinho (RJ) N\u00e3o<br \/>\nDr. Jo\u00e3o (RJ) Sim<br \/>\nGiacobo (PR) Sim<br \/>\nGorete Pereira (CE) Sim<br \/>\nJorginho Mello (SC) Sim<br \/>\nJos\u00e9 Rocha (BA) Sim<br \/>\nLaerte Bessa (DF) Sim<br \/>\n<strong>Lincoln Portela (MG) Sim<\/strong><br \/>\nL\u00facio Vale (PA) Sim<br \/>\nLuiz Cl\u00e1udio (RO) Sim<br \/>\nLuiz Nishimori (PR) Sim<br \/>\nMagda Mofatto (GO) Sim<br \/>\nMarcio Alvino (SP) Sim<br \/>\nMarcos Soares (RJ) Sim<br \/>\nMaur\u00edcio Quintella Lessa (AL) Sim<br \/>\nMiguel Lombardi (SP) Sim<br \/>\nMilton Monti (SP) Sim<br \/>\nPaulo Feij\u00f3 (RJ) Sim<br \/>\nPaulo Freire (SP) Sim<br \/>\nRem\u00eddio Monai (RR) Sim<br \/>\nSilas Freire (PI) Sim<br \/>\nTiririca (SP) Sim<br \/>\nVinicius Gurgel (AP) Sim<br \/>\nZenaide Maia (RN) N\u00e3o<\/p>\n<p>PRB<\/p>\n<p>Alan Rick (AC) Sim<br \/>\nAndr\u00e9 Abdon (AP) Sim<br \/>\nAntonio Bulh\u00f5es (SP) Sim<br \/>\nBeto Mansur (SP) Sim<br \/>\nCarlos Gomes (RS) Sim<br \/>\nCelso Russomanno (SP) Sim<br \/>\nC\u00e9sar Halum (TO) Sim<br \/>\nCleber Verde (MA) Sim<br \/>\nFausto Pinato (SP) Sim<br \/>\nJhonatan de Jesus (RR) Sim<br \/>\nJony Marcos (SE) Sim<br \/>\nMarcelo Squassoni (SP) Sim<br \/>\nM\u00e1rcio Marinho (BA) Sim<br \/>\nRoberto Alves (SP) Sim<br \/>\nRoberto Sales (RJ) Sim<br \/>\nRonaldo Martins (CE) Sim<br \/>\nRosangela Gomes (RJ) Sim<br \/>\nTia Eron (BA) Sim<br \/>\nVinicius Carvalho (SP) Sim<\/p>\n<p>PROS<\/p>\n<p><strong>Ademir Camilo (MG) Sim<\/strong><br \/>\nAntonio Balhmann (CE) Sim<br \/>\nBeto Salame (PA) N\u00e3o<br \/>\nDr. Jorge Silva (ES) Sim*<br \/>\nGivaldo Carimb\u00e3o (AL) N\u00e3o<br \/>\nHugo Leal (RJ) N\u00e3o<br \/>\nLe\u00f4nidas Cristino (CE) N\u00e3o<br \/>\nMiro Teixeira (RJ) N\u00e3o<br \/>\nRafael Motta (RN) Sim*<br \/>\nRonaldo Fonseca (DF) Sim<br \/>\nValtenir Pereira (MT) Sim<\/p>\n<p>PRP<\/p>\n<p>Juscelino Filho (MA) Sim<br \/>\n<strong>Marcelo \u00c1lvaro Ant\u00f4nio (MG) Sim<\/strong><\/p>\n<p>PRTB<\/p>\n<p>C\u00edcero Almeida (AL) Sim<\/p>\n<p>PSB<\/p>\n<p>Adilton Sachetti (MT) Sim<br \/>\n\u00c1tila Lira (PI) N\u00e3o<br \/>\nBebeto (BA) N\u00e3o<br \/>\nC\u00e9sar Messias (AC) N\u00e3o<br \/>\nFabio Garcia (MT) Sim<br \/>\nFernando Coelho Filho (PE) N\u00e3o<br \/>\nFlavinho (SP) N\u00e3o<br \/>\nGlauber Braga (RJ) N\u00e3o<br \/>\nGonzaga Patriota (PE) Sim<br \/>\nHeitor Schuch (RS) N\u00e3o<br \/>\nHer\u00e1clito Fortes (PI) Sim*<br \/>\nJanete Capiberibe (AP) N\u00e3o<br \/>\nJo\u00e3o Fernando Coutinho (PE) N\u00e3o<br \/>\nJos\u00e9 Reinaldo (MA) Sim<br \/>\nJose St\u00e9dile (RS) N\u00e3o<br \/>\n<strong>J\u00falio Delgado (MG) Absten\u00e7\u00e3o*<\/strong><br \/>\nKeiko Ota (SP) Sim<br \/>\nLeopoldo Meyer (PR) N\u00e3o<br \/>\nLuciano Ducci (PR) Sim<br \/>\nLuiz Lauro Filho (SP) Sim<br \/>\nLuiza Erundina (SP) N\u00e3o<br \/>\nMaria Helena (RR) N\u00e3o<br \/>\nMarinaldo Rosendo (PE) Sim<br \/>\nPastor Eurico (PE) Sim<br \/>\nPaulo Foletto (ES) Sim*<br \/>\n<strong>Stefano Aguiar (MG) Sim<\/strong><br \/>\nTadeu Alencar (PE) N\u00e3o<br \/>\n<strong>Tenente L\u00facio (MG) N\u00e3o<\/strong><br \/>\nTereza Cristina (MS) Sim*<br \/>\nValadares Filho (SE) Sim*<br \/>\nVicentinho J\u00fanior (TO) Sim<\/p>\n<p>PSC<\/p>\n<p>Andre Moura (SE) Sim<br \/>\nEdmar Arruda (PR) Sim<br \/>\nEduardo Bolsonaro (SP) Sim<br \/>\nErivelton Santana (BA) Sim<br \/>\nGilberto Nascimento (SP) Sim<br \/>\nIrm\u00e3o Lazaro (BA) Sim<br \/>\nJ\u00falia Marinho (PA) Sim<br \/>\nMarcos Reategui (AP) N\u00e3o<br \/>\nPr. Marco Feliciano (SP) Sim<br \/>\nProfessor Vict\u00f3rio Galli (MT) Sim<br \/>\n<strong>Raquel Muniz (MG) Sim<\/strong><br \/>\nSilvio Costa (PE) N\u00e3o<br \/>\nTakayama (PR) Sim<\/p>\n<p>PSD<\/p>\n<p>Alexandre Serfiotis (RJ) Sim<br \/>\n\u00c1tila Lins (AM) Sim<br \/>\nCesar Souza (SC) Sim<br \/>\nDanrlei de Deus Hinterholz (RS) Sim<br \/>\nDelegado \u00c9der Mauro (PA) Sim<br \/>\n<strong>Diego Andrade (MG) Sim<\/strong><br \/>\nEvandro Roman (PR) Sim<br \/>\nF\u00e1bio Faria (RN) Sim<br \/>\nF\u00e1bio Mitidieri (SE) Sim<br \/>\nFelipe Bornier (RJ) Sim<br \/>\nFernando Torres (BA) N\u00e3o<br \/>\nGoulart (SP) Sim<br \/>\nHerculano Passos (SP) Sim<br \/>\nHeuler Cruvinel (GO) Sim<br \/>\nIndio da Costa (RJ) Sim<br \/>\nIraj\u00e1 Abreu (TO) Sim<br \/>\n<strong>Jaime Martins (MG) Sim<\/strong><br \/>\nJefferson Campos (SP) Sim<br \/>\nJo\u00e3o Rodrigues (SC) Sim<br \/>\nJoaquim Passarinho (PA) Sim<br \/>\nJos\u00e9 Carlos Ara\u00fajo (BA) Sim<br \/>\nJos\u00e9 Nunes (BA) Sim<br \/>\nJ\u00falio Cesar (PI) Sim<br \/>\n<strong>Marcos Montes (MG) Sim<\/strong><br \/>\nPaulo Magalh\u00e3es (BA) N\u00e3o<br \/>\nRicardo Izar (SP) Sim<br \/>\nRog\u00e9rio Rosso (DF) Sim<br \/>\nR\u00f4mulo Gouveia (PB) Sim<br \/>\nS\u00e9rgio Brito (BA) Sim<br \/>\nS\u00f3stenes Cavalcante (RJ) Sim<br \/>\nWalter Ihoshi (SP) Sim<\/p>\n<p>PSDB<\/p>\n<p>Alexandre Baldy (GO) Sim<br \/>\nAlfredo Kaefer (PR) Sim<br \/>\nAntonio Imbassahy (BA) Sim<br \/>\nArthur Virg\u00edlio Bisneto (AM) Sim<br \/>\nBetinho Gomes (PE) N\u00e3o<br \/>\n<strong>Bonif\u00e1cio de Andrada (MG) Sim<\/strong><br \/>\nBruna Furlan (SP) Sim<br \/>\nBruno Ara\u00fajo (PE) Sim<br \/>\nBruno Covas (SP) Sim<br \/>\n<strong>Caio Narcio (MG) Sim<\/strong><br \/>\nCarlos Sampaio (SP) Sim<br \/>\nC\u00e9lio Silveira (GO) Sim<br \/>\nDaniel Coelho (PE) Sim<br \/>\nDelegado Waldir (GO) Sim<br \/>\n<strong>Domingos S\u00e1vio (MG) Sim<\/strong><br \/>\n<strong>Eduardo Barbosa (MG) N\u00e3o<\/strong><br \/>\nEduardo Cury (SP) Sim<br \/>\nF\u00e1bio Sousa (GO) Sim<br \/>\nGeovania de S\u00e1 (SC) Sim<br \/>\nGiuseppe Vecci (GO) Sim<br \/>\nIzalci (DF) Sim<br \/>\nJo\u00e3o Campos (GO) Sim<br \/>\nJo\u00e3o Castelo (MA) Sim<br \/>\nJo\u00e3o Gualberto (BA) Sim<br \/>\nJo\u00e3o Paulo Papa (SP) Sim*<br \/>\nJutahy Junior (BA) Sim<br \/>\nLobbe Neto (SP) Sim<br \/>\nLuiz Carlos Hauly (PR) Sim<br \/>\nMara Gabrilli (SP) Sim*<br \/>\nMarco Tebaldi (SC) Sim<br \/>\n<strong>Marcus Pestana (MG) Sim<\/strong><br \/>\nMariana Carvalho (RO) Sim<br \/>\nMax Filho (ES) N\u00e3o<br \/>\nMiguel Haddad (SP) Sim<br \/>\nNelson Marchezan Junior (RS) Sim<br \/>\nNilson Leit\u00e3o (MT) Sim<br \/>\nNilson Pinto (PA) Sim<br \/>\nOtavio Leite (RJ) Sim<br \/>\n<strong>Paulo Abi-Ackel (MG) Sim<\/strong><br \/>\nPedro Cunha Lima (PB) Sim<br \/>\nPedro Vilela (AL) Sim<br \/>\nRaimundo Gomes de Matos (CE) Sim<br \/>\nRicardo Tripoli (SP) Sim<br \/>\nRocha (AC) Sim<br \/>\n<strong>Rodrigo de Castro (MG) Sim<\/strong><br \/>\nRog\u00e9rio Marinho (RN) Sim*<br \/>\nRossoni (PR) Sim<br \/>\nSamuel Moreira (SP) Sim<br \/>\nSh\u00e9ridan (RR) Sim<br \/>\nSilvio Torres (SP) Sim<br \/>\nVanderlei Macris (SP) Sim<br \/>\nVitor Lippi (SP) Sim<\/p>\n<p>PSDC<\/p>\n<p>Aluisio Mendes (MA) Sim<br \/>\nLuiz Carlos Ramos (RJ) Sim<\/p>\n<p>PSOL<\/p>\n<p>Chico Alencar (RJ) Obstru\u00e7\u00e3o*<br \/>\nEdmilson Rodrigues (PA) Obstru\u00e7\u00e3o*<br \/>\nIvan Valente (SP) Obstru\u00e7\u00e3o*<br \/>\nJean Wyllys (RJ) Obstru\u00e7\u00e3o*<\/p>\n<p>PT<\/p>\n<p><strong>Adelmo Carneiro Le\u00e3o (MG) N\u00e3o<\/strong><br \/>\nAfonso Florence (BA) N\u00e3o<br \/>\nAlessandro Molon (RJ) N\u00e3o<br \/>\nAna Perugini (SP) N\u00e3o<br \/>\nAndres Sanchez (SP) N\u00e3o<br \/>\nAngelim (AC) N\u00e3o<br \/>\nArlindo Chinaglia (SP) N\u00e3o<br \/>\nAssis do Couto (PR) N\u00e3o<br \/>\nBenedita da Silva (RJ) N\u00e3o<br \/>\nBeto Faro (PA) N\u00e3o<br \/>\nBohn Gass (RS) N\u00e3o<br \/>\nCaetano (BA) N\u00e3o<br \/>\nCarlos Zarattini (SP) N\u00e3o<br \/>\nChico D Angelo (RJ) N\u00e3o<br \/>\nD\u00e9cio Lima (SC) N\u00e3o<br \/>\nEnio Verri (PR) N\u00e3o<br \/>\nErika Kokay (DF) N\u00e3o<br \/>\nFernando Marroni (RS) N\u00e3o<br \/>\n<strong>Gabriel Guimar\u00e3es (MG) N\u00e3o<\/strong><br \/>\nGivaldo Vieira (ES) N\u00e3o<br \/>\nHelder Salom\u00e3o (ES) N\u00e3o<br \/>\nHenrique Fontana (RS) N\u00e3o<br \/>\nJo\u00e3o Daniel (SE) N\u00e3o<br \/>\nJorge Solla (BA) N\u00e3o<br \/>\nJos\u00e9 Airton Cirilo (CE) N\u00e3o<br \/>\nJos\u00e9 Guimar\u00e3es (CE) N\u00e3o<br \/>\nJos\u00e9 Mentor (SP) N\u00e3o<br \/>\nLeo de Brito (AC) N\u00e3o<br \/>\n<strong>Leonardo Monteiro (MG) N\u00e3o<\/strong><br \/>\nLuiz Couto (PB) N\u00e3o<br \/>\nLuiz S\u00e9rgio (RJ) N\u00e3o<br \/>\nLuizianne Lins (CE) N\u00e3o<br \/>\nMarco Maia (RS) N\u00e3o<br \/>\nMarcon (RS) N\u00e3o<br \/>\n<strong>Margarida Salom\u00e3o (MG) N\u00e3o<\/strong><br \/>\nMaria do Ros\u00e1rio (RS) N\u00e3o<br \/>\nMoema Gramacho (BA) N\u00e3o<br \/>\nNilto Tatto (SP) N\u00e3o<br \/>\nOdorico Monteiro (CE) N\u00e3o<br \/>\n<strong>Padre Jo\u00e3o (MG) N\u00e3o<\/strong><br \/>\nPaul\u00e3o (AL) N\u00e3o<br \/>\nPaulo Pimenta (RS) N\u00e3o<br \/>\nPaulo Teixeira (SP) N\u00e3o<br \/>\nPedro Uczai (SC) N\u00e3o<br \/>\nProfessora Marcivania (AP) N\u00e3o<br \/>\n<strong>Reginaldo Lopes (MG) N\u00e3o<\/strong><br \/>\nRubens Otoni (GO) N\u00e3o<br \/>\nS\u00e1guas Moraes (MT) N\u00e3o<br \/>\nSib\u00e1 Machado (AC) N\u00e3o<br \/>\nValmir Assun\u00e7\u00e3o (BA) N\u00e3o<br \/>\nValmir Prascidelli (SP) N\u00e3o<br \/>\nVicente Candido (SP) N\u00e3o<br \/>\nVicentinho (SP) N\u00e3o<br \/>\nWadih Damous (RJ) N\u00e3o<br \/>\nWaldenor Pereira (BA) N\u00e3o<br \/>\n<strong>Weliton Prado (MG) Sim<\/strong><br \/>\nZ\u00e9 Carlos (MA) N\u00e3o<br \/>\nZ\u00e9 Geraldo (PA) N\u00e3o<br \/>\nZeca Dirceu (PR) N\u00e3o<\/p>\n<p>PTB<\/p>\n<p>Adalberto Cavalcanti (PE) Sim<br \/>\nAdelson Barreto (SE) Sim<br \/>\nAlex Canziani (PR) N\u00e3o<br \/>\nAntonio Brito (BA) N\u00e3o<br \/>\nArnaldo Faria de S\u00e1 (SP) Sim<br \/>\nArnon Bezerra (CE) N\u00e3o*<br \/>\nBenito Gama (BA) Sim<br \/>\nCristiane Brasil (RJ) Sim<br \/>\n<strong>Eros Biondini (MG) Sim*<\/strong><br \/>\nJorge C\u00f4rte Real (PE) Sim<br \/>\nJosu\u00e9 Bengtson (PA) Sim<br \/>\nJovair Arantes (GO) Sim<br \/>\nJozi Rocha (AP) Sim<br \/>\nLuiz Carlos Busato (RS) N\u00e3o<br \/>\nNelson Marquezelli (SP) Sim<br \/>\nNilton Capixaba (RO) Sim<br \/>\nPaes Landim (PI) Sim<br \/>\nPedro Fernandes (MA) N\u00e3o<br \/>\nRicardo Teobaldo (PE) Sim<br \/>\nRonaldo Nogueira (RS) Sim<br \/>\nS\u00e9rgio Moraes (RS) Sim<br \/>\nWalney Rocha (RJ) Sim<br \/>\nWilson Filho (PB) Sim<br \/>\nZeca Cavalcanti (PE) Sim<\/p>\n<p>PTC<\/p>\n<p><strong>Brunny (MG) Sim<\/strong><br \/>\nUldurico Junior (BA) N\u00e3o<\/p>\n<p>PTdoB<\/p>\n<p><strong>Luis Tib\u00e9 (MG) Sim<\/strong><br \/>\n<strong>Pastor Franklin (MG) Sim<\/strong><\/p>\n<p>PTN<\/p>\n<p>Bacelar (BA) N\u00e3o<br \/>\nChristiane de Souza Yared (PR) N\u00e3o<br \/>\n<strong>Delegado Edson Moreira (MG) Sim<\/strong><br \/>\nRenata Abreu (SP) Sim<\/p>\n<p>PV<\/p>\n<p>Dr. Sinval Malheiros (SP) Sim*<br \/>\nEvair de Melo (ES) Sim*<br \/>\nEvandro Gussi (SP) N\u00e3o<br \/>\n<strong>F\u00e1bio Ramalho (MG) N\u00e3o<\/strong><br \/>\nLeandre (PR) Sim<br \/>\nPenna (SP) N\u00e3o*<br \/>\nSarney Filho (MA) N\u00e3o<\/p>\n<p>Sem partido<\/p>\n<p>Cabo Daciolo RJ N\u00e3o<\/p>\n<p>Solidariedade<\/p>\n<p>Arthur Oliveira Maia (BA) Sim<br \/>\nAugusto Carvalho (DF) N\u00e3o<br \/>\nAugusto Coutinho (PE) Sim<br \/>\nAureo (RJ) N\u00e3o<br \/>\nBenjamin Maranh\u00e3o (PB) Sim<br \/>\nCarlos Manato (ES) Sim<br \/>\nElizeu Dionizio (MS) Sim<br \/>\nExpedito Netto (RO) Sim*<br \/>\nEzequiel Teixeira (RJ) Sim<br \/>\nFernando Francischini (PR) Sim<br \/>\nJHC (AL) N\u00e3o<br \/>\nJos\u00e9 Maia Filho (PI) N\u00e3o<br \/>\nLucas Vergilio (GO) Sim<br \/>\nPaulo Pereira da Silva (SP) Sim<br \/>\n<strong>Z\u00e9 Silva (MG) Sim<\/strong><\/p>\n<p><em>(Fonte: Ag\u00eancia Brasil)<\/em><\/p>\n","protected":false},"excerpt":{"rendered":"<p>Proposta aprovada prop\u00f5e a redu\u00e7\u00e3o da maioridade, de 18 para 16 anos, nos casos de crimes hediondos, homic\u00eddio doloso e les\u00e3o corporal seguida de morte. Mudan\u00e7a no texto fez 20 parlamentares aderirem \u00e0 proposta, de um dia para o outro. Sob o comando do presidente da Casa, Eduardo Cunha (PMDB-RJ), em menos de 24 horas [&hellip;]<\/p>\n","protected":false},"author":1,"featured_media":62611,"comment_status":"open","ping_status":"closed","sticky":false,"template":"","format":"standard","meta":{"amp_status":"","footnotes":""},"categories":[6],"tags":[20922,50508,50513,50510,50514,50512,50511,27864,50507,50506,40022,50509,20320],"class_list":["post-62610","post","type-post","status-publish","format-standard","has-post-thumbnail","hentry","category-br","tag-camara-dos-deputados","tag-camara-dos-deputados-derrubou-a-rejeicao-a-reducao-da-maioridade-penal","tag-deputados-que-aprovaram-a-reducao-da-maioridade","tag-deputados-que-mudaram-o-voto-na-reducao-da-maioridade","tag-deputados-que-reprovaram-a-reducao-da-maioridade","tag-deputados-que-votaram-nao-na-reducao-da-maioridade","tag-deputados-que-votaram-sim-na-reducao-da-maioridade","tag-eduardo-cunha","tag-nova-proposta-de-reducao-da-maioridade-penal","tag-nova-proposta-de-reducao-da-maioridade-penal-e-aprovada-na-camara","tag-reducao-da-maioridade-penal","tag-reduz-a-maioridade-penal-de-18-para-16-anos-para-crimes-hediondos","tag-votacao"],"_links":{"self":[{"href":"https:\/\/aconteceunovale.com.br\/portal\/index.php?rest_route=\/wp\/v2\/posts\/62610","targetHints":{"allow":["GET"]}}],"collection":[{"href":"https:\/\/aconteceunovale.com.br\/portal\/index.php?rest_route=\/wp\/v2\/posts"}],"about":[{"href":"https:\/\/aconteceunovale.com.br\/portal\/index.php?rest_route=\/wp\/v2\/types\/post"}],"author":[{"embeddable":true,"href":"https:\/\/aconteceunovale.com.br\/portal\/index.php?rest_route=\/wp\/v2\/users\/1"}],"replies":[{"embeddable":true,"href":"https:\/\/aconteceunovale.com.br\/portal\/index.php?rest_route=%2Fwp%2Fv2%2Fcomments&post=62610"}],"version-history":[{"count":0,"href":"https:\/\/aconteceunovale.com.br\/portal\/index.php?rest_route=\/wp\/v2\/posts\/62610\/revisions"}],"wp:featuredmedia":[{"embeddable":true,"href":"https:\/\/aconteceunovale.com.br\/portal\/index.php?rest_route=\/wp\/v2\/media\/62611"}],"wp:attachment":[{"href":"https:\/\/aconteceunovale.com.br\/portal\/index.php?rest_route=%2Fwp%2Fv2%2Fmedia&parent=62610"}],"wp:term":[{"taxonomy":"category","embeddable":true,"href":"https:\/\/aconteceunovale.com.br\/portal\/index.php?rest_route=%2Fwp%2Fv2%2Fcategories&post=62610"},{"taxonomy":"post_tag","embeddable":true,"href":"https:\/\/aconteceunovale.com.br\/portal\/index.php?rest_route=%2Fwp%2Fv2%2Ftags&post=62610"}],"curies":[{"name":"wp","href":"https:\/\/api.w.org\/{rel}","templated":true}]}}