{"id":62607,"date":"2015-07-02T10:10:45","date_gmt":"2015-07-02T13:10:45","guid":{"rendered":"http:\/\/aconteceunovale.com.br\/portal\/?p=62607"},"modified":"2015-07-02T10:10:45","modified_gmt":"2015-07-02T13:10:45","slug":"aposentadoria-compulsoria-aos-75-anos-e-aprovada-no-senado","status":"publish","type":"post","link":"https:\/\/aconteceunovale.com.br\/portal\/?p=62607","title":{"rendered":"Aposentadoria compuls\u00f3ria aos 75 anos \u00e9 aprovada no Senado"},"content":{"rendered":"<p>O plen\u00e1rio do Senado aprovou ontem (1\u00ba) o projeto de lei que estende para todos os servidores p\u00fablicos os efeitos da chamada PEC da Bengala, a emenda constitucional que determinou a aposentadoria compuls\u00f3ria de ministros de tribunais superiores aos 75 anos.<\/p>\n<p>Pelo texto aprovado, os funcion\u00e1rios p\u00fablicos tamb\u00e9m passar\u00e3o a se aposentar compulsoriamente cinco anos mais tarde \u2013 atualmente a aposentadoria deles \u00e9, no m\u00e1ximo, aos 70 anos. A lei, que ainda precisa passar pela C\u00e2mara dos Deputados, ser\u00e1 aplicada aos servidores dos Tr\u00eas Poderes, dos estados, dos munic\u00edpios e do Distrito Federal.<\/p>\n<p>Autor da mat\u00e9ria, o senador Jos\u00e9 Serra (PSDB-SP) disse que o projeto \u00e9 ben\u00e9fico para os funcion\u00e1rios, que poder\u00e3o optar por se aposentar antes ou ter mais tempo de contribui\u00e7\u00e3o nos casos em que a proporcionalidade n\u00e3o permitir ainda a aposentadoria integral.<\/p>\n<p>Ao falar no plen\u00e1rio do Senado, Serra destacou que a mudan\u00e7a no tempo da aposentadoria compuls\u00f3ria trar\u00e1 economia para o governo. \u201cAs nossas estimativas mostram que o governo, nas tr\u00eas esferas, como um todo, vai economizar mais de R$1 bilh\u00e3o por ano&#8221;. De acordo com o senador, o aumento do tempo da aposentadoria compuls\u00f3ria de 70 para 75 anos diminui o gasto governamental. \u201c\u00c9 uma diminui\u00e7\u00e3o lenta, mas firme e segura\u201d, afirmou.<\/p>\n<p>O senador Jos\u00e9 Pimentel, no entanto, alegou que a lei poder\u00e1 ser considerada inconstitucional por ter v\u00edcio de iniciativa. Ele citou, como exemplo, outra lei que foi aprovada por unanimidade na C\u00e2mara e no Senado, estabelecendo aposentadoria compuls\u00f3ria aos 65 anos para os policiais federais e policiais rodovi\u00e1rios federais e que, em seguida, foi considerada inconstitucional no Supremo Tribunal Federal. Apesar disso, ele se posicionou favoravelmente \u00e0 vota\u00e7\u00e3o e colaborou para a aprova\u00e7\u00e3o do projeto.<\/p>\n<p>O texto recebeu uma emenda para que os efeitos da lei sejam tamb\u00e9m aplicados aos membros da Defensoria P\u00fablica, que t\u00eam carreira independente. A mat\u00e9ria segue agora para an\u00e1lise da C\u00e2mara dos Deputados. (Ag\u00eancia Brasil)<\/p>\n","protected":false},"excerpt":{"rendered":"<p>O plen\u00e1rio do Senado aprovou ontem (1\u00ba) o projeto de lei que estende para todos os servidores p\u00fablicos os efeitos da chamada PEC da Bengala, a emenda constitucional que determinou a aposentadoria compuls\u00f3ria de ministros de tribunais superiores aos 75 anos. Pelo texto aprovado, os funcion\u00e1rios p\u00fablicos tamb\u00e9m passar\u00e3o a se aposentar compulsoriamente cinco anos [&hellip;]<\/p>\n","protected":false},"author":1,"featured_media":54374,"comment_status":"open","ping_status":"closed","sticky":false,"template":"","format":"standard","meta":{"amp_status":"","footnotes":""},"categories":[6],"tags":[36170,50504,50502,50503,50505,38942,36171,21938],"class_list":["post-62607","post","type-post","status-publish","format-standard","has-post-thumbnail","hentry","category-br","tag-aposentadoria-compulsoria","tag-aposentadoria-compulsoria-aos-75-anos","tag-aposentadoria-compulsoria-aos-75-anos-e-aprovada-no-senado","tag-aposentadoria-compulsoria-aos-75-anos-para-todos-os-servidores-publicos-e-aprovada-no-senado","tag-aposentadoria-compulsoria-para-todos-os-servidores-publicos","tag-aprovacao","tag-pec-da-bengala","tag-senado"],"_links":{"self":[{"href":"https:\/\/aconteceunovale.com.br\/portal\/index.php?rest_route=\/wp\/v2\/posts\/62607","targetHints":{"allow":["GET"]}}],"collection":[{"href":"https:\/\/aconteceunovale.com.br\/portal\/index.php?rest_route=\/wp\/v2\/posts"}],"about":[{"href":"https:\/\/aconteceunovale.com.br\/portal\/index.php?rest_route=\/wp\/v2\/types\/post"}],"author":[{"embeddable":true,"href":"https:\/\/aconteceunovale.com.br\/portal\/index.php?rest_route=\/wp\/v2\/users\/1"}],"replies":[{"embeddable":true,"href":"https:\/\/aconteceunovale.com.br\/portal\/index.php?rest_route=%2Fwp%2Fv2%2Fcomments&post=62607"}],"version-history":[{"count":0,"href":"https:\/\/aconteceunovale.com.br\/portal\/index.php?rest_route=\/wp\/v2\/posts\/62607\/revisions"}],"wp:featuredmedia":[{"embeddable":true,"href":"https:\/\/aconteceunovale.com.br\/portal\/index.php?rest_route=\/wp\/v2\/media\/54374"}],"wp:attachment":[{"href":"https:\/\/aconteceunovale.com.br\/portal\/index.php?rest_route=%2Fwp%2Fv2%2Fmedia&parent=62607"}],"wp:term":[{"taxonomy":"category","embeddable":true,"href":"https:\/\/aconteceunovale.com.br\/portal\/index.php?rest_route=%2Fwp%2Fv2%2Fcategories&post=62607"},{"taxonomy":"post_tag","embeddable":true,"href":"https:\/\/aconteceunovale.com.br\/portal\/index.php?rest_route=%2Fwp%2Fv2%2Ftags&post=62607"}],"curies":[{"name":"wp","href":"https:\/\/api.w.org\/{rel}","templated":true}]}}