{"id":62566,"date":"2015-07-01T22:15:11","date_gmt":"2015-07-02T01:15:11","guid":{"rendered":"http:\/\/aconteceunovale.com.br\/portal\/?p=62566"},"modified":"2015-07-01T22:15:11","modified_gmt":"2015-07-02T01:15:11","slug":"mais-de-40-mil-empresas-estao-sujeitas-a-serem-declaras-como-inativas-pela-jucemg","status":"publish","type":"post","link":"https:\/\/aconteceunovale.com.br\/portal\/?p=62566","title":{"rendered":"Mais de 40 mil empresas est\u00e3o sujeitas a serem declaras como inativas pela Jucemg"},"content":{"rendered":"<h4><strong><em>Jucemg publica edital de notifica\u00e7\u00e3o sobre Cancelamento Administrativo. Ao todo, 40.311 empresas est\u00e3o sujeitas a serem declaradas como inativas e perderem a prote\u00e7\u00e3o de seus nomes empresariais.<\/em><\/strong><\/h4>\n<p>A\u00a0<a href=\"http:\/\/www.jucemg.mg.gov.br\/\" target=\"_blank\">Junta Comercial do Estado de Minas Gerais (Jucemg)<\/a>\u00a0publicou nesta quarta-feira (1\/7) edital de notifica\u00e7\u00e3o na\u00a0<strong><a href=\"http:\/\/www.iof.mg.gov.br\/\" target=\"_blank\">Imprensa Oficial<\/a><\/strong>, alertando que as empresas que n\u00e3o procederam nenhum arquivamento de atos, at\u00e9 31 de dezembro de 2004, poder\u00e3o ser declaradas inativas e perderem a prote\u00e7\u00e3o de seus nomes empresariais.<\/p>\n<p>O intuito da autarquia \u00e9 promover uma grande movimenta\u00e7\u00e3o, a fim de reduzir o volume de empresas canceladas administrativamente e para isso, dobrou o prazo para seis meses, que vai de 1\/7 a 31\/12\/2015. A medida tem como objetivo tamb\u00e9m atualizar o Cadastro Nacional de Empresas Mercantis \u2013 CNE e ampliar a utiliza\u00e7\u00e3o de nomes empresariais.<\/p>\n<p>Neste ano, 40.311 empreendimentos no estado est\u00e3o sujeitos ao Cancelamento Administrativo. Para evitar que a empresa seja declarada inativa, o respons\u00e1vel deve comunicar \u00e0 Jucemg, dentro do prazo estipulado, que deseja mant\u00ea-la em funcionamento, ou informar a paralisa\u00e7\u00e3o tempor\u00e1ria de suas atividades, ou ainda arquivar altera\u00e7\u00f5es contratuais ocorridas nos \u00faltimos dez anos.<\/p>\n<p>Do contr\u00e1rio, os empreendimentos ser\u00e3o declarados inativos, ter\u00e3o seus registros cancelados e perder\u00e3o a prote\u00e7\u00e3o de seus nomes empresariais, sendo comunicado automaticamente \u00e0s autoridades arrecadadoras \u2013 Receita Federal, Receita Estadual, INSS e Caixa Econ\u00f4mica Federal.<\/p>\n<p>A consulta \u00e0s empresas sujeitas ao cancelamento deve ser feita no site\u00a0<strong><a href=\"http:\/\/www.jucemg.mg.gov.br\/\" target=\"_blank\">www.jucemg.mg.gov.br<\/a><\/strong>, menu Informa\u00e7\u00f5es \/ Cancelamento Administrativo, onde est\u00e1 dispon\u00edvel para download a rela\u00e7\u00e3o de todas as empresas listadas por munic\u00edpio e a consulta individual por empresa, onde deve ser informado o Nire, ou o nome da empresa ou do munic\u00edpio.<\/p>\n<p>Em 2014, 32.076 empresas foram canceladas administrativamente e de forma extraordin\u00e1ria foram declaradas inativas pela Receita Estadual. Est\u00e3o sujeitas ao Cancelamento Administrativo anual as sociedades empres\u00e1rias, os empres\u00e1rios individuais, as empresas individuais de responsabilidade limitada (Eirelis) e as cooperativas.<\/p>\n<p>A medida \u00e9 feita com base nas disposi\u00e7\u00f5es do artigo 60 da Lei Federal 8.934\/1994, nos artigos 32, inciso II, al\u00ednea \u201ch\u201d Decreto Federal 1.800 de 30\/01\/1996, e ainda no art. 1\u00ba da Instru\u00e7\u00e3o Normativa DREI N\u00ba 5 de 5 de dezembro de 2013.<\/p>\n<p><strong>Cancelamento Administrativo por munic\u00edpio:<\/strong><\/p>\n<p>&#8211; Belo Horizonte: 5.198<\/p>\n<p>&#8211; Juiz de Fora: 1.622<\/p>\n<p>&#8211; Uberl\u00e2ndia: 1.616<\/p>\n<p>&#8211; Contagem: 1.031<\/p>\n<p>&#8211; Uberaba: 854<\/p>\n<p>&#8211; Montes Claros: 764<\/p>\n<p>&#8211; Governador Valadares:732<\/p>\n<p>&#8211; Varginha: 458<\/p>\n<p>&#8211; Arax\u00e1: 215<\/p>\n","protected":false},"excerpt":{"rendered":"<p>Jucemg publica edital de notifica\u00e7\u00e3o sobre Cancelamento Administrativo. Ao todo, 40.311 empresas est\u00e3o sujeitas a serem declaradas como inativas e perderem a prote\u00e7\u00e3o de seus nomes empresariais. A\u00a0Junta Comercial do Estado de Minas Gerais (Jucemg)\u00a0publicou nesta quarta-feira (1\/7) edital de notifica\u00e7\u00e3o na\u00a0Imprensa Oficial, alertando que as empresas que n\u00e3o procederam nenhum arquivamento de atos, at\u00e9 [&hellip;]<\/p>\n","protected":false},"author":1,"featured_media":62567,"comment_status":"open","ping_status":"closed","sticky":false,"template":"","format":"standard","meta":{"amp_status":"","footnotes":""},"categories":[123],"tags":[50461,50459,50458,50457,32411,50456,50460],"class_list":["post-62566","post","type-post","status-publish","format-standard","has-post-thumbnail","hentry","category-gerais","tag-cancelamento-administrativo","tag-cancelamento-administrativo-jucemg","tag-edital-da-jucemg","tag-edital-de-notificacao-sobre-cancelamento-administrativo-da-jucemg","tag-jucemg","tag-mais-de-40-mil-empresas-estao-sujeitas-a-serem-declaras-como-inativas-pela-jucemg","tag-notificacao-sobre-cancelamento-administrativo"],"_links":{"self":[{"href":"https:\/\/aconteceunovale.com.br\/portal\/index.php?rest_route=\/wp\/v2\/posts\/62566","targetHints":{"allow":["GET"]}}],"collection":[{"href":"https:\/\/aconteceunovale.com.br\/portal\/index.php?rest_route=\/wp\/v2\/posts"}],"about":[{"href":"https:\/\/aconteceunovale.com.br\/portal\/index.php?rest_route=\/wp\/v2\/types\/post"}],"author":[{"embeddable":true,"href":"https:\/\/aconteceunovale.com.br\/portal\/index.php?rest_route=\/wp\/v2\/users\/1"}],"replies":[{"embeddable":true,"href":"https:\/\/aconteceunovale.com.br\/portal\/index.php?rest_route=%2Fwp%2Fv2%2Fcomments&post=62566"}],"version-history":[{"count":0,"href":"https:\/\/aconteceunovale.com.br\/portal\/index.php?rest_route=\/wp\/v2\/posts\/62566\/revisions"}],"wp:featuredmedia":[{"embeddable":true,"href":"https:\/\/aconteceunovale.com.br\/portal\/index.php?rest_route=\/wp\/v2\/media\/62567"}],"wp:attachment":[{"href":"https:\/\/aconteceunovale.com.br\/portal\/index.php?rest_route=%2Fwp%2Fv2%2Fmedia&parent=62566"}],"wp:term":[{"taxonomy":"category","embeddable":true,"href":"https:\/\/aconteceunovale.com.br\/portal\/index.php?rest_route=%2Fwp%2Fv2%2Fcategories&post=62566"},{"taxonomy":"post_tag","embeddable":true,"href":"https:\/\/aconteceunovale.com.br\/portal\/index.php?rest_route=%2Fwp%2Fv2%2Ftags&post=62566"}],"curies":[{"name":"wp","href":"https:\/\/api.w.org\/{rel}","templated":true}]}}