{"id":62559,"date":"2015-07-01T21:44:26","date_gmt":"2015-07-02T00:44:26","guid":{"rendered":"http:\/\/aconteceunovale.com.br\/portal\/?p=62559"},"modified":"2015-07-01T21:44:26","modified_gmt":"2015-07-02T00:44:26","slug":"quilombola-do-vale-do-mucuri-e-o-primeiro-a-assumir-cargo-na-administracao-do-estado","status":"publish","type":"post","link":"https:\/\/aconteceunovale.com.br\/portal\/?p=62559","title":{"rendered":"Quilombola do Vale do Mucuri \u00e9 o primeiro a assumir cargo na administra\u00e7\u00e3o do Estado"},"content":{"rendered":"<h4><strong><em>Vandeli Paulo dos Santos foi nomeado diretor de Pol\u00edticas para Povos e Comunidades Tradicionais (PCT\u2019s), da Secretaria de Desenvolvimento Agr\u00e1rio.<\/em><\/strong><\/h4>\n<p>A chegada de Vandeli Paulo dos Santos para refor\u00e7ar a equipe da Secretaria de Estado de Desenvolvimento Agr\u00e1rio (Seda) \u00e9 um dos exemplos do protagonismo popular no modo de governar o Estado de Minas Gerais. Estudante universit\u00e1rio, ele \u00e9 o primeiro quilombola a assumir um cargo de destaque na administra\u00e7\u00e3o direta.<\/p>\n<p>Como diretor de Pol\u00edticas para Povos e Comunidades Tradicionais (PCT\u2019s), vinculado \u00e0 Subsecretaria de Agricultura Familiar, Vandeli dos Santos ter\u00e1 como principal desafio ouvir as demandas e buscar solu\u00e7\u00f5es para reinvindica\u00e7\u00f5es hist\u00f3ricas dos movimentos, como acesso e regulariza\u00e7\u00e3o de terras, cr\u00e9dito e assist\u00eancia t\u00e9cnica.<\/p>\n<p>\u201cCom certeza \u00e9 um desafio grande, porque a gente quer ver o resultado chegar at\u00e9 as comunidades quilombolas, ind\u00edgenas, os povos de terreiros, os pescadores artesanais. A expectativa \u00e9 a de que a gente possa levar as pol\u00edticas p\u00fablicas para essas comunidades\u201d, diz o quilombola.<\/p>\n<p>Morador do Quilombo Santa Cruz, em Ouro Verde de Minas, no Vale do Mucuri, Vandeli \u00e9 um dos dez filhos de dona An\u00e9zia Pereira dos Santos. Seu pai, Jo\u00e3o Paulo Martins dos Santos, j\u00e1 falecido, foi um dos organizadores do quilombo e um dos principais militantes na busca de direitos para os Povos e Comunidades Tradicionais.<\/p>\n<p>\u201cMeu envolvimento com a causa \u00e9 fruto dessa heran\u00e7a dos meus pais\u201d, completa Vandeli, que j\u00e1 foi coordenador da juventude quilombola da Federa\u00e7\u00e3o das Comunidades Quilombolas de Minas Gerais (N\u2019Golo).<\/p>\n<p><img decoding=\"async\" src=\"http:\/\/aconteceunovale.com.br\/portal\/wp-content\/uploads\/2015\/07\/quilombola-e-o-primeiro-a-assumir-cargo-na-administracao-do-estado.jpg\" alt=\"\" \/><em>Vandeli, um quilombola com voz ativa na Cidade Administrativa: \u201cQueremos ver os resultados chegarem at\u00e9 as comunidades\u201d &#8211; Foto: Osvaldo Afonso\/Imprensa MG<\/em><br \/>\n<\/br><\/p>\n<p><strong>Conquista de direitos<\/strong><\/p>\n<p>A nomea\u00e7\u00e3o de Vandeli para a ocupa\u00e7\u00e3o do cargo foi recebida com entusiasmo pelos movimentos sociais. Para o representante do Centro de Documenta\u00e7\u00e3o Eloy Ferreira da Silva (Cedefes), Pablo Matos Camargo, a vinda do quilombola para a Cidade Administrativa \u00e9 a primeira conquista do segmento.<\/p>\n<p>\u201cEstamos ocupando espa\u00e7os estrat\u00e9gicos para a conquista de direitos e a promo\u00e7\u00e3o das comunidades quilombolas, que foram desprivilegiadas pelos antigos governos mineiros\u201d, afirmou Camargo nas redes sociais.<\/p>\n<p>Em outubro, o Governo de Minas ir\u00e1 organizar o 1\u00ba Encontro Estadual de PCT\u2019s, no qual ser\u00e1 lan\u00e7ada a Comiss\u00e3o Estadual dos Povos e Comunidades Tradicionais.<\/p>\n<p>Para o secret\u00e1rio de Estado de Desenvolvimento Agr\u00e1rio, Glenio Martins, a chegada de Vandeli para atuar no \u00f3rg\u00e3o refor\u00e7a o compromisso do Governo Pimentel com os Povos e Comunidades Tradicionais.<\/p>\n<p>\u201cVamos trabalhar n\u00e3o s\u00f3 para atender \u00e0 demanda dos quilombolas, mas tamb\u00e9m de outros povos e comunidades que, historicamente, sempre estiveram \u00e0 margem das pol\u00edticas p\u00fablicas executadas pelo Estado. J\u00e1 mapeamos mais de 15 segmentos que demandam pol\u00edticas do Estado\u201d, ressalta Martins. (Ag\u00eancia Minas)<\/p>\n","protected":false},"excerpt":{"rendered":"<p>Vandeli Paulo dos Santos foi nomeado diretor de Pol\u00edticas para Povos e Comunidades Tradicionais (PCT\u2019s), da Secretaria de Desenvolvimento Agr\u00e1rio. A chegada de Vandeli Paulo dos Santos para refor\u00e7ar a equipe da Secretaria de Estado de Desenvolvimento Agr\u00e1rio (Seda) \u00e9 um dos exemplos do protagonismo popular no modo de governar o Estado de Minas Gerais. [&hellip;]<\/p>\n","protected":false},"author":1,"featured_media":62560,"comment_status":"open","ping_status":"closed","sticky":false,"template":"","format":"standard","meta":{"amp_status":"","footnotes":""},"categories":[123],"tags":[50453,37147,50454,1806,50455,50451,50452,50449,50448,50450],"class_list":["post-62559","post","type-post","status-publish","format-standard","has-post-thumbnail","hentry","category-gerais","tag-anezia-pereira-dos-santos","tag-glenio-martins","tag-joao-paulo-martins-dos-santos","tag-ouro-verde-de-minas","tag-pablo-matos-camargo","tag-politicas-para-povos-e-comunidades-tradicionais","tag-quilombo-santa-cruz","tag-quilombola-de-ouro-verde-de-minas-e-o-primeiro-a-assumir-cargo-na-administracao-do-estado","tag-quilombola-do-vale-do-mucuri-e-o-primeiro-a-assumir-cargo-na-administracao-do-estado","tag-vandeli-paulo-dos-santos"],"_links":{"self":[{"href":"https:\/\/aconteceunovale.com.br\/portal\/index.php?rest_route=\/wp\/v2\/posts\/62559","targetHints":{"allow":["GET"]}}],"collection":[{"href":"https:\/\/aconteceunovale.com.br\/portal\/index.php?rest_route=\/wp\/v2\/posts"}],"about":[{"href":"https:\/\/aconteceunovale.com.br\/portal\/index.php?rest_route=\/wp\/v2\/types\/post"}],"author":[{"embeddable":true,"href":"https:\/\/aconteceunovale.com.br\/portal\/index.php?rest_route=\/wp\/v2\/users\/1"}],"replies":[{"embeddable":true,"href":"https:\/\/aconteceunovale.com.br\/portal\/index.php?rest_route=%2Fwp%2Fv2%2Fcomments&post=62559"}],"version-history":[{"count":0,"href":"https:\/\/aconteceunovale.com.br\/portal\/index.php?rest_route=\/wp\/v2\/posts\/62559\/revisions"}],"wp:featuredmedia":[{"embeddable":true,"href":"https:\/\/aconteceunovale.com.br\/portal\/index.php?rest_route=\/wp\/v2\/media\/62560"}],"wp:attachment":[{"href":"https:\/\/aconteceunovale.com.br\/portal\/index.php?rest_route=%2Fwp%2Fv2%2Fmedia&parent=62559"}],"wp:term":[{"taxonomy":"category","embeddable":true,"href":"https:\/\/aconteceunovale.com.br\/portal\/index.php?rest_route=%2Fwp%2Fv2%2Fcategories&post=62559"},{"taxonomy":"post_tag","embeddable":true,"href":"https:\/\/aconteceunovale.com.br\/portal\/index.php?rest_route=%2Fwp%2Fv2%2Ftags&post=62559"}],"curies":[{"name":"wp","href":"https:\/\/api.w.org\/{rel}","templated":true}]}}