{"id":62550,"date":"2015-07-01T14:04:10","date_gmt":"2015-07-01T17:04:10","guid":{"rendered":"http:\/\/aconteceunovale.com.br\/portal\/?p=62550"},"modified":"2015-07-01T14:04:57","modified_gmt":"2015-07-01T17:04:57","slug":"22-ruas-de-itamarandiba-ficarao-sem-energia-nos-dias-2-e-3-de-julho","status":"publish","type":"post","link":"https:\/\/aconteceunovale.com.br\/portal\/?p=62550","title":{"rendered":"22 ruas de Itamarandiba ficar\u00e3o sem energia nos dias 2 e 3 de julho"},"content":{"rendered":"<p>A Companhia Energ\u00e9tica de Minas Gerais \u2013 Cemig informa que, na pr\u00f3xima quinta-feira (02\/07) e sexta-feira (03\/07), realizar\u00e1 obra de extens\u00e3o de rede urbana, contratada pela Prefeitura Municipal de Itamarandiba, para implanta\u00e7\u00e3o da ilumina\u00e7\u00e3o p\u00fablica, trazendo mais conforto e seguran\u00e7a aos que trafegam nesse trecho.<\/p>\n<p>Para executar esse trabalho com seguran\u00e7a, ser\u00e1 necess\u00e1rio interromper o fornecimento de energia de 8h \u00e0s 12h, nos seguintes endere\u00e7os:<\/p>\n<p>&#8211; Avenida Jose de Sena Neto, entre n\u00fameros 275 e 312<br \/>\n&#8211; Rua A, n\u00famero 556<br \/>\n&#8211; Rua D, n\u00famero 23<br \/>\n&#8211; Rua Quatro, entre n\u00fameros 17 e 88, Primeiro de Maio<br \/>\n&#8211; Avenida Tancredo Neves, entre n\u00fameros 320 e 780, S\u00e3o Jo\u00e3o Batista<br \/>\n&#8211; Rua Seis, entre n\u00fameros 23 e 42<br \/>\n&#8211; Rua Santa Joana, entre n\u00fameros 57 e 870, Centro<\/p>\n<p>No mesmo dia, vai ser preciso desligar de 13h \u00e0s 15h, os seguintes endere\u00e7os:<\/p>\n<p>&#8211; Rua Nove, entre n\u00fameros 42 e 62<br \/>\n&#8211; Rua Sergipe, entre n\u00fameros 25 e 162<br \/>\n&#8211; Rua Porto Alegre, entre n\u00fameros 55 e 1047, Centro<br \/>\n&#8211; Rua Dona Dina, n\u00famero 39<br \/>\n&#8211; Rua Florian\u00f3polis, entre n\u00fameros 725 e 850, S\u00e3o Geraldo<\/p>\n<p>Na sexta-feira, vai ser necess\u00e1rio interromper de 10h \u00e0s 16h, no endere\u00e7o abaixo:<\/p>\n<p>&#8211; Avenida Dois, entre n\u00fameros 239 e 690<br \/>\n&#8211; Rua Dois, entre n\u00fameros 279 e 368<br \/>\n&#8211; Rua Cristo Rei, entre n\u00fameros 43 e 69<br \/>\n&#8211; Rua da Cer\u00e2mica, entre n\u00fameros 84 e 96<br \/>\n&#8211; Rua Z\u00e9 Ninico, entre n\u00fameros 33 e 86<br \/>\n&#8211; Rua Rosa Ferreira, entre n\u00fameros 87 e 130<br \/>\n&#8211; Rua Vicente da J\u00falia, entre n\u00fameros 40 e 71<br \/>\n&#8211; Rua Joaquim Candeia, entre n\u00fameros 45 e 127<br \/>\n&#8211; Rua Etelvina Santana, entre n\u00fameros 38 e 139, S\u00e3o Geraldo<br \/>\n&#8211; Rua Ouro Verde, entre n\u00fameros 35 e 737, Centro<\/p>\n<p>Durante esse per\u00edodo, caso precise executar algum servi\u00e7o na instala\u00e7\u00e3o el\u00e9trica interna, o consumidor dever\u00e1 desligar antes a chave geral (disjuntor) para sua seguran\u00e7a.<\/p>\n<p>A Cemig esclarece que em fun\u00e7\u00e3o da complexidade dos servi\u00e7os a serem executados poder\u00e1 ocorrer atraso no hor\u00e1rio previsto ou cancelamento deste desligamento sem aviso pr\u00e9vio. Por medida de seguran\u00e7a todos os equipamentos devem ser considerados energizados durante o per\u00edodo mencionado. Caso os servi\u00e7os de melhoria sejam conclu\u00eddos antes do hor\u00e1rio indicado o fornecimento de energia el\u00e9trica ser\u00e1 restabelecido.<\/p>\n","protected":false},"excerpt":{"rendered":"<p>A Companhia Energ\u00e9tica de Minas Gerais \u2013 Cemig informa que, na pr\u00f3xima quinta-feira (02\/07) e sexta-feira (03\/07), realizar\u00e1 obra de extens\u00e3o de rede urbana, contratada pela Prefeitura Municipal de Itamarandiba, para implanta\u00e7\u00e3o da ilumina\u00e7\u00e3o p\u00fablica, trazendo mais conforto e seguran\u00e7a aos que trafegam nesse trecho. Para executar esse trabalho com seguran\u00e7a, ser\u00e1 necess\u00e1rio interromper o [&hellip;]<\/p>\n","protected":false},"author":1,"featured_media":62552,"comment_status":"open","ping_status":"closed","sticky":false,"template":"","format":"standard","meta":{"amp_status":"","footnotes":""},"categories":[120],"tags":[50447,347,24144,27413,50445,50446,31228,50444],"class_list":["post-62550","post","type-post","status-publish","format-standard","has-post-thumbnail","hentry","category-jequi","tag-22-ruas-de-itamarandiba-ficarao-sem-energia-nos-dias-2-e-3-de-julho","tag-cemig","tag-cemig-realiza-obras-na-rede-eletrica-de-itamarandiba","tag-falta-de-energia-em-itamarandiba","tag-falta-de-luz-em-itamarandiba","tag-interrupcao-no-fornecimento-de-energia-em-itamarandiba","tag-obras-na-rede-eletrica-de-itamarandiba","tag-queda-de-energia-em-itamarandiba"],"_links":{"self":[{"href":"https:\/\/aconteceunovale.com.br\/portal\/index.php?rest_route=\/wp\/v2\/posts\/62550","targetHints":{"allow":["GET"]}}],"collection":[{"href":"https:\/\/aconteceunovale.com.br\/portal\/index.php?rest_route=\/wp\/v2\/posts"}],"about":[{"href":"https:\/\/aconteceunovale.com.br\/portal\/index.php?rest_route=\/wp\/v2\/types\/post"}],"author":[{"embeddable":true,"href":"https:\/\/aconteceunovale.com.br\/portal\/index.php?rest_route=\/wp\/v2\/users\/1"}],"replies":[{"embeddable":true,"href":"https:\/\/aconteceunovale.com.br\/portal\/index.php?rest_route=%2Fwp%2Fv2%2Fcomments&post=62550"}],"version-history":[{"count":0,"href":"https:\/\/aconteceunovale.com.br\/portal\/index.php?rest_route=\/wp\/v2\/posts\/62550\/revisions"}],"wp:featuredmedia":[{"embeddable":true,"href":"https:\/\/aconteceunovale.com.br\/portal\/index.php?rest_route=\/wp\/v2\/media\/62552"}],"wp:attachment":[{"href":"https:\/\/aconteceunovale.com.br\/portal\/index.php?rest_route=%2Fwp%2Fv2%2Fmedia&parent=62550"}],"wp:term":[{"taxonomy":"category","embeddable":true,"href":"https:\/\/aconteceunovale.com.br\/portal\/index.php?rest_route=%2Fwp%2Fv2%2Fcategories&post=62550"},{"taxonomy":"post_tag","embeddable":true,"href":"https:\/\/aconteceunovale.com.br\/portal\/index.php?rest_route=%2Fwp%2Fv2%2Ftags&post=62550"}],"curies":[{"name":"wp","href":"https:\/\/api.w.org\/{rel}","templated":true}]}}