{"id":62547,"date":"2015-07-01T13:14:44","date_gmt":"2015-07-01T16:14:44","guid":{"rendered":"http:\/\/aconteceunovale.com.br\/portal\/?p=62547"},"modified":"2015-07-01T13:14:44","modified_gmt":"2015-07-01T16:14:44","slug":"operacao-veredas-do-cerrado-busca-irregularidades-em-nove-municipios-do-norte-de-minas","status":"publish","type":"post","link":"https:\/\/aconteceunovale.com.br\/portal\/?p=62547","title":{"rendered":"Opera\u00e7\u00e3o Veredas do Cerrado busca irregularidades em nove munic\u00edpios do Norte de Minas"},"content":{"rendered":"<h4><strong><em>A opera\u00e7\u00e3o envolve cerca de 60 pessoas da Semad e das pol\u00edcias Civil e Militar e tem o apoio de duas aeronaves.<\/em><\/strong><\/h4>\n<p>Uma s\u00e9rie de sobrevoos para identifica\u00e7\u00e3o de \u00e1reas desmatadas ilegalmente marcou os dois primeiros dias da Opera\u00e7\u00e3o Veredas do Cerrado no Norte de Minas Gerais. A a\u00e7\u00e3o \u00e9 coordenada pela Secretaria de Estado de Meio Ambiente e Desenvolvimento Sustent\u00e1vel (Semad) e busca punir respons\u00e1veis por supress\u00f5es irregulares de vegeta\u00e7\u00e3o no Cerrado e na Mata Atl\u00e2ntica.<\/p>\n<p>A opera\u00e7\u00e3o teve in\u00edcio na segunda-feira (29\/6) e envolve cerca de 60 pessoas da Semad e das pol\u00edcias Civil e Militar, com o apoio de duas aeronaves. O trabalho \u00e9 realizado simultaneamente em nove munic\u00edpios da regi\u00e3o: Formoso, Arinos, Janu\u00e1ria, Bonito, Mathias Cardoso, S\u00e3o Jo\u00e3o da Ponte, Chapada Ga\u00facha, Manga e S\u00e3o Francisco.<\/p>\n<p>O diretor de Estrat\u00e9gia em Fiscaliza\u00e7\u00e3o da Semad, Fl\u00e1vio Augusto Aquino, explica que os sobrevoos servem para localizar \u00e1reas desmatadas que j\u00e1 haviam sido identificadas pelo monitoramento por sat\u00e9lite. \u201cPelo alto identificamos a localiza\u00e7\u00e3o exata das \u00e1reas e as estradas de acesso que ser\u00e3o utilizadas pelas equipes de terra, al\u00e9m de outras \u00e1reas suspeitas\u201d, afirma.<\/p>\n<p>Aquino explica que o Norte de Minas concentra grandes \u00e1reas de vegeta\u00e7\u00e3o nativa remanescente, especialmente de Cerrado, que tem grande import\u00e2ncia natural, social e econ\u00f4mica. \u201cA regi\u00e3o abriga in\u00fameras Veredas que s\u00e3o especialmente valiosas por serem ref\u00fagio para fauna e flora e por abrigarem nascentes que formam in\u00fameros cursos d\u00b4\u00e1gua, que abastecem a regi\u00e3o, o Planalto Central Brasileiro e tamb\u00e9m contribuem para o rio S\u00e3o Francisco\u201d, destaca.<\/p>\n<p>A Opera\u00e7\u00e3o Veredas do Cerrado ter\u00e1 prosseguimento nos pr\u00f3ximos dias. Al\u00e9m das \u00e1reas desmatadas, ser\u00e3o fiscalizados caminh\u00f5es de carv\u00e3o, empresas empacotadoras e com\u00e9rcios, bem como ser\u00e1 verificada a situa\u00e7\u00e3o de empreendimentos embargados em opera\u00e7\u00f5es anteriores.<\/p>\n<p><img decoding=\"async\" src=\"http:\/\/aconteceunovale.com.br\/portal\/wp-content\/uploads\/2015\/07\/fiscalizacao-ambiental-busca-irregularidades-em-nove-municipios-do-norte-de-minas.jpg\" alt=\"\" \/><em>Sobrevoo identifica \u00e1reas de desmate irregular &#8211; Foto: Fl\u00e1vio Aquino \/ Ag\u00eancia Minas<\/em><\/p>\n","protected":false},"excerpt":{"rendered":"<p>A opera\u00e7\u00e3o envolve cerca de 60 pessoas da Semad e das pol\u00edcias Civil e Militar e tem o apoio de duas aeronaves. Uma s\u00e9rie de sobrevoos para identifica\u00e7\u00e3o de \u00e1reas desmatadas ilegalmente marcou os dois primeiros dias da Opera\u00e7\u00e3o Veredas do Cerrado no Norte de Minas Gerais. A a\u00e7\u00e3o \u00e9 coordenada pela Secretaria de Estado [&hellip;]<\/p>\n","protected":false},"author":1,"featured_media":62548,"comment_status":"open","ping_status":"closed","sticky":false,"template":"","format":"standard","meta":{"amp_status":"","footnotes":""},"categories":[1236],"tags":[50439,253,50441,3057,50440,1018,50438,50443,334,205,1356,50442,50436,50435,50437,1522,2448,24666],"class_list":["post-62547","post","type-post","status-publish","format-standard","has-post-thumbnail","hentry","category-norte_de_minas","tag-areas-desmatadas-no-norte-de-minas","tag-arinos","tag-bonito","tag-chapada-gaucha","tag-desmatamento-ilegal-no-norte-de-minas","tag-destaque","tag-fiscalizacao-ambiental-no-norte-de-minas","tag-flavio-augusto-aquino","tag-formoso","tag-januaria","tag-manga","tag-mathias-cardoso","tag-operacao-veredas-do-cerrado","tag-operacao-veredas-do-cerrado-busca-irregularidades-em-nove-municipios-do-norte-de-minas","tag-operacao-veredas-do-cerrado-no-norte-de-minas","tag-sao-francisco","tag-sao-joao-da-ponte","tag-semad"],"_links":{"self":[{"href":"https:\/\/aconteceunovale.com.br\/portal\/index.php?rest_route=\/wp\/v2\/posts\/62547","targetHints":{"allow":["GET"]}}],"collection":[{"href":"https:\/\/aconteceunovale.com.br\/portal\/index.php?rest_route=\/wp\/v2\/posts"}],"about":[{"href":"https:\/\/aconteceunovale.com.br\/portal\/index.php?rest_route=\/wp\/v2\/types\/post"}],"author":[{"embeddable":true,"href":"https:\/\/aconteceunovale.com.br\/portal\/index.php?rest_route=\/wp\/v2\/users\/1"}],"replies":[{"embeddable":true,"href":"https:\/\/aconteceunovale.com.br\/portal\/index.php?rest_route=%2Fwp%2Fv2%2Fcomments&post=62547"}],"version-history":[{"count":0,"href":"https:\/\/aconteceunovale.com.br\/portal\/index.php?rest_route=\/wp\/v2\/posts\/62547\/revisions"}],"wp:featuredmedia":[{"embeddable":true,"href":"https:\/\/aconteceunovale.com.br\/portal\/index.php?rest_route=\/wp\/v2\/media\/62548"}],"wp:attachment":[{"href":"https:\/\/aconteceunovale.com.br\/portal\/index.php?rest_route=%2Fwp%2Fv2%2Fmedia&parent=62547"}],"wp:term":[{"taxonomy":"category","embeddable":true,"href":"https:\/\/aconteceunovale.com.br\/portal\/index.php?rest_route=%2Fwp%2Fv2%2Fcategories&post=62547"},{"taxonomy":"post_tag","embeddable":true,"href":"https:\/\/aconteceunovale.com.br\/portal\/index.php?rest_route=%2Fwp%2Fv2%2Ftags&post=62547"}],"curies":[{"name":"wp","href":"https:\/\/api.w.org\/{rel}","templated":true}]}}