{"id":62305,"date":"2015-06-29T07:27:44","date_gmt":"2015-06-29T10:27:44","guid":{"rendered":"http:\/\/aconteceunovale.com.br\/portal\/?p=62305"},"modified":"2015-06-29T07:27:44","modified_gmt":"2015-06-29T10:27:44","slug":"previsao-do-tempo-para-minas-gerais-nesta-segunda-feira-29-de-junho","status":"publish","type":"post","link":"https:\/\/aconteceunovale.com.br\/portal\/?p=62305","title":{"rendered":"Previs\u00e3o do tempo para Minas Gerais nesta segunda-feira, 29 de junho"},"content":{"rendered":"<h4><strong><em>Parcialmente nublado na maior parte do estado. No decorrer do semana, temperatura ter\u00e1 ligeira eleva\u00e7\u00e3o durante o dia<\/em><\/strong><\/h4>\n<p>Nesta segunda-feira (29\/6), a massa de ar frio mant\u00e9m as temperaturas baixas no Sudeste do pa\u00eds. Em Minas Gerais, o tempo deve ficar parcialmente nublado, com n\u00e9voa \u00famida pela manh\u00e3 no Rio Doce, Mucuri e Jequitinhonha. Na Zona da Mata, Campo das Vertentes, Sul e Centro, o tempo deve ficar ensolarado a parcialmente nublado. Nas demais regi\u00f5es do estado, o tempo deve ficar ensolarado, com n\u00e9voa seca no per\u00edodo da tarde. <\/p>\n<p>Na Regi\u00e3o Metropolitana de Belo Horizonte, a semana come\u00e7a com sol entre nuvens. As temperaturas permanecem amenas em todas as regi\u00f5es mineiras. Hoje, a temperatura m\u00ednima registrada na capital mineira foi 11\u00b0C, a m\u00e1xima prevista \u00e0 tarde \u00e9 de 23\u00b0C e a umidade do ar deve ficar na casa dos 40%. A tend\u00eancia ao longo da semana \u00e9 de tempo est\u00e1vel e temperaturas diurnas em gradativa eleva\u00e7\u00e3o sobre Minas Gerais.<\/p>\n","protected":false},"excerpt":{"rendered":"<p>Parcialmente nublado na maior parte do estado. No decorrer do semana, temperatura ter\u00e1 ligeira eleva\u00e7\u00e3o durante o dia Nesta segunda-feira (29\/6), a massa de ar frio mant\u00e9m as temperaturas baixas no Sudeste do pa\u00eds. Em Minas Gerais, o tempo deve ficar parcialmente nublado, com n\u00e9voa \u00famida pela manh\u00e3 no Rio Doce, Mucuri e Jequitinhonha. Na [&hellip;]<\/p>\n","protected":false},"author":1,"featured_media":51728,"comment_status":"open","ping_status":"closed","sticky":false,"template":"","format":"standard","meta":{"amp_status":"","footnotes":""},"categories":[123],"tags":[50035,44471,1956,1839,28170,50036],"class_list":["post-62305","post","type-post","status-publish","format-standard","has-post-thumbnail","hentry","category-gerais","tag-29-de-junho","tag-nesta-segunda-feira","tag-previsao-do-tempo","tag-previsao-do-tempo-para-minas-gerais","tag-previsao-do-tempo-para-minas-gerais-nesta-segunda-feira","tag-previsao-do-tempo-para-minas-gerais-nesta-segunda-feira-29-de-junho"],"_links":{"self":[{"href":"https:\/\/aconteceunovale.com.br\/portal\/index.php?rest_route=\/wp\/v2\/posts\/62305","targetHints":{"allow":["GET"]}}],"collection":[{"href":"https:\/\/aconteceunovale.com.br\/portal\/index.php?rest_route=\/wp\/v2\/posts"}],"about":[{"href":"https:\/\/aconteceunovale.com.br\/portal\/index.php?rest_route=\/wp\/v2\/types\/post"}],"author":[{"embeddable":true,"href":"https:\/\/aconteceunovale.com.br\/portal\/index.php?rest_route=\/wp\/v2\/users\/1"}],"replies":[{"embeddable":true,"href":"https:\/\/aconteceunovale.com.br\/portal\/index.php?rest_route=%2Fwp%2Fv2%2Fcomments&post=62305"}],"version-history":[{"count":0,"href":"https:\/\/aconteceunovale.com.br\/portal\/index.php?rest_route=\/wp\/v2\/posts\/62305\/revisions"}],"wp:featuredmedia":[{"embeddable":true,"href":"https:\/\/aconteceunovale.com.br\/portal\/index.php?rest_route=\/wp\/v2\/media\/51728"}],"wp:attachment":[{"href":"https:\/\/aconteceunovale.com.br\/portal\/index.php?rest_route=%2Fwp%2Fv2%2Fmedia&parent=62305"}],"wp:term":[{"taxonomy":"category","embeddable":true,"href":"https:\/\/aconteceunovale.com.br\/portal\/index.php?rest_route=%2Fwp%2Fv2%2Fcategories&post=62305"},{"taxonomy":"post_tag","embeddable":true,"href":"https:\/\/aconteceunovale.com.br\/portal\/index.php?rest_route=%2Fwp%2Fv2%2Ftags&post=62305"}],"curies":[{"name":"wp","href":"https:\/\/api.w.org\/{rel}","templated":true}]}}