{"id":62301,"date":"2015-06-28T10:44:38","date_gmt":"2015-06-28T13:44:38","guid":{"rendered":"http:\/\/aconteceunovale.com.br\/portal\/?p=62301"},"modified":"2015-06-29T07:55:33","modified_gmt":"2015-06-29T10:55:33","slug":"filho-de-vereador-e-assassinado-em-rio-pardo-de-minas","status":"publish","type":"post","link":"https:\/\/aconteceunovale.com.br\/portal\/?p=62301","title":{"rendered":"Filho de vereador \u00e9 assassinado em Rio Pardo de Minas"},"content":{"rendered":"<h4><strong><em>Crime aconteceu na comunidade do Tra\u00e7adal. Autor do crime \u00e9 procurado pela Pol\u00edcia.<\/em><\/strong><\/h4>\n<p>O filho do vereador Donizete Jose de Sa (PRTB), conhecido como Donizete do Tra\u00e7adal, foi executado a tiros na madrugada deste domingo, 28 de junho, na zona rural do munic\u00edpio. Segundo informa\u00e7\u00f5es, o jovem Pedro Henrique, de 18 anos, foi alvejado por pelo menos quatro disparos de arma de fogo durante uma briga em uma festa na Comunidade do Tra\u00e7adal.<\/p>\n<p>De acordo com a Pol\u00edcia Militar (PM), o jovem chegou a ser socorrido por terceiros e encaminhado ao HPS local, mas n\u00e3o resistiu e veio a \u00f3bito. O corpo foi removido ao Instituto M\u00e9dico Legal (IML) da regi\u00e3o para os procedimentos de praxe. Ainda segundo a PM, o suspeito do crime tinha uma rixa com um dos amigos do rapaz. <\/p>\n<p>Conforme relatos de amigos, a v\u00edtima era aluno do curso de agronomia em uma institui\u00e7\u00e3o de ensino superior em Jana\u00faba. Em uma p\u00e1gina do jovem numa rede social, amigos deixam dezenas de mensagens lamentando a perda.<\/p>\n<p><img decoding=\"async\" src=\"http:\/\/aconteceunovale.com.br\/portal\/wp-content\/uploads\/2015\/06\/filho_vereador_tracadal.jpg\" alt=\"\" \/><em>Pedro Henrique tinha 18 anos &#8211; Foto: Reprodu\u00e7\u00e3o \/ Facebook<\/em><\/p>\n","protected":false},"excerpt":{"rendered":"<p>Crime aconteceu na comunidade do Tra\u00e7adal. Autor do crime \u00e9 procurado pela Pol\u00edcia. O filho do vereador Donizete Jose de Sa (PRTB), conhecido como Donizete do Tra\u00e7adal, foi executado a tiros na madrugada deste domingo, 28 de junho, na zona rural do munic\u00edpio. Segundo informa\u00e7\u00f5es, o jovem Pedro Henrique, de 18 anos, foi alvejado por [&hellip;]<\/p>\n","protected":false},"author":1,"featured_media":62302,"comment_status":"open","ping_status":"closed","sticky":false,"template":"","format":"standard","meta":{"amp_status":"","footnotes":""},"categories":[1236],"tags":[50032,50028,50030,50029,50027,50025,50031,421,50026],"class_list":["post-62301","post","type-post","status-publish","format-standard","has-post-thumbnail","hentry","category-norte_de_minas","tag-comunidade-do-tracadal","tag-donizete-do-tracadal","tag-donizete-jose-de-sa","tag-filho-de-donizete-do-tracadal","tag-filho-de-vereador-de-rio-pardo-de-minas","tag-filho-de-vereador-e-assassinado-em-rio-pardo-de-minas","tag-pedro-henrique","tag-rio-pardo-de-minas","tag-tracadal"],"_links":{"self":[{"href":"https:\/\/aconteceunovale.com.br\/portal\/index.php?rest_route=\/wp\/v2\/posts\/62301","targetHints":{"allow":["GET"]}}],"collection":[{"href":"https:\/\/aconteceunovale.com.br\/portal\/index.php?rest_route=\/wp\/v2\/posts"}],"about":[{"href":"https:\/\/aconteceunovale.com.br\/portal\/index.php?rest_route=\/wp\/v2\/types\/post"}],"author":[{"embeddable":true,"href":"https:\/\/aconteceunovale.com.br\/portal\/index.php?rest_route=\/wp\/v2\/users\/1"}],"replies":[{"embeddable":true,"href":"https:\/\/aconteceunovale.com.br\/portal\/index.php?rest_route=%2Fwp%2Fv2%2Fcomments&post=62301"}],"version-history":[{"count":0,"href":"https:\/\/aconteceunovale.com.br\/portal\/index.php?rest_route=\/wp\/v2\/posts\/62301\/revisions"}],"wp:featuredmedia":[{"embeddable":true,"href":"https:\/\/aconteceunovale.com.br\/portal\/index.php?rest_route=\/wp\/v2\/media\/62302"}],"wp:attachment":[{"href":"https:\/\/aconteceunovale.com.br\/portal\/index.php?rest_route=%2Fwp%2Fv2%2Fmedia&parent=62301"}],"wp:term":[{"taxonomy":"category","embeddable":true,"href":"https:\/\/aconteceunovale.com.br\/portal\/index.php?rest_route=%2Fwp%2Fv2%2Fcategories&post=62301"},{"taxonomy":"post_tag","embeddable":true,"href":"https:\/\/aconteceunovale.com.br\/portal\/index.php?rest_route=%2Fwp%2Fv2%2Ftags&post=62301"}],"curies":[{"name":"wp","href":"https:\/\/api.w.org\/{rel}","templated":true}]}}