{"id":62295,"date":"2015-06-28T10:05:26","date_gmt":"2015-06-28T13:05:26","guid":{"rendered":"http:\/\/aconteceunovale.com.br\/portal\/?p=62295"},"modified":"2015-06-28T22:13:51","modified_gmt":"2015-06-29T01:13:51","slug":"duas-pessoas-morrem-em-acidente-entre-carro-e-caminhao-na-br-381","status":"publish","type":"post","link":"https:\/\/aconteceunovale.com.br\/portal\/?p=62295","title":{"rendered":"Duas pessoas morrem em acidente entre carro e caminh\u00e3o na BR-381"},"content":{"rendered":"<h4><strong><em>Carro de passeio e Caminh\u00e3o-tanque bateram no Trevo de Caet\u00e9. V\u00edtimas estavam no carro.<\/em><\/strong><\/h4>\n<p>Duas pessoas morreram em um grave acidente que aconteceu na manh\u00e3 deste domingo na BR-381, nas proximidades do Trevo de Caet\u00e9, na Regi\u00e3o Metropolitana de Belo Horizonte. A batida envolveu um Celta prata e uma caminh\u00e3o-tanque, no km 429 da rodovia.<\/p>\n<p>As v\u00edtimas, Br\u00e1ulio In\u00e1cio de Correia, de 26 anos, e Carlos Henrique Gomes, 21, estavam no ve\u00edculo de passeio e morreram no local. Uma delas ficou presa \u00e0s ferragens. O motorista da carreta nada sofreu.<\/p>\n<p>Duas viaturas do Corpo de Bombeiros e o helic\u00f3ptero Arcanjo 4 foram direcionados para o local do acidente. A per\u00edcia est\u00e1 no local.<\/p>\n<p>Por causa do acidente, ambos os sentidos da rodovia precisaram ser interditados. Mas, neste momento, os ve\u00edculos fecham apenas uma faixa no sentido Jo\u00e3o Monlevade. O tr\u00e2nsito flui normalmente no trecho.<\/p>\n<p><img decoding=\"async\" src=\"http:\/\/aconteceunovale.com.br\/portal\/wp-content\/uploads\/2015\/06\/acidente_caete_1.jpg\" alt=\"\" \/><em>Duas pessoas morreram no acidente &#8211; Foto: Corpo de Bombeiros\/Divulga\u00e7\u00e3o<\/em><br \/>\n<\/br><\/p>\n<p><img decoding=\"async\" src=\"http:\/\/aconteceunovale.com.br\/portal\/wp-content\/uploads\/2015\/06\/acidente_caete_2.jpg\" alt=\"\" \/><em>Duas pessoas morreram no acidente &#8211; Foto: Corpo de Bombeiros\/Divulga\u00e7\u00e3o<\/em><br \/>\n<\/br><\/p>\n<p><img decoding=\"async\" src=\"http:\/\/aconteceunovale.com.br\/portal\/wp-content\/uploads\/2015\/06\/acidente_caete_3.jpg\" alt=\"\" \/><em>Duas pessoas morreram no acidente &#8211; Foto: Corpo de Bombeiros\/Divulga\u00e7\u00e3o<\/em><br \/>\n<\/br><\/p>\n<p><em>(Fonte: R\u00e1dio Itatiaia)<\/em><\/p>\n","protected":false},"excerpt":{"rendered":"<p>Carro de passeio e Caminh\u00e3o-tanque bateram no Trevo de Caet\u00e9. V\u00edtimas estavam no carro. Duas pessoas morreram em um grave acidente que aconteceu na manh\u00e3 deste domingo na BR-381, nas proximidades do Trevo de Caet\u00e9, na Regi\u00e3o Metropolitana de Belo Horizonte. A batida envolveu um Celta prata e uma caminh\u00e3o-tanque, no km 429 da rodovia. [&hellip;]<\/p>\n","protected":false},"author":1,"featured_media":62296,"comment_status":"open","ping_status":"closed","sticky":false,"template":"","format":"standard","meta":{"amp_status":"","footnotes":""},"categories":[123],"tags":[50022,50023,50021,50033,6970,50034,50024,50020],"class_list":["post-62295","post","type-post","status-publish","format-standard","has-post-thumbnail","hentry","category-gerais","tag-acidente-com-celta-no-trevo-de-caete","tag-acidente-entre-celta-e-caminhao-tanque-no-trevo-de-caete","tag-acidente-no-trevo-de-caete","tag-braulio-inacio-de-correia","tag-caete","tag-carlos-henrique-gomes","tag-duas-pessoas-morrem-em-acidente-entre-carro-e-caminhao-na-br-381","tag-trevo-de-caete"],"_links":{"self":[{"href":"https:\/\/aconteceunovale.com.br\/portal\/index.php?rest_route=\/wp\/v2\/posts\/62295","targetHints":{"allow":["GET"]}}],"collection":[{"href":"https:\/\/aconteceunovale.com.br\/portal\/index.php?rest_route=\/wp\/v2\/posts"}],"about":[{"href":"https:\/\/aconteceunovale.com.br\/portal\/index.php?rest_route=\/wp\/v2\/types\/post"}],"author":[{"embeddable":true,"href":"https:\/\/aconteceunovale.com.br\/portal\/index.php?rest_route=\/wp\/v2\/users\/1"}],"replies":[{"embeddable":true,"href":"https:\/\/aconteceunovale.com.br\/portal\/index.php?rest_route=%2Fwp%2Fv2%2Fcomments&post=62295"}],"version-history":[{"count":0,"href":"https:\/\/aconteceunovale.com.br\/portal\/index.php?rest_route=\/wp\/v2\/posts\/62295\/revisions"}],"wp:featuredmedia":[{"embeddable":true,"href":"https:\/\/aconteceunovale.com.br\/portal\/index.php?rest_route=\/wp\/v2\/media\/62296"}],"wp:attachment":[{"href":"https:\/\/aconteceunovale.com.br\/portal\/index.php?rest_route=%2Fwp%2Fv2%2Fmedia&parent=62295"}],"wp:term":[{"taxonomy":"category","embeddable":true,"href":"https:\/\/aconteceunovale.com.br\/portal\/index.php?rest_route=%2Fwp%2Fv2%2Fcategories&post=62295"},{"taxonomy":"post_tag","embeddable":true,"href":"https:\/\/aconteceunovale.com.br\/portal\/index.php?rest_route=%2Fwp%2Fv2%2Ftags&post=62295"}],"curies":[{"name":"wp","href":"https:\/\/api.w.org\/{rel}","templated":true}]}}