{"id":62293,"date":"2015-06-28T09:16:09","date_gmt":"2015-06-28T12:16:09","guid":{"rendered":"http:\/\/aconteceunovale.com.br\/portal\/?p=62293"},"modified":"2015-06-28T09:16:09","modified_gmt":"2015-06-28T12:16:09","slug":"tres-homens-sao-assassinados-na-regiao-leste-de-minas","status":"publish","type":"post","link":"https:\/\/aconteceunovale.com.br\/portal\/?p=62293","title":{"rendered":"Tr\u00eas homens s\u00e3o assassinados na regi\u00e3o Leste de Minas"},"content":{"rendered":"<h4><strong><em>Crimes foram registrados em Pocrane, Ipatinga e Ipaba. Em uma das ocorr\u00eancias, o autor foi preso e confessou o crime.<\/em><\/strong><\/h4>\n<p>Tr\u00eas pessoas foram assassinadas nesse s\u00e1bado, 27 de junho, em munic\u00edpios da regi\u00e3o Leste de Minas Gerais. O caso mais recente foi registrado na Rua Vila Rica, no Bairro S\u00e3o Jos\u00e9, em Ipaba (MG). De acordo com a Pol\u00edcia Militar (PM), Brendon Lucas Euz\u00e9bio Souza, de 19 anos, foi alvejado por tr\u00eas disparos de arma de fogo por volta das 20 horas.<\/p>\n<p>A v\u00edtima recebeu atendimento m\u00e9dico em um Posto de Sa\u00fade de Ipaba e posteriormente foi transferido para o Hospital M\u00e1rcio Cunha em Ipatinga, mas n\u00e3o resistiu aos ferimentos e veio a \u00f3bito. <\/p>\n<p>Um denunciante an\u00f4nimo informou a PM o nome de um homem suspeito do crime. Os militares iniciaram rastreamentos com intuito de localizar e prender o autor, por\u00e9m sem \u00eaxito at\u00e9 o final da noite.<\/p>\n<p><strong>Morto a facadas em Ipatinga<\/strong><\/p>\n<p>No bairro Limoeiro, em Ipatinga, um homem de 46 anos foi morto a facadas. Adelmo Candido de Paula foi esfaqueado durante uma briga em um bar da Rua Jos\u00e9 Gomes Ribeiro.<\/p>\n<p>Segundo a Pol\u00edcia Militar (PM), populares relataram que o autor e a v\u00edtima faziam uso de bebida alco\u00f3lica e ap\u00f3s uma discuss\u00e3o, o autor desferiu golpes de faca contra v\u00edtima e fugiu. A Per\u00edcia T\u00e9cnica da Pol\u00edcia Civil foi acionada e ap\u00f3s os trabalhos de praxe, o corpo foi removido ao Instituto M\u00e9dico Legal (IML) de Ipatinga. <\/p>\n<p>A Pol\u00edcia Militar realizou rastreamentos e localizou o autor, um jovem de 23 anos, que foi preso em flagrante e conduzido a Delegacia de Pol\u00edcia para demais provid\u00eancias. Ainda segundo a PM, o criminoso confirmou que esfaqueou a v\u00edtima, contudo, ap\u00f3s saber que o atingido havia morrido, passou a negar o fato.<\/p>\n<p><strong>Executado em Pocrane<\/strong><\/p>\n<p>O terceiro assassinato foi registrado no munic\u00edpio de Pocrane. Jos\u00e9 Carlos Lana, de 42 anos, foi morto a tiros pr\u00f3ximo ao campo de futebol, na estrada que d\u00e1 acesso ao C\u00f3rrego Cerejeira, no distrito de Assara\u00ed. <\/p>\n<p>De acordo com a Pol\u00edcia Militar (PM), a Per\u00edcia T\u00e9cnica da Pol\u00edcia Civil constatou nove perfura\u00e7\u00f5es provenientes de arma de fogo no t\u00f3rax e regi\u00e3o lombar e uma perfura\u00e7\u00e3o na perna esquerda.<\/p>\n<p>A Pol\u00edcia Militar realizou intenso patrulhamento na regi\u00e3o, mas n\u00e3o foi poss\u00edvel identificar e localizar os poss\u00edveis autores do crime. Ainda segundo a PM, a v\u00edtima tinha passagens por homic\u00eddio, furto, resist\u00eancia, recepta\u00e7\u00e3o e tinha mandado de pris\u00e3o em aberto da Comarca de Aimor\u00e9s.<\/p>\n","protected":false},"excerpt":{"rendered":"<p>Crimes foram registrados em Pocrane, Ipatinga e Ipaba. Em uma das ocorr\u00eancias, o autor foi preso e confessou o crime. Tr\u00eas pessoas foram assassinadas nesse s\u00e1bado, 27 de junho, em munic\u00edpios da regi\u00e3o Leste de Minas Gerais. O caso mais recente foi registrado na Rua Vila Rica, no Bairro S\u00e3o Jos\u00e9, em Ipaba (MG). De [&hellip;]<\/p>\n","protected":false},"author":1,"featured_media":42404,"comment_status":"open","ping_status":"closed","sticky":false,"template":"","format":"standard","meta":{"amp_status":"","footnotes":""},"categories":[121],"tags":[50010,50003,50008,50015,36773,31318,50014,50005,36772,27671,50012,2234,201,50017,36774,50007,50013,50006,36775,50009,50016,2147,50011,50019,50018,50004],"class_list":["post-62293","post","type-post","status-publish","format-standard","has-post-thumbnail","hentry","category-leste","tag-adelmo-candido-de-paula","tag-assassinado-em-ipaba","tag-assassinado-em-ipatinga","tag-assassinado-em-pocrane","tag-assassinato-em-ipaba","tag-assassinato-em-ipatinga","tag-assassinato-em-pocrane","tag-brendon-lucas-euzebio-souza","tag-homicidio-em-ipaba","tag-homicidio-em-ipatinga","tag-homicidio-em-pocrane","tag-ipaba","tag-ipatinga","tag-jose-carlos-lana","tag-morte-em-ipaba","tag-morte-em-ipatinga","tag-morte-em-pocrane","tag-morto-a-facadas-em-ipatinga","tag-morto-em-ipaba","tag-morto-em-ipatinga","tag-morto-em-pocrane","tag-pocrane","tag-ricardo-miranda-junio-franca","tag-tres-homens-sao-assassinados-na-regiao-do-vale-do-rio-doce","tag-tres-homens-sao-assassinados-na-regiao-leste-de-minas","tag-washington-freitas-procopio"],"_links":{"self":[{"href":"https:\/\/aconteceunovale.com.br\/portal\/index.php?rest_route=\/wp\/v2\/posts\/62293","targetHints":{"allow":["GET"]}}],"collection":[{"href":"https:\/\/aconteceunovale.com.br\/portal\/index.php?rest_route=\/wp\/v2\/posts"}],"about":[{"href":"https:\/\/aconteceunovale.com.br\/portal\/index.php?rest_route=\/wp\/v2\/types\/post"}],"author":[{"embeddable":true,"href":"https:\/\/aconteceunovale.com.br\/portal\/index.php?rest_route=\/wp\/v2\/users\/1"}],"replies":[{"embeddable":true,"href":"https:\/\/aconteceunovale.com.br\/portal\/index.php?rest_route=%2Fwp%2Fv2%2Fcomments&post=62293"}],"version-history":[{"count":0,"href":"https:\/\/aconteceunovale.com.br\/portal\/index.php?rest_route=\/wp\/v2\/posts\/62293\/revisions"}],"wp:featuredmedia":[{"embeddable":true,"href":"https:\/\/aconteceunovale.com.br\/portal\/index.php?rest_route=\/wp\/v2\/media\/42404"}],"wp:attachment":[{"href":"https:\/\/aconteceunovale.com.br\/portal\/index.php?rest_route=%2Fwp%2Fv2%2Fmedia&parent=62293"}],"wp:term":[{"taxonomy":"category","embeddable":true,"href":"https:\/\/aconteceunovale.com.br\/portal\/index.php?rest_route=%2Fwp%2Fv2%2Fcategories&post=62293"},{"taxonomy":"post_tag","embeddable":true,"href":"https:\/\/aconteceunovale.com.br\/portal\/index.php?rest_route=%2Fwp%2Fv2%2Ftags&post=62293"}],"curies":[{"name":"wp","href":"https:\/\/api.w.org\/{rel}","templated":true}]}}