{"id":62241,"date":"2015-06-27T11:32:53","date_gmt":"2015-06-27T14:32:53","guid":{"rendered":"http:\/\/aconteceunovale.com.br\/portal\/?p=62241"},"modified":"2015-06-27T11:32:53","modified_gmt":"2015-06-27T14:32:53","slug":"acao-do-homem-causa-seca-da-foz-do-rio-doce-pela-primeira-vez","status":"publish","type":"post","link":"https:\/\/aconteceunovale.com.br\/portal\/?p=62241","title":{"rendered":"A\u00e7\u00e3o do homem causa seca da foz do Rio Doce pela primeira vez"},"content":{"rendered":"<p>As \u00e1guas barrentas do Rio Doce que encantaram os desbravadores do Brasil na \u00e9poca do descobrimento j\u00e1 n\u00e3o colorem mais o mar. Por causa dos grandes per\u00edodos de estiagem, extin\u00e7\u00e3o de nascentes e assoreamentos, a foz do rio que fica em Reg\u00eancia, litoral de Linhares  (ES) secou. Embora in\u00e9dito e preocupante, esse fen\u00f4meno, foi anunciado. Para o ambientalista Henrique Lobo, membro do Comit\u00ea da Bacia Hidrogr\u00e1fica do Rio Doce, a a\u00e7\u00e3o degradante do homem foi determinante.<\/p>\n<p>\u201c\u00c9 um fen\u00f4meno natural de mar\u00e9 e do pr\u00f3prio rio, mas em raz\u00e3o da degrada\u00e7\u00e3o iniciada nas d\u00e9cadas de 50 e 60, temos hoje apenas 4% de floresta natural (Mata Atl\u00e2ntica) e 80% das pastagens degradadas\u201d, justifica. Lobo, que estuda a Bacia h\u00e1 35 anos, explica que o rio \u00e9 um delta de 110 quil\u00f4metros com tr\u00eas bra\u00e7os naturais. Dois deles, os do sul e do norte, secaram ao longo dos anos, mas o principal resistia at\u00e9 que h\u00e1 dez dias n\u00e3o conseguiu mais transpor um cord\u00e3o de areia de 15 a 20 metros de largura e chegar ao mar.<\/p>\n<p>\u201cA concentra\u00e7\u00e3o de sedimentos e areia dentro do Rio Doce \u00e9 muito grande, provocando um assoreamento grave. Em 1960 o rio tinha tr\u00eas metros de profundidade m\u00e9dia e hoje tem 90 cent\u00edmetros de profundidade m\u00e9dia\u201d, explica. Apesar disso, h\u00e1 esperan\u00e7a. A sugest\u00e3o do ambientalista \u00e9 que o canal seja aberto naturalmente, \u201ccom a din\u00e2mica do rio realizando a abertura da foz dele\u201d. Segundo ele, a tend\u00eancia \u00e9 que esse ano chova 20% a mais que a m\u00e9dia hist\u00f3rica na Bacia, que \u00e9 de 1,5 mililitros por ano.<\/p>\n<p>Essas chuvas poder\u00e3o fazer com que o rio aumente a sua vaz\u00e3o e rompa o cord\u00e3o de areia que o separa do mar. Nesta sexta-feira (26) choveu forte em Linhares. Outra solu\u00e7\u00e3o \u00e9 a recupera\u00e7\u00e3o das nascentes e dos topos de morros. \u201cA \u00e1gua que infiltra no topo das montanhas gasta at\u00e9 seis meses para sair nas nascentes\u201d, explica, contando que por ser de terreno acidentado, a Bacia que tem 83,4 mil quil\u00f4metros quadrados de extens\u00e3o \u00e9 considerada \u201cum mar de morros\u201d.<\/p>\n<p>O Rio Doce \u00e9 o maior do Esp\u00edrito Santo e apesar do seu terceiro bra\u00e7o ter secado, Lobo n\u00e3o acredita em desabastecimento na regi\u00e3o que seria de plan\u00edcie e rica em \u00e1gua no subsolo. \u201cN\u00e3o \u00e9 como acontece na regi\u00e3o de Governador Valadares, onde cava-se um po\u00e7o a 100 e 150 metros de profundidade sem, contudo, encontrar \u00e1gua\u201d, exemplifica.<\/p>\n<p><strong>Seca<\/strong><\/p>\n<p>\u201cAgora n\u00e3o est\u00e1 faltando \u00e1gua para o consumo, mas nossa preocupa\u00e7\u00e3o \u00e9 com o futuro. A vaz\u00e3o est\u00e1 cada dia menor\u201d, explica o empres\u00e1rio de turismo em Vila Reg\u00eancia, Robson Barros da Rocha, de 46 anos. \u201c\u00c9 preocupante e triste ver essa boca da barra (foz) fechada\u201d, completa, contando que o percurso dos pescadores para chegar ao mar aumentou de tr\u00eas para 12 quil\u00f4metros. \u201cE precisam dar uma volta e tanto\u201d. A Bacia do Rio Doce \u00e9 composta por 228 munic\u00edpios, sendo 26 capixabas e 202 mineiros.<\/p>\n<p><strong>Volume<\/strong><\/p>\n<p>Esta semana, conforme o ambientalista, o volume de \u00e1gua do Rio Doce est\u00e1 abaixo do pior volume registrado em per\u00edodo de seca, que foi de 330 metros c\u00fabicos por segundo. Em janeiro deste ano, per\u00edodo tradicionalmente chuvoso, entre Colatina e Linhares, ambas no Esp\u00edrito Santo, a vaz\u00e3o registrada foi 156 metros c\u00fabicos por segundo. \u201cT\u00e3o pouca \u00e1gua n\u00e3o consegue mesmo chegar ao mar\u201d, analisou.<\/p>\n<p><img decoding=\"async\" src=\"http:\/\/aconteceunovale.com.br\/portal\/wp-content\/uploads\/2015\/06\/seca_da_foz_do_rio_doce.jpg\" alt=\"\" \/><em>A\u00e7\u00e3o do homem causa seca da foz do Rio Doce pela primeira vez &#8211; Foto: Robson Barros\/Reg\u00eancia Surf<\/em><br \/>\n<\/br><\/p>\n<p><em>(Fonte: Hoje em Dia)<\/em><\/p>\n","protected":false},"excerpt":{"rendered":"<p>As \u00e1guas barrentas do Rio Doce que encantaram os desbravadores do Brasil na \u00e9poca do descobrimento j\u00e1 n\u00e3o colorem mais o mar. Por causa dos grandes per\u00edodos de estiagem, extin\u00e7\u00e3o de nascentes e assoreamentos, a foz do rio que fica em Reg\u00eancia, litoral de Linhares (ES) secou. Embora in\u00e9dito e preocupante, esse fen\u00f4meno, foi anunciado. [&hellip;]<\/p>\n","protected":false},"author":1,"featured_media":62242,"comment_status":"open","ping_status":"closed","sticky":false,"template":"","format":"standard","meta":{"amp_status":"","footnotes":""},"categories":[6],"tags":[49906,49905,49910,1018,49908,247,49911,1774,49913,49907,49909,49912],"class_list":["post-62241","post","type-post","status-publish","format-standard","has-post-thumbnail","hentry","category-br","tag-acao-do-homem-causa-seca-da-foz-do-rio-doce","tag-acao-do-homem-causa-seca-da-foz-do-rio-doce-pela-primeira-vez","tag-comite-da-bacia-hidrografica-do-rio-doce","tag-destaque","tag-foz-do-rio-doce","tag-governador-valadares","tag-henrique-lobo","tag-rio-doce","tag-robson-barros-da-rocha","tag-seca-da-foz-do-rio-doce","tag-seca-do-rio-doce","tag-vila-regencia"],"_links":{"self":[{"href":"https:\/\/aconteceunovale.com.br\/portal\/index.php?rest_route=\/wp\/v2\/posts\/62241","targetHints":{"allow":["GET"]}}],"collection":[{"href":"https:\/\/aconteceunovale.com.br\/portal\/index.php?rest_route=\/wp\/v2\/posts"}],"about":[{"href":"https:\/\/aconteceunovale.com.br\/portal\/index.php?rest_route=\/wp\/v2\/types\/post"}],"author":[{"embeddable":true,"href":"https:\/\/aconteceunovale.com.br\/portal\/index.php?rest_route=\/wp\/v2\/users\/1"}],"replies":[{"embeddable":true,"href":"https:\/\/aconteceunovale.com.br\/portal\/index.php?rest_route=%2Fwp%2Fv2%2Fcomments&post=62241"}],"version-history":[{"count":0,"href":"https:\/\/aconteceunovale.com.br\/portal\/index.php?rest_route=\/wp\/v2\/posts\/62241\/revisions"}],"wp:featuredmedia":[{"embeddable":true,"href":"https:\/\/aconteceunovale.com.br\/portal\/index.php?rest_route=\/wp\/v2\/media\/62242"}],"wp:attachment":[{"href":"https:\/\/aconteceunovale.com.br\/portal\/index.php?rest_route=%2Fwp%2Fv2%2Fmedia&parent=62241"}],"wp:term":[{"taxonomy":"category","embeddable":true,"href":"https:\/\/aconteceunovale.com.br\/portal\/index.php?rest_route=%2Fwp%2Fv2%2Fcategories&post=62241"},{"taxonomy":"post_tag","embeddable":true,"href":"https:\/\/aconteceunovale.com.br\/portal\/index.php?rest_route=%2Fwp%2Fv2%2Ftags&post=62241"}],"curies":[{"name":"wp","href":"https:\/\/api.w.org\/{rel}","templated":true}]}}