{"id":62237,"date":"2015-06-27T11:25:08","date_gmt":"2015-06-27T14:25:08","guid":{"rendered":"http:\/\/aconteceunovale.com.br\/portal\/?p=62237"},"modified":"2015-06-27T11:25:28","modified_gmt":"2015-06-27T14:25:28","slug":"quase-a-metade-dos-municipios-mineiros-pode-ficar-sem-recursos-da-uniao-para-projetos-de-educacao","status":"publish","type":"post","link":"https:\/\/aconteceunovale.com.br\/portal\/?p=62237","title":{"rendered":"Quase a metade dos munic\u00edpios mineiros pode ficar sem recursos da Uni\u00e3o para projetos de educa\u00e7\u00e3o"},"content":{"rendered":"<p>Mais de 400 munic\u00edpios mineiros n\u00e3o cumpriram a meta prevista no Plano Nacional de Educa\u00e7\u00e3o, de elaborar seus planos regionais, dentro de um ano da aprova\u00e7\u00e3o do PNE. Minas Gerais tamb\u00e9m est\u00e1 entre os estados que n\u00e3o conclu\u00edram o documento. Segundo o Minist\u00e9rio da Educa\u00e7\u00e3o, sem o texto, as administra\u00e7\u00f5es podem perder verbas federais para v\u00e1rias iniciativas no setor, como constru\u00e7\u00e3o de creches, aquisi\u00e7\u00e3o de transporte escolar, entre outros.<\/p>\n<p>Em todo pa\u00eds, apenas 11 dos 27 estados conclu\u00edram o processo at\u00e9 a \u00faltima quarta-feira, data prevista para alcan\u00e7arem este objetivo. Dentre os munic\u00edpios, somente 51% sancionaram seus documentos dentro do prazo, num total de 2.872. Pela manh\u00e3 do dia 25, o n\u00famero havia saltado para 3.539, ou seja, 63%.<\/p>\n<p>\u201cN\u00e3o possuir esse documento no prazo determinado pela lei do PNE torna os gestores pass\u00edveis de puni\u00e7\u00f5es pelo descumprimento de um dispositivo legal\u201d, alerta o minist\u00e9rio.<\/p>\n<p><strong>Demora<\/strong><\/p>\n<p>A Secretaria de Estado de Educa\u00e7\u00e3o informou que o texto est\u00e1 sendo conclu\u00eddo e deve ser encaminhado \u00e0 Assembleia Legislativa na pr\u00f3xima semana. Segundo a secretaria, quando a atual gest\u00e3o assumiu, no in\u00edcio do ano, o processo ainda n\u00e3o havia come\u00e7ado. \u201cA partir de um esfor\u00e7o intenso em conjunto com o F\u00f3rum Estadual de Educa\u00e7\u00e3o, foi constru\u00eddo neste ano o texto que estabelece as metas e estrat\u00e9gias que devem ser alcan\u00e7adas pelo Estado para os pr\u00f3ximos dez anos\u201d, ressaltou.<\/p>\n<p><strong>Avalia\u00e7\u00e3o<\/strong><\/p>\n<p>Para a coordenadora-geral do movimento \u201cTodos Pela Educa\u00e7\u00e3o\u201d, Alejandra Meraz Velasco, apesar deste atraso de estados e munic\u00edpios, a mobiliza\u00e7\u00e3o de todos os entes, inclusive as cidades mais pequenas, em torno da elabora\u00e7\u00e3o dos planos regionais j\u00e1 foi um dado positivo. <\/p>\n<p>\u201cTodos est\u00e3o avan\u00e7ando. N\u00e3o temos levantamento sobre a qualidade dos documentos, h\u00e1 relatos de planos que n\u00e3o tiveram participa\u00e7\u00e3o popular, outros que seriam a copia do nacional, sem fazer um diagnostico do contexto local. Mas, em termos gerais, teve uma ampla mobiliza\u00e7\u00e3o\u201d, avalia. <\/p>\n<p>Entretanto, ela ressalta que outras metas previstas para este ano tamb\u00e9m n\u00e3o foram alcan\u00e7adas, como a pol\u00edtica nacional de forma\u00e7\u00e3o dos profissionais da educa\u00e7\u00e3o. Ela deve assegurar que todos os professores da educa\u00e7\u00e3o b\u00e1sica possuam n\u00edvel superior.<\/p>\n<p><em>(Fonte: Hoje em Dia)<\/em><\/p>\n","protected":false},"excerpt":{"rendered":"<p>Mais de 400 munic\u00edpios mineiros n\u00e3o cumpriram a meta prevista no Plano Nacional de Educa\u00e7\u00e3o, de elaborar seus planos regionais, dentro de um ano da aprova\u00e7\u00e3o do PNE. Minas Gerais tamb\u00e9m est\u00e1 entre os estados que n\u00e3o conclu\u00edram o documento. Segundo o Minist\u00e9rio da Educa\u00e7\u00e3o, sem o texto, as administra\u00e7\u00f5es podem perder verbas federais para [&hellip;]<\/p>\n","protected":false},"author":1,"featured_media":61713,"comment_status":"open","ping_status":"closed","sticky":false,"template":"","format":"standard","meta":{"amp_status":"","footnotes":""},"categories":[40238,123],"tags":[49904,9681,49901,49902,49903,26062],"class_list":["post-62237","post","type-post","status-publish","format-standard","has-post-thumbnail","hentry","category-educacao-2","category-gerais","tag-alejandra-meraz-velasco","tag-plano-nacional-de-educacao","tag-quase-a-metade-dos-municipios-mineiros-pode-ficar-sem-recursos-da-uniao-para-projetos-de-educacao","tag-recursos-da-uniao-para-projetos-de-educacao","tag-recursos-para-projetos-de-educacao","tag-todos-pela-educacao"],"_links":{"self":[{"href":"https:\/\/aconteceunovale.com.br\/portal\/index.php?rest_route=\/wp\/v2\/posts\/62237","targetHints":{"allow":["GET"]}}],"collection":[{"href":"https:\/\/aconteceunovale.com.br\/portal\/index.php?rest_route=\/wp\/v2\/posts"}],"about":[{"href":"https:\/\/aconteceunovale.com.br\/portal\/index.php?rest_route=\/wp\/v2\/types\/post"}],"author":[{"embeddable":true,"href":"https:\/\/aconteceunovale.com.br\/portal\/index.php?rest_route=\/wp\/v2\/users\/1"}],"replies":[{"embeddable":true,"href":"https:\/\/aconteceunovale.com.br\/portal\/index.php?rest_route=%2Fwp%2Fv2%2Fcomments&post=62237"}],"version-history":[{"count":0,"href":"https:\/\/aconteceunovale.com.br\/portal\/index.php?rest_route=\/wp\/v2\/posts\/62237\/revisions"}],"wp:featuredmedia":[{"embeddable":true,"href":"https:\/\/aconteceunovale.com.br\/portal\/index.php?rest_route=\/wp\/v2\/media\/61713"}],"wp:attachment":[{"href":"https:\/\/aconteceunovale.com.br\/portal\/index.php?rest_route=%2Fwp%2Fv2%2Fmedia&parent=62237"}],"wp:term":[{"taxonomy":"category","embeddable":true,"href":"https:\/\/aconteceunovale.com.br\/portal\/index.php?rest_route=%2Fwp%2Fv2%2Fcategories&post=62237"},{"taxonomy":"post_tag","embeddable":true,"href":"https:\/\/aconteceunovale.com.br\/portal\/index.php?rest_route=%2Fwp%2Fv2%2Ftags&post=62237"}],"curies":[{"name":"wp","href":"https:\/\/api.w.org\/{rel}","templated":true}]}}