{"id":62094,"date":"2015-06-24T21:06:37","date_gmt":"2015-06-25T00:06:37","guid":{"rendered":"http:\/\/aconteceunovale.com.br\/portal\/?p=62094"},"modified":"2015-06-24T21:06:37","modified_gmt":"2015-06-25T00:06:37","slug":"pai-que-matou-a-filha-e-condenado-a-29-anos-de-prisao-em-montes-claros","status":"publish","type":"post","link":"https:\/\/aconteceunovale.com.br\/portal\/?p=62094","title":{"rendered":"Pai que matou a filha \u00e9 condenado a 29 anos de pris\u00e3o em Montes Claros"},"content":{"rendered":"<h4><strong><em>Crime aconteceu em 27 de maio de 2013. Pai agrediu a filha depois que ela come\u00e7ou a chorar, segundo a pol\u00edcia.<\/em><\/strong><\/h4>\n<p>A Justi\u00e7a condenou a 29 anos e quatro meses de pris\u00e3o, Maicon Duarte Gomes, pelo assassinato da filha Sophia Gabrielly Santos de Jesus. O crime aconteceu em 27 de maio de 2013, no Bairro Chiquinho Guimar\u00e3es. Na \u00e9poca ele tinha 19 anos e a crian\u00e7a estava com um ano e nove meses.<\/p>\n<p>Maicon Duarte e a companheira foram abordados pela Pol\u00edcia Militar quando levavam a Sophia, j\u00e1 desacordada, para um hospital. Eles alegaram que ela havia ca\u00eddo da cama, mas no hospital uma m\u00e9dica confirmou a morte da crian\u00e7a, e disse que as les\u00f5es que ela apresentava n\u00e3o eram compat\u00edveis com as deste tipo de queda.<\/p>\n<p>J\u00e1 a per\u00edcia da Pol\u00edcia Civil atestou que Sophia estava com costelas quebradas e tinha sofrido traumatismo craniano. Bruno Resende, delegado que ouviu o casal ap\u00f3s o homic\u00eddio, afirmou acreditar, com base nas provas e depoimentos, que as agress\u00f5es foram cometidas com o uso de um chinelo, depois que a crian\u00e7a chorou. A m\u00e3e dela, na \u00e9poca com 15 anos, contou que n\u00e3o era a primeira vez que o companheiro agredia a filha deles, como medo, ela disse que n\u00e3o intervia.<\/p>\n<p><img decoding=\"async\" src=\"http:\/\/aconteceunovale.com.br\/portal\/wp-content\/uploads\/2015\/06\/condenado_sophia.jpg\" alt=\"\" \/><em>Sophia Gabrielly Santos de Jesus tinha um ano e nove meses (Foto: Reprodu\u00e7\u00e3o\/Inter TV)<\/em><br \/>\n<\/br><\/p>\n<p><em>(Fonte: Inter TV Grande Minas \/ G1)<\/em><\/p>\n","protected":false},"excerpt":{"rendered":"<p>Crime aconteceu em 27 de maio de 2013. Pai agrediu a filha depois que ela come\u00e7ou a chorar, segundo a pol\u00edcia. A Justi\u00e7a condenou a 29 anos e quatro meses de pris\u00e3o, Maicon Duarte Gomes, pelo assassinato da filha Sophia Gabrielly Santos de Jesus. O crime aconteceu em 27 de maio de 2013, no Bairro [&hellip;]<\/p>\n","protected":false},"author":1,"featured_media":62095,"comment_status":"open","ping_status":"closed","sticky":false,"template":"","format":"standard","meta":{"amp_status":"","footnotes":""},"categories":[1236],"tags":[49647,49648,49646,49654,49652,210,49655,49650,49649,49651,49653],"class_list":["post-62094","post","type-post","status-publish","format-standard","has-post-thumbnail","hentry","category-norte_de_minas","tag-homem-que-matou-filha-em-montes-claros","tag-homem-que-matou-filha-em-montes-claros-e-condenado","tag-homem-que-matou-filha-em-montes-claros-e-condenado-a-29-anos-de-prisao","tag-maicon-duarte","tag-maicon-duarte-gomes","tag-montes-claros","tag-pai-que-matou-a-filha-e-condenado-a-29-anos-de-prisao-em-montes-claros","tag-pai-que-matou-filha-em-montes-claros","tag-pai-que-matou-filha-em-montes-claros-e-condenado","tag-pai-que-matou-filha-em-montes-claros-e-condenado-a-29-anos-de-prisao","tag-sophia-gabrielly-santos-de-jesus"],"_links":{"self":[{"href":"https:\/\/aconteceunovale.com.br\/portal\/index.php?rest_route=\/wp\/v2\/posts\/62094","targetHints":{"allow":["GET"]}}],"collection":[{"href":"https:\/\/aconteceunovale.com.br\/portal\/index.php?rest_route=\/wp\/v2\/posts"}],"about":[{"href":"https:\/\/aconteceunovale.com.br\/portal\/index.php?rest_route=\/wp\/v2\/types\/post"}],"author":[{"embeddable":true,"href":"https:\/\/aconteceunovale.com.br\/portal\/index.php?rest_route=\/wp\/v2\/users\/1"}],"replies":[{"embeddable":true,"href":"https:\/\/aconteceunovale.com.br\/portal\/index.php?rest_route=%2Fwp%2Fv2%2Fcomments&post=62094"}],"version-history":[{"count":0,"href":"https:\/\/aconteceunovale.com.br\/portal\/index.php?rest_route=\/wp\/v2\/posts\/62094\/revisions"}],"wp:featuredmedia":[{"embeddable":true,"href":"https:\/\/aconteceunovale.com.br\/portal\/index.php?rest_route=\/wp\/v2\/media\/62095"}],"wp:attachment":[{"href":"https:\/\/aconteceunovale.com.br\/portal\/index.php?rest_route=%2Fwp%2Fv2%2Fmedia&parent=62094"}],"wp:term":[{"taxonomy":"category","embeddable":true,"href":"https:\/\/aconteceunovale.com.br\/portal\/index.php?rest_route=%2Fwp%2Fv2%2Fcategories&post=62094"},{"taxonomy":"post_tag","embeddable":true,"href":"https:\/\/aconteceunovale.com.br\/portal\/index.php?rest_route=%2Fwp%2Fv2%2Ftags&post=62094"}],"curies":[{"name":"wp","href":"https:\/\/api.w.org\/{rel}","templated":true}]}}