{"id":62012,"date":"2015-06-24T09:58:13","date_gmt":"2015-06-24T12:58:13","guid":{"rendered":"http:\/\/aconteceunovale.com.br\/portal\/?p=62012"},"modified":"2015-06-24T09:58:13","modified_gmt":"2015-06-24T12:58:13","slug":"plantao-do-samu-no-norte-de-minas-gerais-23-de-junho-de-2015","status":"publish","type":"post","link":"https:\/\/aconteceunovale.com.br\/portal\/?p=62012","title":{"rendered":"Plant\u00e3o do Samu no Norte de Minas Gerais, 23 de junho de 2015"},"content":{"rendered":"<h4><strong><em>Segunda-feira, 23 de junho de 2015<\/em><\/strong><\/h4>\n<p>As unidades do SAMU de Montes Claros realizaram na ter\u00e7a-feira, 58 atendimentos, sendo 39 casos cl\u00ednicos e 18 ocorr\u00eancias de acidente de tr\u00e2nsito e um caso de agress\u00e3o f\u00edsica.<\/p>\n<p>\u00c0s 23h45, a unidade do Samu foi acionada para atendimento a rapaz de 16 anos que relata ter sofrido agress\u00e3o f\u00edsica dentro do terminal Rodovi\u00e1rio. Ele apresentava poss\u00edvel fratura do punho esquerdo.<\/p>\n<p>\u00c0s 21h45, um homem de 45 anos ficou ferido ao colidir de moto contra um carro, na Avenida Deputado Pl\u00ednio Ribeiro, Trevo da Cowam. \u00c0s 21h, duas pessoas ficaram feridas ao cair de moto no bairro Amazonas.<\/p>\n<p>\u00c0s 19h50, um homem de 30 anos ficou ferido ap\u00f3s colidir de carro contra um cavalo na sa\u00edda de Montes Claros para Nova Esperan\u00e7a. \u00c0s 16h40, uma mulher de 29 anos colidiu de moto contra um carro no bairro Eldorado. \u00c0s 16h, uma mulher de 41 anos caiu de como no bairro Maracan\u00e3. \u00c0s 14h10, um homem de 20 anos caiu de moto na Avenida Deputado Pl\u00ednio Ribeiro.<\/p>\n<p>Unidades do Samu foram acionadas por volta das 10h para atendimento a v\u00edtimas de um capotamento de um ve\u00edculo (P\u00e1lio) pr\u00f3ximo a Nova Esperan\u00e7a. Cinco pessoas que estavam no ve\u00edculo sofreram ferimentos leves e m\u00faltiplas escoria\u00e7\u00f5es.<\/p>\n<p>Por volta das 9h30, tr\u00eas pessoas ficaram feridas em um acidente envolvendo duas motocicletas, ocorrido na BR-365, pr\u00f3ximo a Claro dos Po\u00e7\u00f5es. As v\u00edtimas tiveram ferimentos nas pernas e escoria\u00e7\u00f5es m\u00faltiplas e foram encaminhados \u00e0 Santa Casa de Montes Claros.<\/p>\n<p>\u00c0s 8h, tr\u00eas pessoas, de 37, 27 e 43 anos, ficaram feridas em uma colis\u00e3o entre moto e carro na rua Crisantino Bor\u00e9m, bairro Canelas. \u00c0s 7h, anos colidiu de moto contra um caminh\u00e3o na Avenida Deputado Pl\u00ednio Ribeiro.<\/p>\n<p>Em todas as ocorr\u00eancias os feridos receberam os primeiros atendimentos no local e foram encaminhados ao hospital para avalia\u00e7\u00e3o. (Jer\u00fasia Arruda)<\/p>\n","protected":false},"excerpt":{"rendered":"<p>Segunda-feira, 23 de junho de 2015 As unidades do SAMU de Montes Claros realizaram na ter\u00e7a-feira, 58 atendimentos, sendo 39 casos cl\u00ednicos e 18 ocorr\u00eancias de acidente de tr\u00e2nsito e um caso de agress\u00e3o f\u00edsica. \u00c0s 23h45, a unidade do Samu foi acionada para atendimento a rapaz de 16 anos que relata ter sofrido agress\u00e3o [&hellip;]<\/p>\n","protected":false},"author":1,"featured_media":58741,"comment_status":"open","ping_status":"closed","sticky":false,"template":"","format":"standard","meta":{"amp_status":"","footnotes":""},"categories":[1236],"tags":[206036,210,24659,24089,18898,18108,49516,21139,4040],"class_list":["post-62012","post","type-post","status-publish","format-standard","has-post-thumbnail","hentry","category-norte_de_minas","tag-jerusia-arruda","tag-montes-claros","tag-plantao-do-samu-de-montes-claros","tag-plantao-do-samu-do-norte-de-minas","tag-plantao-do-samu-macro-norte","tag-plantao-do-samu-no-norte-de-minas-gerais","tag-plantao-do-samu-no-norte-de-minas-gerais-23-de-junho-de-2015","tag-samu-do-norte-de-minas","tag-samu-macro-norte"],"_links":{"self":[{"href":"https:\/\/aconteceunovale.com.br\/portal\/index.php?rest_route=\/wp\/v2\/posts\/62012","targetHints":{"allow":["GET"]}}],"collection":[{"href":"https:\/\/aconteceunovale.com.br\/portal\/index.php?rest_route=\/wp\/v2\/posts"}],"about":[{"href":"https:\/\/aconteceunovale.com.br\/portal\/index.php?rest_route=\/wp\/v2\/types\/post"}],"author":[{"embeddable":true,"href":"https:\/\/aconteceunovale.com.br\/portal\/index.php?rest_route=\/wp\/v2\/users\/1"}],"replies":[{"embeddable":true,"href":"https:\/\/aconteceunovale.com.br\/portal\/index.php?rest_route=%2Fwp%2Fv2%2Fcomments&post=62012"}],"version-history":[{"count":0,"href":"https:\/\/aconteceunovale.com.br\/portal\/index.php?rest_route=\/wp\/v2\/posts\/62012\/revisions"}],"wp:featuredmedia":[{"embeddable":true,"href":"https:\/\/aconteceunovale.com.br\/portal\/index.php?rest_route=\/wp\/v2\/media\/58741"}],"wp:attachment":[{"href":"https:\/\/aconteceunovale.com.br\/portal\/index.php?rest_route=%2Fwp%2Fv2%2Fmedia&parent=62012"}],"wp:term":[{"taxonomy":"category","embeddable":true,"href":"https:\/\/aconteceunovale.com.br\/portal\/index.php?rest_route=%2Fwp%2Fv2%2Fcategories&post=62012"},{"taxonomy":"post_tag","embeddable":true,"href":"https:\/\/aconteceunovale.com.br\/portal\/index.php?rest_route=%2Fwp%2Fv2%2Ftags&post=62012"}],"curies":[{"name":"wp","href":"https:\/\/api.w.org\/{rel}","templated":true}]}}