{"id":61980,"date":"2015-06-23T20:41:26","date_gmt":"2015-06-23T23:41:26","guid":{"rendered":"http:\/\/aconteceunovale.com.br\/portal\/?p=61980"},"modified":"2015-06-23T20:41:26","modified_gmt":"2015-06-23T23:41:26","slug":"forum-regional-do-mucuri-tem-novo-encontro-no-dia-18-de-julho","status":"publish","type":"post","link":"https:\/\/aconteceunovale.com.br\/portal\/?p=61980","title":{"rendered":"F\u00f3rum Regional do Mucuri tem novo encontro no dia 18 de julho"},"content":{"rendered":"<h4><strong><em>Ap\u00f3s a instala\u00e7\u00e3o do programa pelo governador em Te\u00f3filo Otoni, lideran\u00e7as da regi\u00e3o discutiram o formato dos f\u00f3runs.<\/em><\/strong><\/h4>\n<p>Ap\u00f3s a instala\u00e7\u00e3o do F\u00f3rum Regional de Governo \u2013 Mucuri ,na manh\u00e3 desta ter\u00e7a-feira (23\/6) em Te\u00f3filo Otoni, com a presen\u00e7a do governador\u00a0<a href=\"https:\/\/www.mg.gov.br\/governomg\/portal\/c\/governomg\/governo\/5796-governador\/523679-biografia-fernando-pimentel\/5794\/5241\" target=\"_blank\">Fernando Pimentel<\/a>, lideran\u00e7as pol\u00edticas e sociais da regi\u00e3o participaram, na parte da tarde, da chamada Assembleia Geral dos F\u00f3runs para tirarem as d\u00favidas e entenderem o funcionamento do projeto. A pr\u00f3xima reuni\u00e3o do f\u00f3rum foi marcada para o dia 18 de julho, tamb\u00e9m em Te\u00f3filo Otoni.<\/p>\n<p>Na tarde de ter\u00e7a-feira, secret\u00e1rios de Estado e o coordenador do programa, Fernando Tadeu, explicaram o funcionamento do programa \u00e0 sociedade e ouviram demandas. O Territ\u00f3rio de Desenvolvimento Mucuri, o terceiro instalado do total de 17 f\u00f3runs \u2013 antes, aconteceram os de Montes Claros e Ara\u00e7ua\u00ed \u2013 \u00e9 integrado por 29 munic\u00edpios, divididos em tr\u00eas microterrit\u00f3rios: \u00c1guas Formosas, Nanuque e Te\u00f3filo Otoni.<\/p>\n<p>A partir de agora, a popula\u00e7\u00e3o dos 29 munic\u00edpios do Territ\u00f3rio Mucuri poder\u00e1 preencher formul\u00e1rios com sugest\u00f5es de a\u00e7\u00f5es a serem desenvolvidas pela atual gest\u00e3o. Elas ser\u00e3o divididas em diversas \u00e1reas, como infraestrutura, sa\u00fade, seguran\u00e7a p\u00fablica e educa\u00e7\u00e3o. Ap\u00f3s esta etapa, os pontos priorit\u00e1rios ser\u00e3o inclu\u00eddos no Plano Plurianual de A\u00e7\u00f5es Governamentais (PPAG) e no Plano Mineiro de Desenvolvimento Integrado (PMDI).<\/p>\n<p>A representante do Comit\u00ea dos Afluentes do Mucuri, Alice Godinho, ressaltou a iniciativa do governo estadual. \u201cEstou surpresa com o ineditismo. \u00c9 a primeira vez que vejo isso acontecer, as situa\u00e7\u00f5es sendo tratadas com a popula\u00e7\u00e3o\u201d, disse. Segundo ela, uma das quest\u00f5es que merecem aten\u00e7\u00e3o da nova gest\u00e3o \u00e9 a preserva\u00e7\u00e3o das nascentes e da vegeta\u00e7\u00e3o.<\/p>\n<p>J\u00e1 Maria dos Anjos Ramos, da Associa\u00e7\u00e3o dos Bairros de Te\u00f3filo Otoni, afirmou que o programa valoriza a popula\u00e7\u00e3o. \u201cDemocracia \u00e9 isso. A popula\u00e7\u00e3o participando das decis\u00f5es, sendo correspons\u00e1vel pelas pol\u00edticas p\u00fablicas. A gente se sente valorizada\u201d, afirmou. Ela defendeu, ainda, o trabalho de regulariza\u00e7\u00e3o fundi\u00e1ria na regi\u00e3o.<\/p>\n<p>No pr\u00f3ximo encontro, ser\u00e3o definidos os representantes da sociedade civil, lideran\u00e7as pol\u00edticas e representantes do governo que ir\u00e3o fazer parte do grupo de trabalho para definir as prioridades e os projetos que ser\u00e3o desenvolvidos na regi\u00e3o ao longo dos pr\u00f3ximos anos.<\/p>\n<p>Os f\u00f3runs ser\u00e3o compostos por representantes da sociedade civil organizada e n\u00e3o-organizada, prefeitos, vereadores, integrantes dos Legislativos estadual e federal e membros dos governos estadual e federal.<\/p>\n<p>A agenda de todos os 17 F\u00f3runs ser\u00e1 disponibilizada no site\u00a0<a href=\"http:\/\/www.forunsregionais.mg.gov.br\/\" target=\"_blank\">www.forunsregionais.mg.gov.br<\/a>. O usu\u00e1rio dever\u00e1 informar o nome de sua cidade e assim ter o acesso \u00e0s informa\u00e7\u00f5es sobre os grupos de trabalho de seu territ\u00f3rio. Outras informa\u00e7\u00f5es poder\u00e3o ser obtidas atrav\u00e9s do email forunsregionais@governo.mg.gov.br.<\/p>\n<p><img decoding=\"async\" src=\"http:\/\/aconteceunovale.com.br\/portal\/wp-content\/uploads\/2015\/06\/territorio_mucuri.jpg\" alt=\"\" \/><\/p>\n","protected":false},"excerpt":{"rendered":"<p>Ap\u00f3s a instala\u00e7\u00e3o do programa pelo governador em Te\u00f3filo Otoni, lideran\u00e7as da regi\u00e3o discutiram o formato dos f\u00f3runs. Ap\u00f3s a instala\u00e7\u00e3o do F\u00f3rum Regional de Governo \u2013 Mucuri ,na manh\u00e3 desta ter\u00e7a-feira (23\/6) em Te\u00f3filo Otoni, com a presen\u00e7a do governador\u00a0Fernando Pimentel, lideran\u00e7as pol\u00edticas e sociais da regi\u00e3o participaram, na parte da tarde, da chamada [&hellip;]<\/p>\n","protected":false},"author":1,"featured_media":61982,"comment_status":"open","ping_status":"closed","sticky":false,"template":"","format":"standard","meta":{"amp_status":"","footnotes":""},"categories":[122],"tags":[49450,49449,49447,49446,49423,49448,164,49424],"class_list":["post-61980","post","type-post","status-publish","format-standard","has-post-thumbnail","hentry","category-mucuri","tag-alice-godinho","tag-comite-dos-afluentes-do-mucuri","tag-forum-regional-de-governo-mucuri","tag-forum-regional-de-governo-mucuri-tem-novo-encontro-no-dia-18-de-julho","tag-forum-regional-do-mucuri","tag-forum-regional-do-mucuri-tem-novo-encontro-no-dia-18-de-julho","tag-teofilo-otoni","tag-territorio-mucuri"],"_links":{"self":[{"href":"https:\/\/aconteceunovale.com.br\/portal\/index.php?rest_route=\/wp\/v2\/posts\/61980","targetHints":{"allow":["GET"]}}],"collection":[{"href":"https:\/\/aconteceunovale.com.br\/portal\/index.php?rest_route=\/wp\/v2\/posts"}],"about":[{"href":"https:\/\/aconteceunovale.com.br\/portal\/index.php?rest_route=\/wp\/v2\/types\/post"}],"author":[{"embeddable":true,"href":"https:\/\/aconteceunovale.com.br\/portal\/index.php?rest_route=\/wp\/v2\/users\/1"}],"replies":[{"embeddable":true,"href":"https:\/\/aconteceunovale.com.br\/portal\/index.php?rest_route=%2Fwp%2Fv2%2Fcomments&post=61980"}],"version-history":[{"count":0,"href":"https:\/\/aconteceunovale.com.br\/portal\/index.php?rest_route=\/wp\/v2\/posts\/61980\/revisions"}],"wp:featuredmedia":[{"embeddable":true,"href":"https:\/\/aconteceunovale.com.br\/portal\/index.php?rest_route=\/wp\/v2\/media\/61982"}],"wp:attachment":[{"href":"https:\/\/aconteceunovale.com.br\/portal\/index.php?rest_route=%2Fwp%2Fv2%2Fmedia&parent=61980"}],"wp:term":[{"taxonomy":"category","embeddable":true,"href":"https:\/\/aconteceunovale.com.br\/portal\/index.php?rest_route=%2Fwp%2Fv2%2Fcategories&post=61980"},{"taxonomy":"post_tag","embeddable":true,"href":"https:\/\/aconteceunovale.com.br\/portal\/index.php?rest_route=%2Fwp%2Fv2%2Ftags&post=61980"}],"curies":[{"name":"wp","href":"https:\/\/api.w.org\/{rel}","templated":true}]}}