{"id":61975,"date":"2015-06-23T19:39:40","date_gmt":"2015-06-23T22:39:40","guid":{"rendered":"http:\/\/aconteceunovale.com.br\/portal\/?p=61975"},"modified":"2015-06-24T19:46:42","modified_gmt":"2015-06-24T22:46:42","slug":"doze-pessoas-sao-detidas-em-garimpo-ilegal-no-municipio-de-diamantina","status":"publish","type":"post","link":"https:\/\/aconteceunovale.com.br\/portal\/?p=61975","title":{"rendered":"Doze pessoas s\u00e3o detidas em garimpo ilegal no munic\u00edpio de Diamantina"},"content":{"rendered":"<h4><strong><em>Fiscaliza\u00e7\u00e3o em parceria com a Pol\u00edcia Federal no Garimpo da Areinha, pr\u00f3ximo ao munic\u00edpio de Diamantina, resultou na pris\u00e3o de 12 pessoas.<\/em><\/strong><\/h4>\n<p>A Secretaria de Estado de Meio Ambiente e Desenvolvimento Sustent\u00e1vel (Semad) e a Pol\u00edcia Federal realizaram a opera\u00e7\u00e3o de fiscaliza\u00e7\u00e3o da regi\u00e3o conhecida como Garimpo da Areinha, pr\u00f3ximo \u00e0 cidade de Diamantina. Um total de 12 pessoas, que faziam o garimpo ilegal de diamantes, foram presas nessa ter\u00e7a-feira (23). Esse foi apenas o in\u00edcio do processo que visa \u00e0 solu\u00e7\u00e3o da degrada\u00e7\u00e3o do Rio Jequitinhonha, que se estende h\u00e1 anos, devido \u00e0 explora\u00e7\u00e3o desenfreada da \u00e1rea.<\/p>\n<p>Desde 2012, a Semad vem recebendo den\u00fancias da Associa\u00e7\u00e3o Mineira de Defesa do Ambiente (Amda) sobre crimes e atividades miner\u00e1rias irregulares na regi\u00e3o. A partir das den\u00fancias, a Diretoria de Meio Ambiente e Tr\u00e2nsito da Pol\u00edcia Militar (DMAT\/PMMG) levantou uma s\u00e9rie de informa\u00e7\u00f5es sobre a real situa\u00e7\u00e3o do Garimpo da Areinha.<\/p>\n<p>O primeiro dado, e tamb\u00e9m o mais preocupante, \u00e9 que hoje existem cerca de 1.500 pessoas exercendo, ilegalmente, a atividade de garimpo, gerando uma situa\u00e7\u00e3o de grave degrada\u00e7\u00e3o ambiental, entre elas, a abertura de vias de acesso \u00e0s margens do Rio Jequitinhonha.<\/p>\n<p>O Rio Jequitinhonha \u00e9 de grande import\u00e2ncia para a regi\u00e3o, al\u00e9m de ser de preserva\u00e7\u00e3o permanente, conforme inciso IV, art. 5\u00ba da Lei 15.082\/04: &#8220;s\u00e3o rios de preserva\u00e7\u00e3o permanente: o rio Jequitinhonha e seus afluentes, no trecho entre a nascente e a conflu\u00eancia com o rio Tabatinga&#8221;.<\/p>\n<p><strong>Impactos econ\u00f4micos<\/strong><\/p>\n<p>Atividades antr\u00f3picas desenvolvidas &#8211; minera\u00e7\u00e3o, garimpo e desmatamento para fins agropastoris &#8211; no alto curso do Jequitinhonha e em alguns de seus afluentes, t\u00eam causado, ao longo dos anos, consequ\u00eancias danosas ao meio ambiente, com altera\u00e7\u00e3o no ciclo hidrol\u00f3gico da regi\u00e3o, al\u00e9m do assoreamento do curso de \u00e1gua.<\/p>\n<p>Isso vem prejudicando as atividades econ\u00f4micas desenvolvidas na regi\u00e3o, como agricultura &#8211; com destaque para a cafeicultura; a pecu\u00e1ria de corte e de leite; o garimpo de pedras coradas e cristal e o reflorestamento com eucalipto para produ\u00e7\u00e3o de madeira e carv\u00e3o, causando s\u00e9rios problemas socioecon\u00f4micos para a popula\u00e7\u00e3o.<\/p>\n<p>Outro fator que desperta ainda mais a preocupa\u00e7\u00e3o da Semad \u00e9 a exist\u00eancia de equipamentos e maquin\u00e1rios, que sugerem a amplia\u00e7\u00e3o da atividade.<\/p>\n<p><img decoding=\"async\" src=\"http:\/\/aconteceunovale.com.br\/portal\/wp-content\/uploads\/2015\/06\/secretaria-de-meio-ambiente-inicia-operacao-para-revitalizar-a-regiao-do-rio-jequitinhonha_1.jpg\" alt=\"\" \/><em>Doze pessoas s\u00e3o detidas em garimpo ilegal no munic\u00edpio de Diamantina &#8211; Foto: Arquivo\/Sisema<\/em><br \/>\n<\/br><\/p>\n<p><strong>Trabalho em conjunto<\/strong><\/p>\n<p>Por se tratar de uma atividade irregular e envolver crimes de responsabilidades variadas, federal e estadual, a Subsecretaria de Controle e Fiscaliza\u00e7\u00e3o Ambiental Integrada (SUCFIS) pretende se reunir, nas pr\u00f3ximas semanas, com diversos \u00f3rg\u00e3os para desenvolver projetos de fiscaliza\u00e7\u00e3o e regulariza\u00e7\u00e3o da atividade garimpeira, sendo que esta poder\u00e1 ser desenvolvida somente na \u00e1rea do Jequitinhonha n\u00e3o considerada de preserva\u00e7\u00e3o permanente.<\/p>\n<p>Entre os \u00f3rg\u00e3os convocados est\u00e3o o Departamento Nacional de Produ\u00e7\u00e3o Mineral (DNPM), o Minist\u00e9rio P\u00fablico Federal (MPF), o Ex\u00e9rcito Brasileiro, a Pol\u00edcia Federal (PF), a Receita Federal, o Instituto Brasileiro do Meio Ambiente e dos Recursos Naturais Renov\u00e1veis (Ibama), a Ag\u00eancia Nacional de \u00c1guas (ANA), o Minist\u00e9rio P\u00fablico Estadual (MPE), o Pol\u00edcia Militar de Minas Gerais (PMMG), a Pol\u00edcia Civil de Minas Gerais (PCMG) e a Secretaria de Estado de Fazenda (SEF).<\/p>\n<p>A inten\u00e7\u00e3o \u00e9 coibir a degrada\u00e7\u00e3o ambiental do Jequitinhonha, identificar os infratores ambientais e aplicar as penalidades administrativas e criminais cab\u00edveis e mitigar as atividades de minera\u00e7\u00e3o irregular. \u00c9 importante destacar que existe um plano de recupera\u00e7\u00e3o da regi\u00e3o, desenvolvido pela Minera\u00e7\u00e3o Rio Novo, empresa titular do direito miner\u00e1rio, que j\u00e1 iniciou o plantio de mudas nas \u00e1reas degradadas. (Ag\u00eancia Minas)<\/p>\n","protected":false},"excerpt":{"rendered":"<p>Fiscaliza\u00e7\u00e3o em parceria com a Pol\u00edcia Federal no Garimpo da Areinha, pr\u00f3ximo ao munic\u00edpio de Diamantina, resultou na pris\u00e3o de 12 pessoas. A Secretaria de Estado de Meio Ambiente e Desenvolvimento Sustent\u00e1vel (Semad) e a Pol\u00edcia Federal realizaram a opera\u00e7\u00e3o de fiscaliza\u00e7\u00e3o da regi\u00e3o conhecida como Garimpo da Areinha, pr\u00f3ximo \u00e0 cidade de Diamantina. Um [&hellip;]<\/p>\n","protected":false},"author":1,"featured_media":62078,"comment_status":"open","ping_status":"closed","sticky":false,"template":"","format":"standard","meta":{"amp_status":"","footnotes":""},"categories":[120],"tags":[49437,1018,198,49441,49435,49436,49623,49624,49443,49442,49626,49627,49628,49439,49440,49438,49625],"class_list":["post-61975","post","type-post","status-publish","format-standard","has-post-thumbnail","hentry","category-jequi","tag-areinha","tag-destaque","tag-diamantina","tag-doze-pessoas-sao-detidas-em-garimpo-ilegal-no-municipio-de-diamantina","tag-extracao-ilegal-de-diamantes-em-areinha","tag-extracao-ilegal-de-diamantes-em-diamantina","tag-garimpo-da-areinha","tag-garimpo-de-areinha","tag-garimpo-ilegal-em-diamantina","tag-garimpo-ilegal-no-municipio-de-diamantina","tag-operacao-para-revitalizar-a-regiao-do-rio-jequitinhonha","tag-operacao-para-revitalizar-o-rio-jequitinhonha","tag-operacao-visa-a-revitalizacao-da-regiao-do-rio-jequitinhonha","tag-presos-em-areinha","tag-presos-em-garimpo-ilegal-de-diamantina","tag-presos-no-garimpo-de-areinha","tag-secretaria-de-meio-ambiente-inicia-operacao-para-revitalizar-a-regiao-do-rio-jequitinhonha"],"_links":{"self":[{"href":"https:\/\/aconteceunovale.com.br\/portal\/index.php?rest_route=\/wp\/v2\/posts\/61975","targetHints":{"allow":["GET"]}}],"collection":[{"href":"https:\/\/aconteceunovale.com.br\/portal\/index.php?rest_route=\/wp\/v2\/posts"}],"about":[{"href":"https:\/\/aconteceunovale.com.br\/portal\/index.php?rest_route=\/wp\/v2\/types\/post"}],"author":[{"embeddable":true,"href":"https:\/\/aconteceunovale.com.br\/portal\/index.php?rest_route=\/wp\/v2\/users\/1"}],"replies":[{"embeddable":true,"href":"https:\/\/aconteceunovale.com.br\/portal\/index.php?rest_route=%2Fwp%2Fv2%2Fcomments&post=61975"}],"version-history":[{"count":0,"href":"https:\/\/aconteceunovale.com.br\/portal\/index.php?rest_route=\/wp\/v2\/posts\/61975\/revisions"}],"wp:featuredmedia":[{"embeddable":true,"href":"https:\/\/aconteceunovale.com.br\/portal\/index.php?rest_route=\/wp\/v2\/media\/62078"}],"wp:attachment":[{"href":"https:\/\/aconteceunovale.com.br\/portal\/index.php?rest_route=%2Fwp%2Fv2%2Fmedia&parent=61975"}],"wp:term":[{"taxonomy":"category","embeddable":true,"href":"https:\/\/aconteceunovale.com.br\/portal\/index.php?rest_route=%2Fwp%2Fv2%2Fcategories&post=61975"},{"taxonomy":"post_tag","embeddable":true,"href":"https:\/\/aconteceunovale.com.br\/portal\/index.php?rest_route=%2Fwp%2Fv2%2Ftags&post=61975"}],"curies":[{"name":"wp","href":"https:\/\/api.w.org\/{rel}","templated":true}]}}