{"id":61973,"date":"2015-06-23T19:19:09","date_gmt":"2015-06-23T22:19:09","guid":{"rendered":"http:\/\/aconteceunovale.com.br\/portal\/?p=61973"},"modified":"2015-06-23T19:19:09","modified_gmt":"2015-06-23T22:19:09","slug":"presidente-do-instituto-lar-sagrado-de-nanuque-e-afastada-do-cargo","status":"publish","type":"post","link":"https:\/\/aconteceunovale.com.br\/portal\/?p=61973","title":{"rendered":"Presidente do Instituto Lar Sagrado de Nanuque \u00e9 afastada do cargo"},"content":{"rendered":"<h4><strong><em>Ela \u00e9 suspeita de utilizar procura\u00e7\u00f5es em nome dos abrigados para contratar empr\u00e9stimos e financiamentos. Justi\u00e7a considerou haver fortes ind\u00edcios dos crimes apontados pelo MPMG.<\/em><\/strong><\/h4>\n<p>Acusada pelo Minist\u00e9rio P\u00fablico de Minas Gerais (MPMG) de utilizar, juntamente com familiares, procura\u00e7\u00f5es p\u00fablicas outorgadas por idosos recolhidos no Instituto Lar Sagrado, em Nanuque, no Vale do Mucuri, para contratar empr\u00e9stimos banc\u00e1rios e financiamentos em nome dos abrigados, a presidente da casa e a sua filha, secret\u00e1ria da entidade, foram afastadas dos respectivos cargos. A decis\u00e3o da Justi\u00e7a, cumprida nessa segunda-feira, 22, considerou haver fortes ind\u00edcios dos crimes apontados pelo MPMG &#8211; apropria\u00e7\u00e3o ind\u00e9bita, estelionato e forma\u00e7\u00e3o de quadrilha -motivo pelo qual deferiu pedido liminar requerido pela institui\u00e7\u00e3o em A\u00e7\u00e3o Civil P\u00fablica (ACP).<\/p>\n<p>A Justi\u00e7a tamb\u00e9m nomeou um interventor para administrar, provisoriamente, o instituto. A presidente da entidade ter\u00e1 que entregar ao gestor, imediatamente, o cart\u00e3o banc\u00e1rio e todos os documentos relativos ao estabelecimento, como presta\u00e7\u00e3o de contas, notas fiscais, prontu\u00e1rio dos idosos, contratos, al\u00e9m de computadores, mobili\u00e1rios e um ve\u00edculo pertencente ao instituto.<\/p>\n<p>Al\u00e9m disso, os cart\u00f3rios de tabelionatos da comarca de Nanuque receber\u00e3o of\u00edcio expedido pela Justi\u00e7a para que sejam revogadas todas as procura\u00e7\u00f5es que tenham como outorgantes idosos do instituto e, como outorgada, a presidente da casa ou algum de seus familiares que possa ter envolvimento com os crimes apontados pelo Minist\u00e9rio P\u00fablico.<\/p>\n<p><strong>Empr\u00e9stimos e desvios<\/strong><\/p>\n<p>De acordo com a ACP, a entidade foi fundada em 2002 e sempre foi administrada pela ent\u00e3o presidente, contando com a participa\u00e7\u00e3o de seus filhos e c\u00f4njuge. Contudo, as primeiras informa\u00e7\u00f5es sobre os supostos crimes somente chegaram ao conhecimento do MPMG em 2014, por meio de den\u00fancia formalizada pelo filho de um idoso que h\u00e1 sete anos vivia no instituto. Na ocasi\u00e3o, o denunciante apontou que um dos filhos da presidente da casa utilizou, indevidamente, cart\u00e3o de benef\u00edcio pertencente ao idoso.<\/p>\n<p>Ap\u00f3s o in\u00edcio das investiga\u00e7\u00f5es, o MPMG descobriu que as pr\u00e1ticas il\u00edcitas eram recorrentes. Foi apurado ainda que a ent\u00e3o presidente do lar desviou materiais de constru\u00e7\u00e3o doados ao instituto. \u201cAs irregularidades n\u00e3o se resumiram aos empr\u00e9stimos consignados e ao desvio de materiais de constru\u00e7\u00e3o. Ao longo desses anos, foram desviadas v\u00e1rias doa\u00e7\u00f5es realizadas pela igreja cat\u00f3lica, por empres\u00e1rios, pelo munic\u00edpio\u201d, aponta o promotor de Justi\u00e7a Thom\u00e1s Henrique Zanella Fortes.<\/p>\n<p>Segundo o representante do MPMG, foi verificado que os idosos do Lar Sagrado n\u00e3o possuem nenhum tipo de contrato e que a aposentadoria deles \u00e9 integralmente retirada pela institui\u00e7\u00e3o. \u201cN\u00e3o bastasse isso, ainda tomam empr\u00e9stimos em nome dos abrigados\u201d, lamenta Zanella.<\/p>\n<p><em>(Fonte: Minist\u00e9rio P\u00fablico de Minas Gerais)<\/em><\/p>\n","protected":false},"excerpt":{"rendered":"<p>Ela \u00e9 suspeita de utilizar procura\u00e7\u00f5es em nome dos abrigados para contratar empr\u00e9stimos e financiamentos. Justi\u00e7a considerou haver fortes ind\u00edcios dos crimes apontados pelo MPMG. Acusada pelo Minist\u00e9rio P\u00fablico de Minas Gerais (MPMG) de utilizar, juntamente com familiares, procura\u00e7\u00f5es p\u00fablicas outorgadas por idosos recolhidos no Instituto Lar Sagrado, em Nanuque, no Vale do Mucuri, para [&hellip;]<\/p>\n","protected":false},"author":1,"featured_media":42730,"comment_status":"open","ping_status":"closed","sticky":false,"template":"","format":"standard","meta":{"amp_status":"","footnotes":""},"categories":[122],"tags":[49434,252,49433,49432],"class_list":["post-61973","post","type-post","status-publish","format-standard","has-post-thumbnail","hentry","category-mucuri","tag-instituto-lar-sagrado-de-nanuque","tag-nanuque","tag-presidente-do-instituto-lar-sagrado-de-nanuque","tag-presidente-do-instituto-lar-sagrado-de-nanuque-e-afastada-do-cargo"],"_links":{"self":[{"href":"https:\/\/aconteceunovale.com.br\/portal\/index.php?rest_route=\/wp\/v2\/posts\/61973","targetHints":{"allow":["GET"]}}],"collection":[{"href":"https:\/\/aconteceunovale.com.br\/portal\/index.php?rest_route=\/wp\/v2\/posts"}],"about":[{"href":"https:\/\/aconteceunovale.com.br\/portal\/index.php?rest_route=\/wp\/v2\/types\/post"}],"author":[{"embeddable":true,"href":"https:\/\/aconteceunovale.com.br\/portal\/index.php?rest_route=\/wp\/v2\/users\/1"}],"replies":[{"embeddable":true,"href":"https:\/\/aconteceunovale.com.br\/portal\/index.php?rest_route=%2Fwp%2Fv2%2Fcomments&post=61973"}],"version-history":[{"count":0,"href":"https:\/\/aconteceunovale.com.br\/portal\/index.php?rest_route=\/wp\/v2\/posts\/61973\/revisions"}],"wp:featuredmedia":[{"embeddable":true,"href":"https:\/\/aconteceunovale.com.br\/portal\/index.php?rest_route=\/wp\/v2\/media\/42730"}],"wp:attachment":[{"href":"https:\/\/aconteceunovale.com.br\/portal\/index.php?rest_route=%2Fwp%2Fv2%2Fmedia&parent=61973"}],"wp:term":[{"taxonomy":"category","embeddable":true,"href":"https:\/\/aconteceunovale.com.br\/portal\/index.php?rest_route=%2Fwp%2Fv2%2Fcategories&post=61973"},{"taxonomy":"post_tag","embeddable":true,"href":"https:\/\/aconteceunovale.com.br\/portal\/index.php?rest_route=%2Fwp%2Fv2%2Ftags&post=61973"}],"curies":[{"name":"wp","href":"https:\/\/api.w.org\/{rel}","templated":true}]}}