{"id":61970,"date":"2015-06-23T18:53:02","date_gmt":"2015-06-23T21:53:02","guid":{"rendered":"http:\/\/aconteceunovale.com.br\/portal\/?p=61970"},"modified":"2015-06-23T18:53:02","modified_gmt":"2015-06-23T21:53:02","slug":"contran-adia-emissao-de-novo-modelo-de-carteira-de-motorista","status":"publish","type":"post","link":"https:\/\/aconteceunovale.com.br\/portal\/?p=61970","title":{"rendered":"Contran adia emiss\u00e3o de novo modelo de carteira de motorista"},"content":{"rendered":"<p>Previstas para come\u00e7ar a partir de 1\u00b0 de julho, a impress\u00e3o e emiss\u00e3o do novo modelo da Carteira Nacional de Habilita\u00e7\u00e3o foram suspensas pelo Conselho Nacional de Tr\u00e2nsito (Contran). O novo prazo para implanta\u00e7\u00e3o ser\u00e1 discutido na pr\u00f3xima reuni\u00e3o do conselho, prevista para o m\u00eas de julho. A suspens\u00e3o da vig\u00eancia da Resolu\u00e7\u00e3o 511, que determina as mudan\u00e7as no documento, est\u00e1 publicada na edi\u00e7\u00e3o de hoje (23) do Di\u00e1rio Oficial da Uni\u00e3o.<\/p>\n<p>O novo modelo da carteira de habilita\u00e7\u00e3o foi anunciado no final do ano passado e previa aumento do n\u00famero de dispositivos de seguran\u00e7a para impedir falsifica\u00e7\u00e3o e adultera\u00e7\u00e3o do documento. A previs\u00e3o era aumentar dos cerca de 20 dispositivos de seguran\u00e7a atuais para 28, al\u00e9m de implantar mudan\u00e7as de seguran\u00e7a na impress\u00e3o.<\/p>\n<p>O Contran explicou que foi preciso adiar a emiss\u00e3o devido \u00e0 necessidade de dar continuidade aos estudos de aprimoramento das normas e procedimentos para a forma\u00e7\u00e3o e habilita\u00e7\u00e3o de condutores de ve\u00edculos automotores e el\u00e9tricos. Outro motivo foram as in\u00fameras propostas e sugest\u00f5es dos \u00f3rg\u00e3os integrantes do Sistema Nacional de Tr\u00e2nsito que levou \u00e0 cria\u00e7\u00e3o de um grupo de trabalho da C\u00e2mara Tem\u00e1tica de Habilita\u00e7\u00e3o, em junho, para a discuss\u00e3o do assunto.<\/p>\n<p>Ao anunciar o novo modelo, o Contran explicou que os motoristas que t\u00eam o modelo atual n\u00e3o precisariam trocar o documento. A nova carteira seria obrigat\u00f3ria para a primeira permiss\u00e3o para dirigir emitida a partir de 1\u00b0 de julho, para renova\u00e7\u00e3o e substitui\u00e7\u00e3o do documento em casos como perda e roubo.<\/p>\n<p>Tamb\u00e9m foram suspensas hoje as mudan\u00e7as nos documentos do ve\u00edculo, que s\u00e3o os certificados de registro e de licenciamento, e teriam igualmente acr\u00e9scimo nos itens de seguran\u00e7a para evitar falsifica\u00e7\u00f5es e fraudes no pagamento de licenciamento e Imposto de Propriedade de Ve\u00edculo Automotor (IPVA).<\/p>\n<p>As resolu\u00e7\u00f5es publicadas hoje pelo Contran no Di\u00e1rio Oficial da Uni\u00e3o suspendem a Resolu\u00e7\u00e3o 511, de 27 de novembro de 2014, que regulamenta a produ\u00e7\u00e3o e expedi\u00e7\u00e3o da Carteira Nacional de Habilita\u00e7\u00e3o e da Permiss\u00e3o para Dirigir, e a Resolu\u00e7\u00e3o 512, de 27 de novembro de 2014, que altera os modelos e especifica\u00e7\u00f5es do Certificado de Registro de Ve\u00edculo (CRV) e do Certificado de Registro e Licenciamento de Ve\u00edculo (CRLV). (Ag\u00eancia Brasil)<\/p>\n","protected":false},"excerpt":{"rendered":"<p>Previstas para come\u00e7ar a partir de 1\u00b0 de julho, a impress\u00e3o e emiss\u00e3o do novo modelo da Carteira Nacional de Habilita\u00e7\u00e3o foram suspensas pelo Conselho Nacional de Tr\u00e2nsito (Contran). O novo prazo para implanta\u00e7\u00e3o ser\u00e1 discutido na pr\u00f3xima reuni\u00e3o do conselho, prevista para o m\u00eas de julho. A suspens\u00e3o da vig\u00eancia da Resolu\u00e7\u00e3o 511, que [&hellip;]<\/p>\n","protected":false},"author":1,"featured_media":61971,"comment_status":"open","ping_status":"closed","sticky":false,"template":"","format":"standard","meta":{"amp_status":"","footnotes":""},"categories":[6],"tags":[22942,799,49431,25297,49429,26339,49430,26338],"class_list":["post-61970","post","type-post","status-publish","format-standard","has-post-thumbnail","hentry","category-br","tag-carteira-nacional-de-habilitacao","tag-cnh","tag-conselho-nacional-de-trasito","tag-contran","tag-contran-adia-emissao-de-novo-modelo-de-carteira-de-motorista","tag-nova-cnh","tag-novo-modelo-de-carteira-de-motorista","tag-novo-modelo-de-cnh"],"_links":{"self":[{"href":"https:\/\/aconteceunovale.com.br\/portal\/index.php?rest_route=\/wp\/v2\/posts\/61970","targetHints":{"allow":["GET"]}}],"collection":[{"href":"https:\/\/aconteceunovale.com.br\/portal\/index.php?rest_route=\/wp\/v2\/posts"}],"about":[{"href":"https:\/\/aconteceunovale.com.br\/portal\/index.php?rest_route=\/wp\/v2\/types\/post"}],"author":[{"embeddable":true,"href":"https:\/\/aconteceunovale.com.br\/portal\/index.php?rest_route=\/wp\/v2\/users\/1"}],"replies":[{"embeddable":true,"href":"https:\/\/aconteceunovale.com.br\/portal\/index.php?rest_route=%2Fwp%2Fv2%2Fcomments&post=61970"}],"version-history":[{"count":0,"href":"https:\/\/aconteceunovale.com.br\/portal\/index.php?rest_route=\/wp\/v2\/posts\/61970\/revisions"}],"wp:featuredmedia":[{"embeddable":true,"href":"https:\/\/aconteceunovale.com.br\/portal\/index.php?rest_route=\/wp\/v2\/media\/61971"}],"wp:attachment":[{"href":"https:\/\/aconteceunovale.com.br\/portal\/index.php?rest_route=%2Fwp%2Fv2%2Fmedia&parent=61970"}],"wp:term":[{"taxonomy":"category","embeddable":true,"href":"https:\/\/aconteceunovale.com.br\/portal\/index.php?rest_route=%2Fwp%2Fv2%2Fcategories&post=61970"},{"taxonomy":"post_tag","embeddable":true,"href":"https:\/\/aconteceunovale.com.br\/portal\/index.php?rest_route=%2Fwp%2Fv2%2Ftags&post=61970"}],"curies":[{"name":"wp","href":"https:\/\/api.w.org\/{rel}","templated":true}]}}