{"id":61966,"date":"2015-06-23T18:08:13","date_gmt":"2015-06-23T21:08:13","guid":{"rendered":"http:\/\/aconteceunovale.com.br\/portal\/?p=61966"},"modified":"2015-06-23T18:08:45","modified_gmt":"2015-06-23T21:08:45","slug":"forum-regional-do-territorio-mucuri-e-instalado-em-teofilo-otoni","status":"publish","type":"post","link":"https:\/\/aconteceunovale.com.br\/portal\/?p=61966","title":{"rendered":"F\u00f3rum Regional do Territ\u00f3rio Mucuri \u00e9 instalado em Te\u00f3filo Otoni"},"content":{"rendered":"<h4><strong><em>Pimentel defende participa\u00e7\u00e3o popular durante F\u00f3rum Regional em Te\u00f3filo Otoni. Governador anunciou tamb\u00e9m a retomada das obras do Hospital Regional do munic\u00edpio e de pavimenta\u00e7\u00e3o da rodovia ligando \u00c1gua Boa a Malacacheta.<\/em><\/strong><\/h4>\n<p>O governador de Minas Gerais, Fernando Pimentel, refor\u00e7ou nesta ter\u00e7a-feira (23\/6), durante a abertura do F\u00f3rum Regional de Governo no Territ\u00f3rio Mucuri, em Te\u00f3filo Otoni, a necessidade de se regionalizar as pol\u00edticas p\u00fablicas do governo estadual, incentivando a participa\u00e7\u00e3o popular no desenvolvimento das a\u00e7\u00f5es.<\/p>\n<p>\u201cN\u00e3o podemos escolher aleatoriamente as prioridades de cada regi\u00e3o. N\u00e3o podemos, l\u00e1 de Belo Horizonte, pensar em fazer uma pra\u00e7a ou uma estrada aqui. Vamos para a regi\u00e3o, vamos ouvir as pessoas. Por isso, a import\u00e2ncia da participa\u00e7\u00e3o de todos, primeiro para definir as prioridades, depois para definir o formato das pol\u00edticas p\u00fablicas. N\u00f3s temos de ter pol\u00edticas p\u00fablicas regionalizadas\u201d, destacou.<\/p>\n<p>O Territ\u00f3rio de Desenvolvimento Mucuri, o terceiro instalado do total de 17 f\u00f3runs (antes, aconteceram os de Montes Claros e Ara\u00e7ua\u00ed), \u00e9 integrado por 29 munic\u00edpios, divididos em tr\u00eas microterrit\u00f3rios: \u00c1guas Formosas, Nanuque e Te\u00f3filo Otoni.<\/p>\n<p>O principal objetivo do f\u00f3rum, como ressaltou o governador, \u00e9 oficializar e garantir a participa\u00e7\u00e3o popular na elabora\u00e7\u00e3o, execu\u00e7\u00e3o e avalia\u00e7\u00e3o de pol\u00edticas p\u00fablicas regionalizadas. A popula\u00e7\u00e3o de cada um dos territ\u00f3rios ser\u00e1 convidada periodicamente para reuni\u00f5es para a discuss\u00e3o dos problemas e solu\u00e7\u00f5es. Esses encontros ir\u00e3o subsidiar o planejamento e as a\u00e7\u00f5es do governo a partir do Plano Plurianual de A\u00e7\u00f5es Governamentais (PPAG) e no Plano Mineiro de Desenvolvimento Integrado (PMDI).<\/p>\n<p>Pimentel destacou, ainda, a mudan\u00e7a do modelo de gest\u00e3o adotado pelo atual governo. \u201cSeis meses \u00e9 pouco para mudar, mas \u00e9 suficiente para mudar de atitude, de modelo, de comportamento. \u00c9 suficiente para deixar a dist\u00e2ncia de lado e buscar a proximidade. Para trocar a escurid\u00e3o pela transpar\u00eancia. Para eliminar o afastamento e buscar a participa\u00e7\u00e3o e o encontro das pessoas. Para deixar de lado a intransig\u00eancia e usar o di\u00e1logo como forma de resolver os problemas. E, principalmente, substituir o desprezo pela considera\u00e7\u00e3o. Todo cidad\u00e3o e cidad\u00e3 merece ser considerado\u201d, afirmou.<\/p>\n<p><img decoding=\"async\" src=\"http:\/\/aconteceunovale.com.br\/portal\/wp-content\/uploads\/2015\/06\/pimentel-defende-participacao-popular-durante-forum-regional-em-teofilo-otoni_1.jpg\" alt=\"\" \/><em>Governador Fernando Pimentel durante a abertura do F\u00f3rum Regional de Governo no Territ\u00f3rio Mucuri em Te\u00f3filo Otoni &#8211; Foto: Wellington Pedro\/Imprensa de Minas Gerais<\/em><br \/>\n<\/br><\/p>\n<p><strong>Hospital Regional<\/strong><\/p>\n<p>Ainda durante o evento, Pimentel anunciou a retomada de duas importantes obras para a regi\u00e3o. A primeira \u00e9 a retomada, em julho, das obras do Hospital Regional de Te\u00f3filo Otoni. A segunda \u00e9 a assinatura da ordem de servi\u00e7o da obra de constru\u00e7\u00e3o do trecho entre os munic\u00edpios de \u00c1gua Boa e Malacacheta. O governador ainda assinou a libera\u00e7\u00e3o de investimentos de R$ 2,98 milh\u00f5es da Companhia Energ\u00e9tica do Estado de Minas Gerais (Cemig) na regi\u00e3o.<\/p>\n<p>O secret\u00e1rio de Governo, Odair Cunha, ressaltou o compromisso do governo em transformar a participa\u00e7\u00e3o popular em pol\u00edtica de estado. \u201cTemos de democratizar a pol\u00edtica. Queremos fazer que o governo esteja presente visivelmente na vida das pessoas\u201d, afirmou.<\/p>\n<p><strong>Participa\u00e7\u00e3o<\/strong><\/p>\n<p>A instala\u00e7\u00e3o do F\u00f3rum Regional de Governo \u2013 Territ\u00f3rio Mucuri contou com a participa\u00e7\u00e3o do vice-governador Ant\u00f4nio Andrade, secret\u00e1rios de Estado, diretores de empresas e autarquias, deputados, prefeitos, vereadores e l\u00edderes de diversos movimentos sociais da regi\u00e3o.<\/p>\n<p>O prefeito de Santa Helena de Minas, Arthur Rodrigues da Silva, comemorou a instala\u00e7\u00e3o do f\u00f3rum na regi\u00e3o. \u201cEssa \u00e9 uma iniciativa maravilhosa, de se unir em torno do Vale do Mucuri. Precisamos dessa aten\u00e7\u00e3o especial e mais perto do munic\u00edpio. Precisamos nos unir cada vez mais\u201d, disse.<\/p>\n<p>Presidente do Conselho Estadual de Assist\u00eancia Social e membro do Quilombo Santa Cruz, em Ouro Verde de Minas, Maria Alves de Souza acredita que os f\u00f3runs ser\u00e3o importantes na constru\u00e7\u00e3o de novas pol\u00edticas sociais. \u201cEsse \u00e9 um momento muito importante para o Vale do Mucuri. N\u00f3s estamos aqui consolidando um processo no qual a gente acreditou durante muito tempo. Um momento que se fundamenta na luta das pessoas, dos movimentos sociais e sindicais, dos grupos n\u00e3o organizados, de pessoas que sonham poder viver, ter dignidade, liberdade e construir sua pr\u00f3pria autonomia\u201d, disse. Um dos avan\u00e7os, segundo ela, foi a cria\u00e7\u00e3o da secretaria de Desenvolvimento Agr\u00e1rio.<\/p>\n<p>O deputado estadual Neilando Pimenta, que representou a Assembleia Legislativa, ressaltou a import\u00e2ncia da parceria entre os poderes e a popula\u00e7\u00e3o, dando \u201cvoz e vez\u201d \u00e0s regi\u00f5es. \u201c\u00c9 um di\u00e1logo aberto, criando um ambiente de intensa participa\u00e7\u00e3o popular\u201d, disse. (Ag\u00eancia Minas)<\/p>\n","protected":false},"excerpt":{"rendered":"<p>Pimentel defende participa\u00e7\u00e3o popular durante F\u00f3rum Regional em Te\u00f3filo Otoni. Governador anunciou tamb\u00e9m a retomada das obras do Hospital Regional do munic\u00edpio e de pavimenta\u00e7\u00e3o da rodovia ligando \u00c1gua Boa a Malacacheta. O governador de Minas Gerais, Fernando Pimentel, refor\u00e7ou nesta ter\u00e7a-feira (23\/6), durante a abertura do F\u00f3rum Regional de Governo no Territ\u00f3rio Mucuri, em [&hellip;]<\/p>\n","protected":false},"author":1,"featured_media":61967,"comment_status":"open","ping_status":"closed","sticky":false,"template":"","format":"standard","meta":{"amp_status":"","footnotes":""},"categories":[122],"tags":[130,1536,1018,12826,49428,49423,49420,49422,49421,17334,226,252,49426,49425,49427,164,49424],"class_list":["post-61966","post","type-post","status-publish","format-standard","has-post-thumbnail","hentry","category-mucuri","tag-agua-boa","tag-aguas-formosas","tag-destaque","tag-fernando-pimentel","tag-forum-regional-de-governo-no-territorio-mucuri","tag-forum-regional-do-mucuri","tag-forum-regional-do-mucuri-e-instalado-em-teofilo-otoni","tag-forum-regional-do-territorio-mucuri","tag-forum-regional-do-territorio-mucuri-e-instalado-em-teofilo-otoni","tag-governador-de-minas-gerais","tag-malacacheta","tag-nanuque","tag-pavimentacao-da-rodovia-ligando-agua-boa-a-malacacheta","tag-pimentel-defende-participacao-popular-durante-forum-regional-em-teofilo-otoni","tag-retomada-das-obras-do-hospital-regional-de-teofilo-otoni","tag-teofilo-otoni","tag-territorio-mucuri"],"_links":{"self":[{"href":"https:\/\/aconteceunovale.com.br\/portal\/index.php?rest_route=\/wp\/v2\/posts\/61966","targetHints":{"allow":["GET"]}}],"collection":[{"href":"https:\/\/aconteceunovale.com.br\/portal\/index.php?rest_route=\/wp\/v2\/posts"}],"about":[{"href":"https:\/\/aconteceunovale.com.br\/portal\/index.php?rest_route=\/wp\/v2\/types\/post"}],"author":[{"embeddable":true,"href":"https:\/\/aconteceunovale.com.br\/portal\/index.php?rest_route=\/wp\/v2\/users\/1"}],"replies":[{"embeddable":true,"href":"https:\/\/aconteceunovale.com.br\/portal\/index.php?rest_route=%2Fwp%2Fv2%2Fcomments&post=61966"}],"version-history":[{"count":0,"href":"https:\/\/aconteceunovale.com.br\/portal\/index.php?rest_route=\/wp\/v2\/posts\/61966\/revisions"}],"wp:featuredmedia":[{"embeddable":true,"href":"https:\/\/aconteceunovale.com.br\/portal\/index.php?rest_route=\/wp\/v2\/media\/61967"}],"wp:attachment":[{"href":"https:\/\/aconteceunovale.com.br\/portal\/index.php?rest_route=%2Fwp%2Fv2%2Fmedia&parent=61966"}],"wp:term":[{"taxonomy":"category","embeddable":true,"href":"https:\/\/aconteceunovale.com.br\/portal\/index.php?rest_route=%2Fwp%2Fv2%2Fcategories&post=61966"},{"taxonomy":"post_tag","embeddable":true,"href":"https:\/\/aconteceunovale.com.br\/portal\/index.php?rest_route=%2Fwp%2Fv2%2Ftags&post=61966"}],"curies":[{"name":"wp","href":"https:\/\/api.w.org\/{rel}","templated":true}]}}