{"id":61959,"date":"2015-06-23T17:10:55","date_gmt":"2015-06-23T20:10:55","guid":{"rendered":"http:\/\/aconteceunovale.com.br\/portal\/?p=61959"},"modified":"2015-06-23T17:11:50","modified_gmt":"2015-06-23T20:11:50","slug":"moradora-de-jequitinhonha-esta-gravida-de-gemeos-siameses-com-um-so-coracao","status":"publish","type":"post","link":"https:\/\/aconteceunovale.com.br\/portal\/?p=61959","title":{"rendered":"Moradora de Jequitinhonha est\u00e1 gr\u00e1vida de g\u00eameos siameses com um s\u00f3 cora\u00e7\u00e3o"},"content":{"rendered":"<h4><strong><em>Fabr\u00edcia Oliveira dos Santos, de 20 anos, est\u00e1 no 7\u00ba m\u00eas de gesta\u00e7\u00e3o e descobriu a gravidez h\u00e1 dois meses. Ela mora no Vale do Jequitinhonha e aguarda vaga em hospital de BH.<\/em><\/strong><\/h4>\n<p>O primeiro caso de g\u00eameos siameses com um s\u00f3 cora\u00e7\u00e3o foi registrado em Minas Gerais. A informa\u00e7\u00e3o foi confirmada pela Secretaria Estadual de Sa\u00fade. Segundo o m\u00e9dico obstetra que atendeu a jovem, a probabilidade de casos como este acontecerem \u00e9 de um em 50 mil. Fabr\u00edcia Oliveira dos Santos, de 20 anos, mora no Vale do Jequitinhonha (MG) e est\u00e1 no s\u00e9timo m\u00eas de gravidez.<\/p>\n<p>A jovem descobriu a gravidez por acaso, h\u00e1 dois meses. Segundo a fam\u00edlia, Fabr\u00edcia morava em Estiva, zona rural da cidade de Jequitinhonha. No povoado n\u00e3o h\u00e1 uma unidade de Sa\u00fade, e a irm\u00e3, desconfiada, chamou Fabr\u00edcia para realizar o exame. &#8220;\u00c9 uma realidade complicada, mas o importante \u00e9 que eles venham com sa\u00fade e bem, e o resto a gente conquista depois&#8221;, disse a irm\u00e3 Lucimara Oliveira.<\/p>\n<p>Ap\u00f3s o in\u00edcio dos exames de pr\u00e9-natal, os m\u00e9dicos detectaram que os siameses tem um s\u00f3 cora\u00e7\u00e3o. Segundo o m\u00e9dico obstetra Jo\u00e3o Bosco Botelho, durante sua vida profissional nunca havia visto um caso assim. Ele diz ainda que a jovem precisa ser transferida para um hospital em Belo Horizonte, mas ainda aguarda por uma vaga.<\/p>\n<p>\u201cEm 25 anos de profiss\u00e3o nunca havia visto algo assim. A gente est\u00e1 acompanhando o caso da Fabr\u00edcia e tentando resolver a situa\u00e7\u00e3o, para que num prazo r\u00e1pido ela seja encaminhada para a Santa Casa de Belo Horizonte, onde poder\u00e1 encontrar uma melhor estrutura\u201d, diz Jo\u00e3o Bosco Botelho.<\/p>\n<p>Fabr\u00edcia reclama de dores pelo corpo e espera ansiosa pela transfer\u00eancia. \u201cQuando eu descobri j\u00e1 estava com cinco meses de gravidez. Agora estou esperando essa vaga aparecer. Se Deus quiser vai dar tudo certo, j\u00e1 at\u00e9 escolhi os nomes dos beb\u00eas; Adrian e Adriano\u201d, revela Fabr\u00edcia.<\/p>\n<p>Os relat\u00f3rios do caso de Fabr\u00edcia foram encaminhados para a Central de Regula\u00e7\u00e3o em Belo Horizonte para que a gestante possa receber o atendimento adequado.<\/p>\n<p><img decoding=\"async\" src=\"http:\/\/aconteceunovale.com.br\/portal\/wp-content\/uploads\/2015\/06\/caso_gemeos_siameses_jequi_2.jpg\" alt=\"\" \/><em>Fabr\u00edcia espera vaga em um hospital em BH (Foto: Cristiano Dias \/ Inter TV dos Vales)<\/em><br \/>\n<\/br><\/p>\n<p><img decoding=\"async\" src=\"http:\/\/aconteceunovale.com.br\/portal\/wp-content\/uploads\/2015\/06\/caso_gemeos_siameses_jequi_1.jpg\" alt=\"\" \/><em>Fabr\u00edcia espera vaga em um hospital em BH (Foto: Cristiano Dias \/ Inter TV dos Vales)<\/em><br \/>\n<\/br><\/p>\n<p><img decoding=\"async\" src=\"http:\/\/aconteceunovale.com.br\/portal\/wp-content\/uploads\/2015\/06\/caso_gemeos_siameses_jequi_3.jpg\" alt=\"\" \/><em>Fabr\u00edcia espera vaga em um hospital em BH (Foto: Cristiano Dias \/ Inter TV dos Vales)<\/em><br \/>\n<\/br><\/p>\n<p><strong><em>(Fonte: Inter TV dos Vales \/ G1)<\/em><\/strong><\/p>\n","protected":false},"excerpt":{"rendered":"<p>Fabr\u00edcia Oliveira dos Santos, de 20 anos, est\u00e1 no 7\u00ba m\u00eas de gesta\u00e7\u00e3o e descobriu a gravidez h\u00e1 dois meses. Ela mora no Vale do Jequitinhonha e aguarda vaga em hospital de BH. O primeiro caso de g\u00eameos siameses com um s\u00f3 cora\u00e7\u00e3o foi registrado em Minas Gerais. A informa\u00e7\u00e3o foi confirmada pela Secretaria Estadual [&hellip;]<\/p>\n","protected":false},"author":1,"featured_media":61961,"comment_status":"open","ping_status":"closed","sticky":false,"template":"","format":"standard","meta":{"amp_status":"","footnotes":""},"categories":[120],"tags":[1018,49416,49419,49412,49414,49413,49410,49409,49411,34252,49418,49415,49408,49417],"class_list":["post-61959","post","type-post","status-publish","format-standard","has-post-thumbnail","hentry","category-jequi","tag-destaque","tag-fabricia-oliveira","tag-fabricia-oliveira-dos-santos","tag-gemeos-siameses","tag-gemeos-siameses-em-jequitinhonha","tag-gemeos-siameses-jequitinhonha","tag-gravida-de-gemeos-siameses","tag-gravida-de-gemeos-siameses-com-um-so-coracao","tag-gravida-de-gemeos-siameses-de-jequitinhonha","tag-jequitinhonha","tag-joao-bosco-botelho","tag-moradora-de-jequitinhonha-esta-gravida-de-gemeos","tag-moradora-de-jequitinhonha-esta-gravida-de-gemeos-siameses-com-um-so-coracao","tag-primeiro-caso-de-gemeos-siameses-com-um-so-coracao-foi-registrado-em-minas-gerais"],"_links":{"self":[{"href":"https:\/\/aconteceunovale.com.br\/portal\/index.php?rest_route=\/wp\/v2\/posts\/61959","targetHints":{"allow":["GET"]}}],"collection":[{"href":"https:\/\/aconteceunovale.com.br\/portal\/index.php?rest_route=\/wp\/v2\/posts"}],"about":[{"href":"https:\/\/aconteceunovale.com.br\/portal\/index.php?rest_route=\/wp\/v2\/types\/post"}],"author":[{"embeddable":true,"href":"https:\/\/aconteceunovale.com.br\/portal\/index.php?rest_route=\/wp\/v2\/users\/1"}],"replies":[{"embeddable":true,"href":"https:\/\/aconteceunovale.com.br\/portal\/index.php?rest_route=%2Fwp%2Fv2%2Fcomments&post=61959"}],"version-history":[{"count":0,"href":"https:\/\/aconteceunovale.com.br\/portal\/index.php?rest_route=\/wp\/v2\/posts\/61959\/revisions"}],"wp:featuredmedia":[{"embeddable":true,"href":"https:\/\/aconteceunovale.com.br\/portal\/index.php?rest_route=\/wp\/v2\/media\/61961"}],"wp:attachment":[{"href":"https:\/\/aconteceunovale.com.br\/portal\/index.php?rest_route=%2Fwp%2Fv2%2Fmedia&parent=61959"}],"wp:term":[{"taxonomy":"category","embeddable":true,"href":"https:\/\/aconteceunovale.com.br\/portal\/index.php?rest_route=%2Fwp%2Fv2%2Fcategories&post=61959"},{"taxonomy":"post_tag","embeddable":true,"href":"https:\/\/aconteceunovale.com.br\/portal\/index.php?rest_route=%2Fwp%2Fv2%2Ftags&post=61959"}],"curies":[{"name":"wp","href":"https:\/\/api.w.org\/{rel}","templated":true}]}}