{"id":61954,"date":"2015-06-23T16:38:03","date_gmt":"2015-06-23T19:38:03","guid":{"rendered":"http:\/\/aconteceunovale.com.br\/portal\/?p=61954"},"modified":"2015-06-23T16:38:55","modified_gmt":"2015-06-23T19:38:55","slug":"cinco-homens-presos-apos-assaltos-com-uso-de-refens-em-curvelo","status":"publish","type":"post","link":"https:\/\/aconteceunovale.com.br\/portal\/?p=61954","title":{"rendered":"Cinco homens presos ap\u00f3s assaltos com uso de ref\u00e9ns em Curvelo"},"content":{"rendered":"<p>Policiais Civis da Delegacia Regional de Curvelo realizaram, na manh\u00e3 desta ter\u00e7a-feira (23), a &#8220;Opera\u00e7\u00e3o Santana&#8221;, que terminou com a pris\u00e3o de cinco homens. Eles s\u00e3o investigados em seis inqu\u00e9ritos, sendo que quatro s\u00e3o referentes a assaltos em postos de combust\u00edveis e dois a assaltos, com ref\u00e9ns, em casas de empres\u00e1rios.<\/p>\n<p>Ap\u00f3s quase cinco meses de investiga\u00e7\u00f5es, que envolveram a participa\u00e7\u00e3o da equipe da Delegacia de Furtos e Roubos de Curvelo, com apoio do Setor de Intelig\u00eancia da Delegacia Regional, a Pol\u00edcia Civil conseguiu da Justi\u00e7a cinco mandados de pris\u00e3o e nove de busca e apreens\u00e3o. Cerca de 40 policiais civis participaram opera\u00e7\u00e3o. <\/p>\n<p>Segundo informa\u00e7\u00f5es da PC, foram presos, Wagner Vitor dos Santos, Geraldo Aparecido da Silva, Geraldo Pereira dos Santos, Tiago Pereira Dornas e Jonathan Costa de Oliveira Souza. Todos os envolvidos foram encaminhados para o Pres\u00eddio de Curvelo e ir\u00e3o responder pelos crimes de roubo qualificado, forma\u00e7\u00e3o de quadrilha, sequestro e c\u00e1rcere privado.<\/p>\n<p>Durante as buscas tamb\u00e9m foram apreendidos dois rev\u00f3lveres calibre 38, 12 muni\u00e7\u00f5es, seis ve\u00edculos, uma balan\u00e7a de precis\u00e3o, dinheiro, cheques, documentos, telefones celulares, roupas usadas nos assaltos, capacetes e botas.<\/p>\n<p>O nome da opera\u00e7\u00e3o se refere ao primeiro posto assaltado pelo grupo na cidade de Curvelo. As investiga\u00e7\u00f5es foram coordenadas pelo delegado Rodrigo Otavio Rodrigues e a opera\u00e7\u00e3o contou com a participa\u00e7\u00e3o de policiais civis do 14\u00ba Departamento de Pol\u00edcia Civil e Delegacia Regional em Curvelo, e das delegacias das cidades de Tr\u00eas Marias, Corinto, Buen\u00f3polis, Sete Lagoas e Felixl\u00e2ndia.<\/p>\n<p><img decoding=\"async\" src=\"http:\/\/aconteceunovale.com.br\/portal\/wp-content\/uploads\/2015\/06\/presos_curvelo_1.jpg\" alt=\"\" \/><em>Suspeitos foram preso durante opera\u00e7\u00e3o realizada pela PC de Curvelo (Foto: Divulga\u00e7\u00e3o\/PCMG)<\/em><br \/>\n<\/br><\/p>\n<p><img decoding=\"async\" src=\"http:\/\/aconteceunovale.com.br\/portal\/wp-content\/uploads\/2015\/06\/presos_curvelo_2.jpg\" alt=\"\" \/><em>Parte do material apreendido com os cinco investigados (Foto: Divulga\u00e7\u00e3o\/PCMG)<\/em><br \/>\n<\/br><\/p>\n<p><img decoding=\"async\" src=\"http:\/\/aconteceunovale.com.br\/portal\/wp-content\/uploads\/2015\/06\/presos_curvelo_3.jpg\" alt=\"\" \/><em>Armas tamb\u00e9m foram apreendidas durante a opera\u00e7\u00e3o da PC (Foto: Divulga\u00e7\u00e3o\/PCMG)<\/em><br \/>\n<\/br><\/p>\n<p><em>(Fonte: Pol\u00edcia Civil de Minas Gerais)<\/em><\/p>\n","protected":false},"excerpt":{"rendered":"<p>Policiais Civis da Delegacia Regional de Curvelo realizaram, na manh\u00e3 desta ter\u00e7a-feira (23), a &#8220;Opera\u00e7\u00e3o Santana&#8221;, que terminou com a pris\u00e3o de cinco homens. Eles s\u00e3o investigados em seis inqu\u00e9ritos, sendo que quatro s\u00e3o referentes a assaltos em postos de combust\u00edveis e dois a assaltos, com ref\u00e9ns, em casas de empres\u00e1rios. Ap\u00f3s quase cinco meses [&hellip;]<\/p>\n","protected":false},"author":1,"featured_media":61955,"comment_status":"open","ping_status":"closed","sticky":false,"template":"","format":"standard","meta":{"amp_status":"","footnotes":""},"categories":[123],"tags":[49397,49400,960,49396,1534,197,1271,49404,49405,49407,49401,49402,49398,1532,49406,1533,49399,49403],"class_list":["post-61954","post","type-post","status-publish","format-standard","has-post-thumbnail","hentry","category-gerais","tag-assaltos-com-uso-de-refens-em-curvelo","tag-assaltos-em-curvelo","tag-buenopolis","tag-cinco-homens-presos-apos-assaltos-com-uso-de-refens-em-curvelo","tag-corinto","tag-curvelo","tag-felixlandia","tag-geraldo-aparecido-da-silva","tag-geraldo-pereira-dos-santos","tag-jonathan-costa-de-oliveira-souza","tag-operacao-santana","tag-operacao-santana-em-curvelo","tag-presos-em-curvelo","tag-sete-lagoas","tag-tiago-pereira-dornas","tag-tres-marias","tag-violencia-em-curvelo","tag-wagner-vitor-dos-santos"],"_links":{"self":[{"href":"https:\/\/aconteceunovale.com.br\/portal\/index.php?rest_route=\/wp\/v2\/posts\/61954","targetHints":{"allow":["GET"]}}],"collection":[{"href":"https:\/\/aconteceunovale.com.br\/portal\/index.php?rest_route=\/wp\/v2\/posts"}],"about":[{"href":"https:\/\/aconteceunovale.com.br\/portal\/index.php?rest_route=\/wp\/v2\/types\/post"}],"author":[{"embeddable":true,"href":"https:\/\/aconteceunovale.com.br\/portal\/index.php?rest_route=\/wp\/v2\/users\/1"}],"replies":[{"embeddable":true,"href":"https:\/\/aconteceunovale.com.br\/portal\/index.php?rest_route=%2Fwp%2Fv2%2Fcomments&post=61954"}],"version-history":[{"count":0,"href":"https:\/\/aconteceunovale.com.br\/portal\/index.php?rest_route=\/wp\/v2\/posts\/61954\/revisions"}],"wp:featuredmedia":[{"embeddable":true,"href":"https:\/\/aconteceunovale.com.br\/portal\/index.php?rest_route=\/wp\/v2\/media\/61955"}],"wp:attachment":[{"href":"https:\/\/aconteceunovale.com.br\/portal\/index.php?rest_route=%2Fwp%2Fv2%2Fmedia&parent=61954"}],"wp:term":[{"taxonomy":"category","embeddable":true,"href":"https:\/\/aconteceunovale.com.br\/portal\/index.php?rest_route=%2Fwp%2Fv2%2Fcategories&post=61954"},{"taxonomy":"post_tag","embeddable":true,"href":"https:\/\/aconteceunovale.com.br\/portal\/index.php?rest_route=%2Fwp%2Fv2%2Ftags&post=61954"}],"curies":[{"name":"wp","href":"https:\/\/api.w.org\/{rel}","templated":true}]}}