{"id":61946,"date":"2015-06-23T16:05:44","date_gmt":"2015-06-23T19:05:44","guid":{"rendered":"http:\/\/aconteceunovale.com.br\/portal\/?p=61946"},"modified":"2015-06-23T16:06:10","modified_gmt":"2015-06-23T19:06:10","slug":"tecnico-administrativos-em-educacao-do-ifmg-campus-sao-joao-evangelista-aderem-a-greve-nacional","status":"publish","type":"post","link":"https:\/\/aconteceunovale.com.br\/portal\/?p=61946","title":{"rendered":"T\u00e9cnico-administrativos em Educa\u00e7\u00e3o do IFMG Campus S\u00e3o Jo\u00e3o Evangelista aderem \u00e0 greve nacional"},"content":{"rendered":"<p>Em reuni\u00e3o na \u00faltima sexta-feira (19), foi deflagrada a greve dos T\u00e9cnico-administrativos em Educa\u00e7\u00e3o do Instituto Federal de Minas Gerais &#8211; Campus S\u00e3o Jo\u00e3o Evangelista (IFMG-SJE), que come\u00e7ou nessa segunda-feira (22).<\/p>\n<p>Segundo a institui\u00e7\u00e3o, o objetivo dessa greve \u00e9 tentar abrir negocia\u00e7\u00f5es com o Governo Federal para a implanta\u00e7\u00e3o de uma pol\u00edtica de aprimoramento da carreira e de reajustes salariais para a Categoria, al\u00e9m de se posicionar contr\u00e1ria ao ajuste fiscal, que traz no seu bojo cortes expressivos nos recursos das \u00e1reas de Educa\u00e7\u00e3o e Sa\u00fade.<\/p>\n<p>Entre outras quest\u00f5es, a Greve, como espa\u00e7o de luta social, busca defender o servi\u00e7o p\u00fablico, a educa\u00e7\u00e3o gratuita e de qualidade, e a inclus\u00e3o e avan\u00e7ar na conquista da justi\u00e7a social.<\/p>\n<p>Os servi\u00e7os essenciais, conforme a Lei 7783 de 28 de 1989, ser\u00e3o mantidos:<\/p>\n<p>I &#8211; tratamento e abastecimento de \u00e1gua; produ\u00e7\u00e3o e distribui\u00e7\u00e3o de energia el\u00e9trica, g\u00e1s e combust\u00edveis;<br \/>\nII &#8211; assist\u00eancia m\u00e9dica e hospitalar;<br \/>\nIII &#8211; distribui\u00e7\u00e3o e comercializa\u00e7\u00e3o de medicamentos e alimentos;<br \/>\nIV &#8211; funer\u00e1rios;<br \/>\nV &#8211; transporte coletivo;<br \/>\nVI &#8211; capta\u00e7\u00e3o e tratamento de esgoto e lixo;<br \/>\nVII &#8211; telecomunica\u00e7\u00f5es;<br \/>\nVIII &#8211; guarda, uso e controle de subst\u00e2ncias radioativas, equipamentos e materiais nucleares;<br \/>\nIX &#8211; processamento de dados ligados a servi\u00e7os essenciais;<br \/>\nX &#8211; controle de tr\u00e1fego a\u00e9reo;<br \/>\nXI &#8211; compensa\u00e7\u00e3o banc\u00e1ria.<\/p>\n<p><img decoding=\"async\" src=\"http:\/\/aconteceunovale.com.br\/portal\/wp-content\/uploads\/2015\/06\/ifmg_sje_new.jpg\" alt=\"\" \/><em>Greve come\u00e7ou nessa segunda-feira (22) &#8211; Foto: Divulga\u00e7\u00e3o<\/em><br \/>\n<\/br><\/p>\n<p><em>(Fonte: IFMG-SJE)<\/em><\/p>\n","protected":false},"excerpt":{"rendered":"<p>Em reuni\u00e3o na \u00faltima sexta-feira (19), foi deflagrada a greve dos T\u00e9cnico-administrativos em Educa\u00e7\u00e3o do Instituto Federal de Minas Gerais &#8211; Campus S\u00e3o Jo\u00e3o Evangelista (IFMG-SJE), que come\u00e7ou nessa segunda-feira (22). Segundo a institui\u00e7\u00e3o, o objetivo dessa greve \u00e9 tentar abrir negocia\u00e7\u00f5es com o Governo Federal para a implanta\u00e7\u00e3o de uma pol\u00edtica de aprimoramento da [&hellip;]<\/p>\n","protected":false},"author":1,"featured_media":61947,"comment_status":"open","ping_status":"closed","sticky":false,"template":"","format":"standard","meta":{"amp_status":"","footnotes":""},"categories":[40238,121],"tags":[49387,49389,49392,49391,49388,49390,162,49386],"class_list":["post-61946","post","type-post","status-publish","format-standard","has-post-thumbnail","hentry","category-educacao-2","category-leste","tag-greve-da-educacao","tag-greve-das-instituicoes-federais","tag-greve-em-sao-joao-evangelista","tag-greve-ifmg","tag-greve-nacional-de-professores","tag-greve-no-ifmg-sao-joao-evangelista","tag-sao-joao-evangelista","tag-tecnico-administrativos-em-educacao-do-ifmg-campus-sao-joao-evangelista-aderem-a-greve-nacional"],"_links":{"self":[{"href":"https:\/\/aconteceunovale.com.br\/portal\/index.php?rest_route=\/wp\/v2\/posts\/61946","targetHints":{"allow":["GET"]}}],"collection":[{"href":"https:\/\/aconteceunovale.com.br\/portal\/index.php?rest_route=\/wp\/v2\/posts"}],"about":[{"href":"https:\/\/aconteceunovale.com.br\/portal\/index.php?rest_route=\/wp\/v2\/types\/post"}],"author":[{"embeddable":true,"href":"https:\/\/aconteceunovale.com.br\/portal\/index.php?rest_route=\/wp\/v2\/users\/1"}],"replies":[{"embeddable":true,"href":"https:\/\/aconteceunovale.com.br\/portal\/index.php?rest_route=%2Fwp%2Fv2%2Fcomments&post=61946"}],"version-history":[{"count":0,"href":"https:\/\/aconteceunovale.com.br\/portal\/index.php?rest_route=\/wp\/v2\/posts\/61946\/revisions"}],"wp:featuredmedia":[{"embeddable":true,"href":"https:\/\/aconteceunovale.com.br\/portal\/index.php?rest_route=\/wp\/v2\/media\/61947"}],"wp:attachment":[{"href":"https:\/\/aconteceunovale.com.br\/portal\/index.php?rest_route=%2Fwp%2Fv2%2Fmedia&parent=61946"}],"wp:term":[{"taxonomy":"category","embeddable":true,"href":"https:\/\/aconteceunovale.com.br\/portal\/index.php?rest_route=%2Fwp%2Fv2%2Fcategories&post=61946"},{"taxonomy":"post_tag","embeddable":true,"href":"https:\/\/aconteceunovale.com.br\/portal\/index.php?rest_route=%2Fwp%2Fv2%2Ftags&post=61946"}],"curies":[{"name":"wp","href":"https:\/\/api.w.org\/{rel}","templated":true}]}}