{"id":61943,"date":"2015-06-23T15:26:01","date_gmt":"2015-06-23T18:26:01","guid":{"rendered":"http:\/\/aconteceunovale.com.br\/portal\/?p=61943"},"modified":"2015-06-23T15:26:01","modified_gmt":"2015-06-23T18:26:01","slug":"mutirao-para-regularizar-terras-no-vale-do-mucuri-supera-expectativas","status":"publish","type":"post","link":"https:\/\/aconteceunovale.com.br\/portal\/?p=61943","title":{"rendered":"Mutir\u00e3o para regularizar terras no Vale do Mucuri supera expectativas"},"content":{"rendered":"<h4><strong><em>Governo de Minas Gerais retoma programa de regulariza\u00e7\u00e3o fundi\u00e1ria rural, com 82 atendimentos a fam\u00edlias de agricultores de Frei Gaspar.<\/em><\/strong><\/h4>\n<p>A equipe t\u00e9cnica da Secretaria de Estado de Desenvolvimento Agr\u00e1rio (Seda) realizou 82 atendimentos no mutir\u00e3o da regulariza\u00e7\u00e3o fundi\u00e1ria em Frei Gaspar, no Vale do Mucuri. A a\u00e7\u00e3o foi realizada na semana passada, marcando a retomada do Programa Estadual de Regulariza\u00e7\u00e3o Fundi\u00e1ria Rural, paralisado h\u00e1 tr\u00eas anos.<\/p>\n<p>Al\u00e9m de atualizar 63 cadastros, que poderiam ter sido reanalisados desde 2011, a Seda recebeu mais 19 pedidos de emiss\u00e3o do t\u00edtulo de posse da terra. A pr\u00f3xima etapa ser\u00e1 a medi\u00e7\u00e3o dos terrenos. At\u00e9 o fim do ano haver\u00e1 a emiss\u00e3o dos t\u00edtulos.<\/p>\n<p>Segundo balan\u00e7o da Subsecretaria de Acesso a Terra e Regulariza\u00e7\u00e3o Fundi\u00e1ria, dos 63 recadastramentos 33 foram atualizados, 52,38% do total. Outros 19 im\u00f3veis j\u00e1 estavam regularizados n\u00e3o cabendo a\u00e7\u00e3o do Estado, que atende demandas de terras devolutas. Sete fam\u00edlias n\u00e3o compareceram ao mutir\u00e3o, tr\u00eas processos estavam em lit\u00edgio e houve apenas um cancelamento de pedido.<\/p>\n<p>O secret\u00e1rio de Desenvolvimento Agr\u00e1rio, Glenio Martins, ao fazer o balan\u00e7o da a\u00e7\u00e3o, avalia que o mutir\u00e3o superou as expectativas. \u201cO Governo Pimentel cumpriu sua miss\u00e3o de levar informa\u00e7\u00e3o e receber demandas dos agricultores familiares nas regi\u00f5es. Vamos continuar trabalhando para que as pol\u00edticas p\u00fablicas cheguem at\u00e9 as pessoas que mais necessitam\u201d, diz Martins.<\/p>\n<p>O subsecret\u00e1rio de Acesso \u00e0 Terra e Regulariza\u00e7\u00e3o Fundi\u00e1ria, Danilo Araujo, ressalta que aqueles que j\u00e1 foram beneficiados com o t\u00edtulo no passado e que ainda n\u00e3o registraram o terreno devem procurar o cart\u00f3rio de registro mais pr\u00f3ximo. \u201cQuem n\u00e3o registra n\u00e3o \u00e9 dono do im\u00f3vel\u201d, afirma.<\/p>\n<p><strong>Passivo<\/strong><\/p>\n<p>Em Minas Gerais h\u00e1 cerca de 550 mil propriedades rurais, a maioria de pequenas propriedades. Boa parte dos donos n\u00e3o possui o registro de seus terrenos &#8211; o chamado t\u00edtulo de legitima\u00e7\u00e3o de posse de terra. E \u00e9 justamente o pequeno agricultor que mais sofre com a falta de estrutura.<\/p>\n<p>No diagn\u00f3stico realizado pelo Governo do Estado, foram encontrados 16 mil processos de regulariza\u00e7\u00e3o parados. Nos \u00faltimos quatro anos, apenas 51 t\u00edtulos foram emitidos \u2013 sendo que, depois, quatro desses t\u00edtulos foram cancelados por quest\u00f5es t\u00e9cnicas.<\/p>\n<p>A regulariza\u00e7\u00e3o fundi\u00e1ria \u00e9 um importante fator para a solu\u00e7\u00e3o dos conflitos sociais, garantia do direito \u00e0 terra e a melhoria da qualidade de vida das pessoas, promovendo a cidadania. Al\u00e9m de dar seguran\u00e7a e gerar Justi\u00e7a, a regulariza\u00e7\u00e3o fundi\u00e1ria permite o acesso ao cr\u00e9dito e outros incentivos p\u00fablicos, gerando renda e emprego e tamb\u00e9m a redu\u00e7\u00e3o do \u00eaxodo rural.<\/p>\n<p><img decoding=\"async\" src=\"http:\/\/aconteceunovale.com.br\/portal\/wp-content\/uploads\/2015\/06\/mutirao-para-regularizar-terras-no-vale-do-mucuri-supera-expectativas.jpg\" alt=\"\" \/><em>Seda atualizou 63 cadastros e recebeu mais 19 pedidos &#8211; Foto: Wellington Pedro\/Imprensa MG<\/em><\/p>\n","protected":false},"excerpt":{"rendered":"<p>Governo de Minas Gerais retoma programa de regulariza\u00e7\u00e3o fundi\u00e1ria rural, com 82 atendimentos a fam\u00edlias de agricultores de Frei Gaspar. A equipe t\u00e9cnica da Secretaria de Estado de Desenvolvimento Agr\u00e1rio (Seda) realizou 82 atendimentos no mutir\u00e3o da regulariza\u00e7\u00e3o fundi\u00e1ria em Frei Gaspar, no Vale do Mucuri. A a\u00e7\u00e3o foi realizada na semana passada, marcando a [&hellip;]<\/p>\n","protected":false},"author":1,"featured_media":61944,"comment_status":"open","ping_status":"closed","sticky":false,"template":"","format":"standard","meta":{"amp_status":"","footnotes":""},"categories":[122],"tags":[3136,49385,49384,49383,49382,48063,48488,48489],"class_list":["post-61943","post","type-post","status-publish","format-standard","has-post-thumbnail","hentry","category-mucuri","tag-frei-gaspar","tag-mutirao-da-regularizacao-fundiaria-em-frei-gaspar","tag-mutirao-para-regularizar-terras-em-frei-gaspar","tag-mutirao-para-regularizar-terras-no-vale-do-mucuri","tag-mutirao-para-regularizar-terras-no-vale-do-mucuri-supera-expectativas","tag-regularizacao-fundiaria-em-minas-gerais","tag-regularizacao-fundiaria-rural","tag-regularizacao-fundiaria-rural-em-minas-gerais"],"_links":{"self":[{"href":"https:\/\/aconteceunovale.com.br\/portal\/index.php?rest_route=\/wp\/v2\/posts\/61943","targetHints":{"allow":["GET"]}}],"collection":[{"href":"https:\/\/aconteceunovale.com.br\/portal\/index.php?rest_route=\/wp\/v2\/posts"}],"about":[{"href":"https:\/\/aconteceunovale.com.br\/portal\/index.php?rest_route=\/wp\/v2\/types\/post"}],"author":[{"embeddable":true,"href":"https:\/\/aconteceunovale.com.br\/portal\/index.php?rest_route=\/wp\/v2\/users\/1"}],"replies":[{"embeddable":true,"href":"https:\/\/aconteceunovale.com.br\/portal\/index.php?rest_route=%2Fwp%2Fv2%2Fcomments&post=61943"}],"version-history":[{"count":0,"href":"https:\/\/aconteceunovale.com.br\/portal\/index.php?rest_route=\/wp\/v2\/posts\/61943\/revisions"}],"wp:featuredmedia":[{"embeddable":true,"href":"https:\/\/aconteceunovale.com.br\/portal\/index.php?rest_route=\/wp\/v2\/media\/61944"}],"wp:attachment":[{"href":"https:\/\/aconteceunovale.com.br\/portal\/index.php?rest_route=%2Fwp%2Fv2%2Fmedia&parent=61943"}],"wp:term":[{"taxonomy":"category","embeddable":true,"href":"https:\/\/aconteceunovale.com.br\/portal\/index.php?rest_route=%2Fwp%2Fv2%2Fcategories&post=61943"},{"taxonomy":"post_tag","embeddable":true,"href":"https:\/\/aconteceunovale.com.br\/portal\/index.php?rest_route=%2Fwp%2Fv2%2Ftags&post=61943"}],"curies":[{"name":"wp","href":"https:\/\/api.w.org\/{rel}","templated":true}]}}