{"id":61937,"date":"2015-06-23T13:23:25","date_gmt":"2015-06-23T16:23:25","guid":{"rendered":"http:\/\/aconteceunovale.com.br\/portal\/?p=61937"},"modified":"2015-06-23T13:23:25","modified_gmt":"2015-06-23T16:23:25","slug":"doacao-do-hm-e-plano-de-educacao-sao-aprovados-na-camara-de-governador-valadares","status":"publish","type":"post","link":"https:\/\/aconteceunovale.com.br\/portal\/?p=61937","title":{"rendered":"Doa\u00e7\u00e3o do HM e Plano de Educa\u00e7\u00e3o s\u00e3o aprovados na C\u00e2mara de Governador Valadares"},"content":{"rendered":"<h4><strong><em>Federaliza\u00e7\u00e3o do Hospital Municipal foi aprovada por unanimidade. Plano Municipal de Educa\u00e7\u00e3o foi aprovado, mas sofreu altera\u00e7\u00f5es. <\/em><\/strong><\/h4>\n<p>Depois de cinco horas de reuni\u00e3o foram votados na C\u00e2mara Municipal de Governador Valadares, no Vale do Rio Doce, dois projetos pol\u00eamicos. O Plano Municipal de Educa\u00e7\u00e3o para os pr\u00f3ximos 10 anos e a federaliza\u00e7\u00e3o do Hospital Municipal foram aprovados na noite dessa segunda-feira (22). Agora falta agora a parecer do Executivo, o que segundo a prefeitura, deve acontecer nesta quarta-feira (24).<\/p>\n<p>O Plano Municipal da Educa\u00e7\u00e3o, que define as pol\u00edticas educacionais que ser\u00e3o adotadas para o dec\u00eanio 2015-2025 estava em discuss\u00e3o na cidade desde maio. Segundo informa\u00e7\u00f5es da secretaria de Educa\u00e7\u00e3o, a constru\u00e7\u00e3o do Plano \u00e9 uma obriga\u00e7\u00e3o de todos os munic\u00edpios, determinada por lei federal. O texto elaborado tamb\u00e9m deve estar de acordo com o programa nacional, aprovado em 2014.<\/p>\n<p>Durante a vota\u00e7\u00e3o na C\u00e2mara, alguns vereadores se posicionaram contra o plano apresentado, e ap\u00f3s um acordo com a bancada governista o projeto foi aprovado. \u201cFizemos pequenas modifica\u00e7\u00f5es no plano, mas que n\u00e3o v\u00e3o alterar o projeto. Retiramos, por exemplo, a palavra diversidade, que estava incomodando alguns parlamentares. No entanto, o plano foi aprovado e Valadares caminha para se tornar uma cidade mais abrangente e progressista\u201d, disse o vereador Gl\u00eadston Guet\u00e3o.<\/p>\n<p>Al\u00e9m do Plano Municipal de Educa\u00e7\u00e3o, o projeto que autoriza o Executivo a doar o Hospital Municipal tamb\u00e9m foi votado e aprovado por unanimidade, mas a reuni\u00e3o foi interrompida por algumas vezes. Alguns vereadores discutiram emendas que visavam mudan\u00e7as em alguns itens do projeto.<\/p>\n<p>\u201cAs emendas inseridas s\u00e3o para garantir que todo o custeio do hospital seja do Governo Federal, a outra \u00e9 para manter o funcionamento do pronto-socorro tanto em car\u00e1ter de urg\u00eancia quanto de emerg\u00eancia, e ainda para a realoca\u00e7\u00e3o dos servidores para a Unidade Pronto Antedimento (UPA), para o Hospital Regional e para as Unidades B\u00e1sicas de Sa\u00fade (UBS) mais pr\u00f3ximas das suas respectivas casa\u201d, disse Guet\u00e3o.<\/p>\n<p><img decoding=\"async\" src=\"http:\/\/aconteceunovale.com.br\/portal\/wp-content\/uploads\/2015\/06\/hospital_gv.jpg\" alt=\"\" \/><em>Federaliza\u00e7\u00e3o do HM foi aprovada por unanimidade &#8211; Foto: Divulga\u00e7\u00e3o<\/em><br \/>\n<\/br><\/p>\n<p><em>(Fonte: Inter TV dos Vales \/ G1)<\/em><\/p>\n","protected":false},"excerpt":{"rendered":"<p>Federaliza\u00e7\u00e3o do Hospital Municipal foi aprovada por unanimidade. Plano Municipal de Educa\u00e7\u00e3o foi aprovado, mas sofreu altera\u00e7\u00f5es. Depois de cinco horas de reuni\u00e3o foram votados na C\u00e2mara Municipal de Governador Valadares, no Vale do Rio Doce, dois projetos pol\u00eamicos. O Plano Municipal de Educa\u00e7\u00e3o para os pr\u00f3ximos 10 anos e a federaliza\u00e7\u00e3o do Hospital Municipal [&hellip;]<\/p>\n","protected":false},"author":1,"featured_media":61938,"comment_status":"open","ping_status":"closed","sticky":false,"template":"","format":"standard","meta":{"amp_status":"","footnotes":""},"categories":[121],"tags":[49371,49376,49375,49372,49370,49373,247,37563,49374],"class_list":["post-61937","post","type-post","status-publish","format-standard","has-post-thumbnail","hentry","category-leste","tag-camara-de-governador-valadares","tag-doacao-do-hm-e-plano-de-educacao-sao-aprovados-na-camara-de-governador-valadares","tag-doacao-do-hospital-municipal-de-governador-valadares-a-ufjf","tag-federalizacao-do-hm","tag-federalizacao-do-hm-e-plano-de-educacao-sao-aprovados-na-camara-de-governador-valadares","tag-federalizacao-do-hospital-municipal-de-governador-valadares","tag-governador-valadares","tag-plano-de-educacao","tag-plano-de-educacao-de-governador-valadares"],"_links":{"self":[{"href":"https:\/\/aconteceunovale.com.br\/portal\/index.php?rest_route=\/wp\/v2\/posts\/61937","targetHints":{"allow":["GET"]}}],"collection":[{"href":"https:\/\/aconteceunovale.com.br\/portal\/index.php?rest_route=\/wp\/v2\/posts"}],"about":[{"href":"https:\/\/aconteceunovale.com.br\/portal\/index.php?rest_route=\/wp\/v2\/types\/post"}],"author":[{"embeddable":true,"href":"https:\/\/aconteceunovale.com.br\/portal\/index.php?rest_route=\/wp\/v2\/users\/1"}],"replies":[{"embeddable":true,"href":"https:\/\/aconteceunovale.com.br\/portal\/index.php?rest_route=%2Fwp%2Fv2%2Fcomments&post=61937"}],"version-history":[{"count":0,"href":"https:\/\/aconteceunovale.com.br\/portal\/index.php?rest_route=\/wp\/v2\/posts\/61937\/revisions"}],"wp:featuredmedia":[{"embeddable":true,"href":"https:\/\/aconteceunovale.com.br\/portal\/index.php?rest_route=\/wp\/v2\/media\/61938"}],"wp:attachment":[{"href":"https:\/\/aconteceunovale.com.br\/portal\/index.php?rest_route=%2Fwp%2Fv2%2Fmedia&parent=61937"}],"wp:term":[{"taxonomy":"category","embeddable":true,"href":"https:\/\/aconteceunovale.com.br\/portal\/index.php?rest_route=%2Fwp%2Fv2%2Fcategories&post=61937"},{"taxonomy":"post_tag","embeddable":true,"href":"https:\/\/aconteceunovale.com.br\/portal\/index.php?rest_route=%2Fwp%2Fv2%2Ftags&post=61937"}],"curies":[{"name":"wp","href":"https:\/\/api.w.org\/{rel}","templated":true}]}}