{"id":61928,"date":"2015-06-23T12:52:43","date_gmt":"2015-06-23T15:52:43","guid":{"rendered":"http:\/\/aconteceunovale.com.br\/portal\/?p=61928"},"modified":"2015-06-23T12:52:43","modified_gmt":"2015-06-23T15:52:43","slug":"sede-do-pelotao-de-bombeiros-de-caratinga-sera-inaugurada-nesta-terca-feira","status":"publish","type":"post","link":"https:\/\/aconteceunovale.com.br\/portal\/?p=61928","title":{"rendered":"Sede do Pelot\u00e3o de Bombeiros de Caratinga ser\u00e1 inaugurada nesta ter\u00e7a-feira"},"content":{"rendered":"<h4><strong><em>Fra\u00e7\u00e3o ser\u00e1 respons\u00e1vel por atender 21 munic\u00edpios. Inaugura\u00e7\u00e3o ser\u00e1 nesta ter\u00e7a-feira (23), \u00e0s 17h, no Bairro Esplanada.<\/em><\/strong><\/h4>\n<p>Caratinga, no Vale do Rio Doce, passa a ter a partir desta ter\u00e7a-feira (23\/06), uma sede do Corpo de Bombeiros Militar. \u00c0s v\u00e9speras do anivers\u00e1rio da cidade, a sede do 6\u00ba Pelot\u00e3o ser\u00e1 inaugurada a partir das 17 horas, na Avenida Presidente Tancredo Neves, no Bairro Esplanada, \u00e0s margens da BR-116.<\/p>\n<p>O 6\u00ba Pelot\u00e3o ser\u00e1 respons\u00e1vel tamb\u00e9m por atender a outros 20 munic\u00edpios: Bom Jesus do Galho, Concei\u00e7\u00e3o de Ipanema, C\u00f3rrego Novo, Dom Cavati, Entre Folhas, Imb\u00e9 de Minas, Inhapim, Ipanema, Piedade de Caratinga, Pingo d&#8217;\u00e1gua, Pocrane, Raul Soares, Santa B\u00e1rbara do Leste, Santa Rita de Minas, S\u00e3o Domingos das Dores, S\u00e3o Sebasti\u00e3o do Anta, Taparuba, Ubaporanga, Vargem Alegre e Vermelho Novo.<\/p>\n<p>A sede conta com \u00e1rea total de 1.440 m\u00b2 e \u00e1rea constru\u00edda de 1.265 m\u00b2. A unidade contar\u00e1 com viaturas de combate a inc\u00eandio, salvamento e unidade de resgate, al\u00e9m de uma viatura para atuar na preven\u00e7\u00e3o de acidentes.<\/p>\n<p>\u201cInicialmente o Pelot\u00e3o vai contar com 30 bombeiros em seu efetivo. Em sua frota, o Pelot\u00e3o ter\u00e1 uma unidade de resgate, uma auto bomba com capacidade para 5.000 litros de \u00e1gua, uma auto bomba salvamento com capacidade de 2.000 litros de \u00e1gua e transporte de material de salvamento, al\u00e9m de um ve\u00edculo para vistorias em geral\u201d, destaca o tenente Josimar Melo Goulart, comandante do Pelot\u00e3o.<\/p>\n<p><img decoding=\"async\" src=\"http:\/\/aconteceunovale.com.br\/portal\/wp-content\/uploads\/2015\/06\/bombeiros_caratinga.jpg\" alt=\"\" \/><em>6\u00ba Pelot\u00e3o dos Bombeiros em Caratinga ser\u00e1 inaugurado nesta ter\u00e7a (Foto: Divulga\u00e7\u00e3o\/Bombeiros)<\/em><br \/>\n<\/br><\/p>\n<p><em>(Fonte: Inter TV dos Vales \/ G1)<\/em><\/p>\n","protected":false},"excerpt":{"rendered":"<p>Fra\u00e7\u00e3o ser\u00e1 respons\u00e1vel por atender 21 munic\u00edpios. Inaugura\u00e7\u00e3o ser\u00e1 nesta ter\u00e7a-feira (23), \u00e0s 17h, no Bairro Esplanada. Caratinga, no Vale do Rio Doce, passa a ter a partir desta ter\u00e7a-feira (23\/06), uma sede do Corpo de Bombeiros Militar. \u00c0s v\u00e9speras do anivers\u00e1rio da cidade, a sede do 6\u00ba Pelot\u00e3o ser\u00e1 inaugurada a partir das 17 [&hellip;]<\/p>\n","protected":false},"author":1,"featured_media":61929,"comment_status":"open","ping_status":"closed","sticky":false,"template":"","format":"standard","meta":{"amp_status":"","footnotes":""},"categories":[121],"tags":[49362,49363,1101,2877,4678,1328,1731,295,296,1732,308,1733,2147,13983,311,313,316,323,49361,4314,331,1106,1735],"class_list":["post-61928","post","type-post","status-publish","format-standard","has-post-thumbnail","hentry","category-leste","tag-6o-pelotao-de-bombeiros-de-caratinga","tag-6o-pelotao-dos-bombeiros-em-caratinga","tag-bom-jesus-do-galho","tag-conceicao-de-ipanema","tag-corrego-novo","tag-dom-cavati","tag-entre-folhas","tag-imbe-de-minas","tag-inhapim","tag-ipanema","tag-piedade-de-caratinga","tag-pingo-dagua","tag-pocrane","tag-raul-soares","tag-santa-barbara-do-leste","tag-santa-rita-de-minas","tag-sao-domingos-das-dores","tag-sao-sebastiao-do-anta","tag-sede-do-pelotao-de-bombeiros-de-caratinga-sera-inaugurada-nesta-terca-feira","tag-taparuba","tag-ubaporanga","tag-vargem-alegre","tag-vermelho-novo"],"_links":{"self":[{"href":"https:\/\/aconteceunovale.com.br\/portal\/index.php?rest_route=\/wp\/v2\/posts\/61928","targetHints":{"allow":["GET"]}}],"collection":[{"href":"https:\/\/aconteceunovale.com.br\/portal\/index.php?rest_route=\/wp\/v2\/posts"}],"about":[{"href":"https:\/\/aconteceunovale.com.br\/portal\/index.php?rest_route=\/wp\/v2\/types\/post"}],"author":[{"embeddable":true,"href":"https:\/\/aconteceunovale.com.br\/portal\/index.php?rest_route=\/wp\/v2\/users\/1"}],"replies":[{"embeddable":true,"href":"https:\/\/aconteceunovale.com.br\/portal\/index.php?rest_route=%2Fwp%2Fv2%2Fcomments&post=61928"}],"version-history":[{"count":0,"href":"https:\/\/aconteceunovale.com.br\/portal\/index.php?rest_route=\/wp\/v2\/posts\/61928\/revisions"}],"wp:featuredmedia":[{"embeddable":true,"href":"https:\/\/aconteceunovale.com.br\/portal\/index.php?rest_route=\/wp\/v2\/media\/61929"}],"wp:attachment":[{"href":"https:\/\/aconteceunovale.com.br\/portal\/index.php?rest_route=%2Fwp%2Fv2%2Fmedia&parent=61928"}],"wp:term":[{"taxonomy":"category","embeddable":true,"href":"https:\/\/aconteceunovale.com.br\/portal\/index.php?rest_route=%2Fwp%2Fv2%2Fcategories&post=61928"},{"taxonomy":"post_tag","embeddable":true,"href":"https:\/\/aconteceunovale.com.br\/portal\/index.php?rest_route=%2Fwp%2Fv2%2Ftags&post=61928"}],"curies":[{"name":"wp","href":"https:\/\/api.w.org\/{rel}","templated":true}]}}