{"id":61895,"date":"2015-06-23T09:27:04","date_gmt":"2015-06-23T12:27:04","guid":{"rendered":"http:\/\/aconteceunovale.com.br\/portal\/?p=61895"},"modified":"2026-09-02T11:47:24","modified_gmt":"2026-09-02T14:47:24","slug":"dezoito-ruas-de-capelinha-ficarao-sem-energia-nesta-quinta-feira-25","status":"publish","type":"post","link":"https:\/\/aconteceunovale.com.br\/portal\/?p=61895","title":{"rendered":"Dezoito ruas de Capelinha ficar\u00e3o sem energia nesta quinta-feira (25)"},"content":{"rendered":"<p>A Companhia Energ\u00e9tica de Minas Gerais \u2013 Cemig informa que, na pr\u00f3xima quinta-feira (25\/06), realizar\u00e1 obra de extens\u00e3o de rede urbana, contratada pela Prefeitura Municipal de Capelinha, para implanta\u00e7\u00e3o da ilumina\u00e7\u00e3o p\u00fablica no anel rodovi\u00e1rio entre o aeroporto municipal e trevo de sa\u00edda para Turmalina, trazendo mais conforto e seguran\u00e7a aos que trafegam nesse trecho.<\/p>\n<p>Para executar esse trabalho com seguran\u00e7a, ser\u00e1 necess\u00e1rio interromper o fornecimento de energia de 9h \u00e0s 14h, nos seguintes endere\u00e7os:<\/p>\n<p>&#8211; Rua Aeroporto, n\u00famero 405<br \/>\n&#8211; Rua S\u00e3o Benedito, entre n\u00fameros 9 e 303<br \/>\n&#8211; Rua Abel Martins de Araujo, n\u00famero 30<br \/>\n&#8211; Rua S\u00e3o Paulo, entre n\u00fameros 426 e 761<br \/>\n&#8211; Rua Almerinda, entre n\u00fameros 2 e 347<br \/>\n&#8211; Rua Alvorada, entre n\u00fameros 12 e 130, Piedade<br \/>\n&#8211; Rua S\u00e3o Paulo, entre n\u00fameros 321 e 770<br \/>\n&#8211; Rua Juca Chaves, entre n\u00fameros 59 e 92<br \/>\n&#8211; Rua Esp\u00edrito Santo, entre n\u00fameros 19 e 559<br \/>\n&#8211; Rua Geralda Novata, entre n\u00fameros 1056 e 1070<br \/>\n&#8211; Rua Governador Valadares, entre n\u00fameros 2066 e 2200, Centro<\/p>\n<p>No mesmo dia, vai ser preciso desligar de 10h \u00e0s 15h30min, os seguintes endere\u00e7os:<\/p>\n<p>&#8211; Rua Santo Ant\u00f4nio, n\u00famero 30<br \/>\n&#8211; Rua S\u00e3o Sebasti\u00e3o, entre n\u00fameros 15 e 70<br \/>\n&#8211; Rua S\u00e3o Geraldo, entre n\u00fameros 35 e 410, Subesta\u00e7\u00e3o<br \/>\n&#8211; Rua Santa Tereza, entre n\u00fameros 4 e 165<br \/>\n&#8211; Rua Juvenata, entre n\u00fameros 89 e 118, Piedade<br \/>\n&#8211; Rua S\u00e3o Jos\u00e9, n\u00famero 80<br \/>\n&#8211; Rua S\u00e3o Jo\u00e3o, entre n\u00fameros 5 e 15, Centro<\/p>\n<p>Durante esse per\u00edodo, caso precise executar algum servi\u00e7o na instala\u00e7\u00e3o el\u00e9trica interna, o consumidor dever\u00e1 desligar antes a chave geral (disjuntor) para sua seguran\u00e7a.<\/p>\n<p>A Cemig esclarece que em fun\u00e7\u00e3o da complexidade dos servi\u00e7os a serem executados poder\u00e1 ocorrer atraso no hor\u00e1rio previsto ou cancelamento deste desligamento sem aviso pr\u00e9vio. Por medida de seguran\u00e7a todos os equipamentos devem ser considerados energizados durante o per\u00edodo mencionado. Caso os servi\u00e7os de melhoria sejam conclu\u00eddos antes do hor\u00e1rio indicado o fornecimento de energia el\u00e9trica ser\u00e1 restabelecido.<\/p>\n","protected":false},"excerpt":{"rendered":"<p>A Companhia Energ\u00e9tica de Minas Gerais \u2013 Cemig informa que, na pr\u00f3xima quinta-feira (25\/06), realizar\u00e1 obra de extens\u00e3o de rede urbana, contratada pela Prefeitura Municipal de Capelinha, para implanta\u00e7\u00e3o da ilumina\u00e7\u00e3o p\u00fablica no anel rodovi\u00e1rio entre o aeroporto municipal e trevo de sa\u00edda para Turmalina, trazendo mais conforto e seguran\u00e7a aos que trafegam nesse trecho. [&hellip;]<\/p>\n","protected":false},"author":1,"featured_media":52577,"comment_status":"open","ping_status":"closed","sticky":false,"template":"","format":"standard","meta":{"amp_status":"","footnotes":""},"categories":[272535,120],"tags":[132,347,7706,49299,42401,49296,49298,27740,49297],"class_list":["post-61895","post","type-post","status-publish","format-standard","has-post-thumbnail","hentry","category-capelinha","category-jequi","tag-capelinha","tag-cemig","tag-cemig-realiza-obras-na-rede-eletrica-de-capelinha","tag-dezoito-ruas-de-capelinha-ficarao-sem-energia-nesta-quinta-feira","tag-falta-de-energia-eletrica-em-capelinha","tag-falta-de-luz-em-capelinha","tag-interrupcao-do-fornecimento-de-energia-eletrica-em-capelinha","tag-obras-na-rede-eletrica-de-capelinha","tag-queda-da-energia-eletrica-em-capelinha"],"yoast_head":"<!-- This site is optimized with the Yoast SEO plugin v28.3 - https:\/\/yoast.com\/product\/yoast-seo-wordpress\/ -->\n<title>Dezoito ruas de Capelinha ficar\u00e3o sem energia nesta quinta-feira (25) - Aconteceu no Vale<\/title>\n<meta name=\"robots\" content=\"index, follow, max-snippet:-1, max-image-preview:large, max-video-preview:-1\" \/>\n<link rel=\"canonical\" href=\"https:\/\/aconteceunovale.com.br\/portal\/?p=61895\" \/>\n<meta property=\"og:locale\" content=\"pt_BR\" \/>\n<meta property=\"og:type\" content=\"article\" \/>\n<meta property=\"og:title\" content=\"Dezoito ruas de Capelinha ficar\u00e3o sem energia nesta quinta-feira (25) - Aconteceu no Vale\" \/>\n<meta property=\"og:description\" content=\"A Companhia Energ\u00e9tica de Minas Gerais \u2013 Cemig informa que, na pr\u00f3xima quinta-feira (25\/06), realizar\u00e1 obra de extens\u00e3o de rede urbana, contratada pela Prefeitura Municipal de Capelinha, para implanta\u00e7\u00e3o da ilumina\u00e7\u00e3o p\u00fablica no anel rodovi\u00e1rio entre o aeroporto municipal e trevo de sa\u00edda para Turmalina, trazendo mais conforto e seguran\u00e7a aos que trafegam nesse trecho. [&hellip;]\" \/>\n<meta property=\"og:url\" content=\"https:\/\/aconteceunovale.com.br\/portal\/?p=61895\" \/>\n<meta property=\"og:site_name\" content=\"Aconteceu no Vale\" \/>\n<meta property=\"article:publisher\" content=\"https:\/\/www.facebook.com\/aconteceunovale\/\" \/>\n<meta property=\"article:published_time\" content=\"2015-06-23T12:27:04+00:00\" \/>\n<meta property=\"article:modified_time\" content=\"2026-09-02T14:47:24+00:00\" \/>\n<meta property=\"og:image\" content=\"https:\/\/aconteceunovale.com.br\/portal\/wp-content\/uploads\/2015\/02\/capelinha_102_1.jpg\" \/>\n\t<meta property=\"og:image:width\" content=\"678\" \/>\n\t<meta property=\"og:image:height\" content=\"396\" \/>\n\t<meta property=\"og:image:type\" content=\"image\/jpeg\" \/>\n<meta name=\"author\" content=\"Aconteceu no Vale\" \/>\n<meta name=\"twitter:card\" content=\"summary_large_image\" \/>\n<meta name=\"twitter:creator\" content=\"@noticiadosvales\" \/>\n<meta name=\"twitter:site\" content=\"@noticiadosvales\" \/>\n<meta name=\"twitter:label1\" content=\"Escrito por\" \/>\n\t<meta name=\"twitter:data1\" content=\"Aconteceu no Vale\" \/>\n\t<meta name=\"twitter:label2\" content=\"Est. tempo de leitura\" \/>\n\t<meta name=\"twitter:data2\" content=\"2 minutos\" \/>\n<script type=\"application\/ld+json\" class=\"yoast-schema-graph\">{\"@context\":\"https:\\\/\\\/schema.org\",\"@graph\":[{\"@type\":\"Article\",\"@id\":\"https:\\\/\\\/aconteceunovale.com.br\\\/portal\\\/?p=61895#article\",\"isPartOf\":{\"@id\":\"https:\\\/\\\/aconteceunovale.com.br\\\/portal\\\/?p=61895\"},\"author\":{\"name\":\"Aconteceu no Vale\",\"@id\":\"https:\\\/\\\/aconteceunovale.com.br\\\/portal\\\/#\\\/schema\\\/person\\\/633529146f2c94272bef50ac2953d589\"},\"headline\":\"Dezoito ruas de Capelinha ficar\u00e3o sem energia nesta quinta-feira (25)\",\"datePublished\":\"2015-06-23T12:27:04+00:00\",\"dateModified\":\"2026-09-02T14:47:24+00:00\",\"mainEntityOfPage\":{\"@id\":\"https:\\\/\\\/aconteceunovale.com.br\\\/portal\\\/?p=61895\"},\"wordCount\":360,\"commentCount\":0,\"image\":{\"@id\":\"https:\\\/\\\/aconteceunovale.com.br\\\/portal\\\/?p=61895#primaryimage\"},\"thumbnailUrl\":\"https:\\\/\\\/aconteceunovale.com.br\\\/portal\\\/wp-content\\\/uploads\\\/2015\\\/02\\\/capelinha_102_1.jpg\",\"keywords\":[\"Capelinha\",\"cemig\",\"Cemig realiza obras na rede el\u00e9trica de Capelinha\",\"Dezoito ruas de Capelinha ficar\u00e3o sem energia nesta quinta-feira\",\"falta de energia el\u00e9trica em Capelinha\",\"falta de luz em capelinha\",\"interrup\u00e7\u00e3o do fornecimento de energia el\u00e9trica em capelinha\",\"obras na rede el\u00e9trica de capelinha\",\"queda da energia el\u00e9trica em capelinha\"],\"articleSection\":[\"Capelinha\",\"Vale do Jequitinhonha\"],\"inLanguage\":\"pt-BR\",\"potentialAction\":[{\"@type\":\"CommentAction\",\"name\":\"Comment\",\"target\":[\"https:\\\/\\\/aconteceunovale.com.br\\\/portal\\\/?p=61895#respond\"]}]},{\"@type\":\"WebPage\",\"@id\":\"https:\\\/\\\/aconteceunovale.com.br\\\/portal\\\/?p=61895\",\"url\":\"https:\\\/\\\/aconteceunovale.com.br\\\/portal\\\/?p=61895\",\"name\":\"Dezoito ruas de Capelinha ficar\u00e3o sem energia nesta quinta-feira (25) - Aconteceu no Vale\",\"isPartOf\":{\"@id\":\"https:\\\/\\\/aconteceunovale.com.br\\\/portal\\\/#website\"},\"primaryImageOfPage\":{\"@id\":\"https:\\\/\\\/aconteceunovale.com.br\\\/portal\\\/?p=61895#primaryimage\"},\"image\":{\"@id\":\"https:\\\/\\\/aconteceunovale.com.br\\\/portal\\\/?p=61895#primaryimage\"},\"thumbnailUrl\":\"https:\\\/\\\/aconteceunovale.com.br\\\/portal\\\/wp-content\\\/uploads\\\/2015\\\/02\\\/capelinha_102_1.jpg\",\"datePublished\":\"2015-06-23T12:27:04+00:00\",\"dateModified\":\"2026-09-02T14:47:24+00:00\",\"author\":{\"@id\":\"https:\\\/\\\/aconteceunovale.com.br\\\/portal\\\/#\\\/schema\\\/person\\\/633529146f2c94272bef50ac2953d589\"},\"breadcrumb\":{\"@id\":\"https:\\\/\\\/aconteceunovale.com.br\\\/portal\\\/?p=61895#breadcrumb\"},\"inLanguage\":\"pt-BR\",\"potentialAction\":[{\"@type\":\"ReadAction\",\"target\":[\"https:\\\/\\\/aconteceunovale.com.br\\\/portal\\\/?p=61895\"]}]},{\"@type\":\"ImageObject\",\"inLanguage\":\"pt-BR\",\"@id\":\"https:\\\/\\\/aconteceunovale.com.br\\\/portal\\\/?p=61895#primaryimage\",\"url\":\"https:\\\/\\\/aconteceunovale.com.br\\\/portal\\\/wp-content\\\/uploads\\\/2015\\\/02\\\/capelinha_102_1.jpg\",\"contentUrl\":\"https:\\\/\\\/aconteceunovale.com.br\\\/portal\\\/wp-content\\\/uploads\\\/2015\\\/02\\\/capelinha_102_1.jpg\",\"width\":678,\"height\":396},{\"@type\":\"BreadcrumbList\",\"@id\":\"https:\\\/\\\/aconteceunovale.com.br\\\/portal\\\/?p=61895#breadcrumb\",\"itemListElement\":[{\"@type\":\"ListItem\",\"position\":1,\"name\":\"In\u00edcio\",\"item\":\"https:\\\/\\\/aconteceunovale.com.br\\\/portal\\\/\"},{\"@type\":\"ListItem\",\"position\":2,\"name\":\"Dezoito ruas de Capelinha ficar\u00e3o sem energia nesta quinta-feira (25)\"}]},{\"@type\":\"WebSite\",\"@id\":\"https:\\\/\\\/aconteceunovale.com.br\\\/portal\\\/#website\",\"url\":\"https:\\\/\\\/aconteceunovale.com.br\\\/portal\\\/\",\"name\":\"Aconteceu no Vale\",\"description\":\"Portal de Not\u00edcias\",\"potentialAction\":[{\"@type\":\"SearchAction\",\"target\":{\"@type\":\"EntryPoint\",\"urlTemplate\":\"https:\\\/\\\/aconteceunovale.com.br\\\/portal\\\/?s={search_term_string}\"},\"query-input\":{\"@type\":\"PropertyValueSpecification\",\"valueRequired\":true,\"valueName\":\"search_term_string\"}}],\"inLanguage\":\"pt-BR\"},{\"@type\":\"Person\",\"@id\":\"https:\\\/\\\/aconteceunovale.com.br\\\/portal\\\/#\\\/schema\\\/person\\\/633529146f2c94272bef50ac2953d589\",\"name\":\"Aconteceu no Vale\",\"description\":\"Equipe de reportagem do Aconteceu no Vale, portal de not\u00edcias do Vale do Jequitinhonha, em Minas Gerais. Cobrimos as 51 cidades do Vale desde 2013. Sugest\u00f5es de pauta e pedidos de corre\u00e7\u00e3o: contato@aconteceunovale.com.br\",\"sameAs\":[\"http:\\\/\\\/www.aconteceunovale.com.br\"],\"url\":\"https:\\\/\\\/aconteceunovale.com.br\\\/portal\\\/?author=1\"}]}<\/script>\n<!-- \/ Yoast SEO plugin. -->","yoast_head_json":{"title":"Dezoito ruas de Capelinha ficar\u00e3o sem energia nesta quinta-feira (25) - Aconteceu no Vale","robots":{"index":"index","follow":"follow","max-snippet":"max-snippet:-1","max-image-preview":"max-image-preview:large","max-video-preview":"max-video-preview:-1"},"canonical":"https:\/\/aconteceunovale.com.br\/portal\/?p=61895","og_locale":"pt_BR","og_type":"article","og_title":"Dezoito ruas de Capelinha ficar\u00e3o sem energia nesta quinta-feira (25) - Aconteceu no Vale","og_description":"A Companhia Energ\u00e9tica de Minas Gerais \u2013 Cemig informa que, na pr\u00f3xima quinta-feira (25\/06), realizar\u00e1 obra de extens\u00e3o de rede urbana, contratada pela Prefeitura Municipal de Capelinha, para implanta\u00e7\u00e3o da ilumina\u00e7\u00e3o p\u00fablica no anel rodovi\u00e1rio entre o aeroporto municipal e trevo de sa\u00edda para Turmalina, trazendo mais conforto e seguran\u00e7a aos que trafegam nesse trecho. [&hellip;]","og_url":"https:\/\/aconteceunovale.com.br\/portal\/?p=61895","og_site_name":"Aconteceu no Vale","article_publisher":"https:\/\/www.facebook.com\/aconteceunovale\/","article_published_time":"2015-06-23T12:27:04+00:00","article_modified_time":"2026-09-02T14:47:24+00:00","og_image":[{"width":678,"height":396,"url":"https:\/\/aconteceunovale.com.br\/portal\/wp-content\/uploads\/2015\/02\/capelinha_102_1.jpg","type":"image\/jpeg"}],"author":"Aconteceu no Vale","twitter_card":"summary_large_image","twitter_creator":"@noticiadosvales","twitter_site":"@noticiadosvales","twitter_misc":{"Escrito por":"Aconteceu no Vale","Est. tempo de leitura":"2 minutos"},"schema":{"@context":"https:\/\/schema.org","@graph":[{"@type":"Article","@id":"https:\/\/aconteceunovale.com.br\/portal\/?p=61895#article","isPartOf":{"@id":"https:\/\/aconteceunovale.com.br\/portal\/?p=61895"},"author":{"name":"Aconteceu no Vale","@id":"https:\/\/aconteceunovale.com.br\/portal\/#\/schema\/person\/633529146f2c94272bef50ac2953d589"},"headline":"Dezoito ruas de Capelinha ficar\u00e3o sem energia nesta quinta-feira (25)","datePublished":"2015-06-23T12:27:04+00:00","dateModified":"2026-09-02T14:47:24+00:00","mainEntityOfPage":{"@id":"https:\/\/aconteceunovale.com.br\/portal\/?p=61895"},"wordCount":360,"commentCount":0,"image":{"@id":"https:\/\/aconteceunovale.com.br\/portal\/?p=61895#primaryimage"},"thumbnailUrl":"https:\/\/aconteceunovale.com.br\/portal\/wp-content\/uploads\/2015\/02\/capelinha_102_1.jpg","keywords":["Capelinha","cemig","Cemig realiza obras na rede el\u00e9trica de Capelinha","Dezoito ruas de Capelinha ficar\u00e3o sem energia nesta quinta-feira","falta de energia el\u00e9trica em Capelinha","falta de luz em capelinha","interrup\u00e7\u00e3o do fornecimento de energia el\u00e9trica em capelinha","obras na rede el\u00e9trica de capelinha","queda da energia el\u00e9trica em capelinha"],"articleSection":["Capelinha","Vale do Jequitinhonha"],"inLanguage":"pt-BR","potentialAction":[{"@type":"CommentAction","name":"Comment","target":["https:\/\/aconteceunovale.com.br\/portal\/?p=61895#respond"]}]},{"@type":"WebPage","@id":"https:\/\/aconteceunovale.com.br\/portal\/?p=61895","url":"https:\/\/aconteceunovale.com.br\/portal\/?p=61895","name":"Dezoito ruas de Capelinha ficar\u00e3o sem energia nesta quinta-feira (25) - Aconteceu no Vale","isPartOf":{"@id":"https:\/\/aconteceunovale.com.br\/portal\/#website"},"primaryImageOfPage":{"@id":"https:\/\/aconteceunovale.com.br\/portal\/?p=61895#primaryimage"},"image":{"@id":"https:\/\/aconteceunovale.com.br\/portal\/?p=61895#primaryimage"},"thumbnailUrl":"https:\/\/aconteceunovale.com.br\/portal\/wp-content\/uploads\/2015\/02\/capelinha_102_1.jpg","datePublished":"2015-06-23T12:27:04+00:00","dateModified":"2026-09-02T14:47:24+00:00","author":{"@id":"https:\/\/aconteceunovale.com.br\/portal\/#\/schema\/person\/633529146f2c94272bef50ac2953d589"},"breadcrumb":{"@id":"https:\/\/aconteceunovale.com.br\/portal\/?p=61895#breadcrumb"},"inLanguage":"pt-BR","potentialAction":[{"@type":"ReadAction","target":["https:\/\/aconteceunovale.com.br\/portal\/?p=61895"]}]},{"@type":"ImageObject","inLanguage":"pt-BR","@id":"https:\/\/aconteceunovale.com.br\/portal\/?p=61895#primaryimage","url":"https:\/\/aconteceunovale.com.br\/portal\/wp-content\/uploads\/2015\/02\/capelinha_102_1.jpg","contentUrl":"https:\/\/aconteceunovale.com.br\/portal\/wp-content\/uploads\/2015\/02\/capelinha_102_1.jpg","width":678,"height":396},{"@type":"BreadcrumbList","@id":"https:\/\/aconteceunovale.com.br\/portal\/?p=61895#breadcrumb","itemListElement":[{"@type":"ListItem","position":1,"name":"In\u00edcio","item":"https:\/\/aconteceunovale.com.br\/portal\/"},{"@type":"ListItem","position":2,"name":"Dezoito ruas de Capelinha ficar\u00e3o sem energia nesta quinta-feira (25)"}]},{"@type":"WebSite","@id":"https:\/\/aconteceunovale.com.br\/portal\/#website","url":"https:\/\/aconteceunovale.com.br\/portal\/","name":"Aconteceu no Vale","description":"Portal de Not\u00edcias","potentialAction":[{"@type":"SearchAction","target":{"@type":"EntryPoint","urlTemplate":"https:\/\/aconteceunovale.com.br\/portal\/?s={search_term_string}"},"query-input":{"@type":"PropertyValueSpecification","valueRequired":true,"valueName":"search_term_string"}}],"inLanguage":"pt-BR"},{"@type":"Person","@id":"https:\/\/aconteceunovale.com.br\/portal\/#\/schema\/person\/633529146f2c94272bef50ac2953d589","name":"Aconteceu no Vale","description":"Equipe de reportagem do Aconteceu no Vale, portal de not\u00edcias do Vale do Jequitinhonha, em Minas Gerais. Cobrimos as 51 cidades do Vale desde 2013. Sugest\u00f5es de pauta e pedidos de corre\u00e7\u00e3o: contato@aconteceunovale.com.br","sameAs":["http:\/\/www.aconteceunovale.com.br"],"url":"https:\/\/aconteceunovale.com.br\/portal\/?author=1"}]}},"_links":{"self":[{"href":"https:\/\/aconteceunovale.com.br\/portal\/index.php?rest_route=\/wp\/v2\/posts\/61895","targetHints":{"allow":["GET"]}}],"collection":[{"href":"https:\/\/aconteceunovale.com.br\/portal\/index.php?rest_route=\/wp\/v2\/posts"}],"about":[{"href":"https:\/\/aconteceunovale.com.br\/portal\/index.php?rest_route=\/wp\/v2\/types\/post"}],"author":[{"embeddable":true,"href":"https:\/\/aconteceunovale.com.br\/portal\/index.php?rest_route=\/wp\/v2\/users\/1"}],"replies":[{"embeddable":true,"href":"https:\/\/aconteceunovale.com.br\/portal\/index.php?rest_route=%2Fwp%2Fv2%2Fcomments&post=61895"}],"version-history":[{"count":1,"href":"https:\/\/aconteceunovale.com.br\/portal\/index.php?rest_route=\/wp\/v2\/posts\/61895\/revisions"}],"predecessor-version":[{"id":198594,"href":"https:\/\/aconteceunovale.com.br\/portal\/index.php?rest_route=\/wp\/v2\/posts\/61895\/revisions\/198594"}],"wp:featuredmedia":[{"embeddable":true,"href":"https:\/\/aconteceunovale.com.br\/portal\/index.php?rest_route=\/wp\/v2\/media\/52577"}],"wp:attachment":[{"href":"https:\/\/aconteceunovale.com.br\/portal\/index.php?rest_route=%2Fwp%2Fv2%2Fmedia&parent=61895"}],"wp:term":[{"taxonomy":"category","embeddable":true,"href":"https:\/\/aconteceunovale.com.br\/portal\/index.php?rest_route=%2Fwp%2Fv2%2Fcategories&post=61895"},{"taxonomy":"post_tag","embeddable":true,"href":"https:\/\/aconteceunovale.com.br\/portal\/index.php?rest_route=%2Fwp%2Fv2%2Ftags&post=61895"}],"curies":[{"name":"wp","href":"https:\/\/api.w.org\/{rel}","templated":true}]}}