{"id":61875,"date":"2015-06-22T19:30:52","date_gmt":"2015-06-22T22:30:52","guid":{"rendered":"http:\/\/aconteceunovale.com.br\/portal\/?p=61875"},"modified":"2015-06-22T19:30:52","modified_gmt":"2015-06-22T22:30:52","slug":"quatro-homens-sao-indiciados-por-furto-de-madeira-em-augusto-de-lima-e-buenopolis","status":"publish","type":"post","link":"https:\/\/aconteceunovale.com.br\/portal\/?p=61875","title":{"rendered":"Quatro homens s\u00e3o indiciados por furto de madeira em Augusto de Lima e Buen\u00f3polis"},"content":{"rendered":"<h4><strong><em>Madeira era furtada na regi\u00e3o da Serra do Cabral e vendida em Curvelo, diz PC. Um dos investigados permanece foragido da Justi\u00e7a.<\/em><\/strong><\/h4>\n<p>Quatro homens foram indiciados por crime ambiental, furto qualificado e associa\u00e7\u00e3o criminosa. Dois dos suspeitos tiveram a pris\u00e3o decretada, mas um est\u00e1 foragido.<\/p>\n<p>Segundo a Pol\u00edcia Civil, o grupo \u00e9 acusado de extrair ilegalmente madeira na regi\u00e3o da Serra do Cabral, nos munic\u00edpios de Augusto Lima e Buen\u00f3polis, regi\u00e3o Central de Minas. A opera\u00e7\u00e3o que resultou nas pris\u00f5es foi denominada &#8220;Serra Pelada&#8221;.<\/p>\n<p>Conforme o delegado Andr\u00e9 Pelli, a investiga\u00e7\u00e3o teve in\u00edcio em abril deste ano quando os policias abordaram Jos\u00e9 Geraldo dos Santos tentando extrair eucalipto da Fazenda Advera. O caminh\u00e3o do suspeito estava carregado com madeira.<\/p>\n<p>Ap\u00f3s o flagrante, a pol\u00edcia descobriu que n\u00e3o tratava-se de um fato isolado, mas de um complexo esquema de furtos, transporte irregular e recepta\u00e7\u00e3o de madeira, que contava com a participa\u00e7\u00e3o, inclusive, de uma conhecida madeireira de Curvelo.<\/p>\n<p>Pelos crimes, foram indiciados F\u00e1bio de Souza Fernandes, Marcus T\u00falio Batista de Oliveira, Jos\u00e9 Geraldo dos Santos e Valdivino Batista de Oliveira.<\/p>\n<p>Al\u00e9m do indiciamento, foram expedidos mandados de pris\u00e3o para F\u00e1bio e Marcus uma vez que, de acordo com Pelli, eles estariam constrangendo as testemunhas e v\u00edtima do caso a prestarem declara\u00e7\u00f5es mentirosas.<\/p>\n<p>Na casa de Marcus, os policiais encontraram duas armas de fogo e muni\u00e7\u00f5es. Por isso, ele tamb\u00e9m foi autuado por posse ilegal de armas. J\u00e1 F\u00e1bio n\u00e3o foi localizado e est\u00e1 foragido.<\/p>\n<p><img decoding=\"async\" src=\"http:\/\/aconteceunovale.com.br\/portal\/wp-content\/uploads\/2015\/06\/quadrilha_da_madeira.jpg\" alt=\"\" \/><em>Opera\u00e7\u00e3o teve in\u00edcio ap\u00f3s a apreens\u00e3o de caminh\u00e3o carregado de madeira &#8211; Foto: Divulga\u00e7\u00e3o \/ PC<\/em><br \/>\n<\/br><\/p>\n<p><em>(Fonte: Hoje em Dia)<\/em><\/p>\n","protected":false},"excerpt":{"rendered":"<p>Madeira era furtada na regi\u00e3o da Serra do Cabral e vendida em Curvelo, diz PC. Um dos investigados permanece foragido da Justi\u00e7a. Quatro homens foram indiciados por crime ambiental, furto qualificado e associa\u00e7\u00e3o criminosa. Dois dos suspeitos tiveram a pris\u00e3o decretada, mas um est\u00e1 foragido. Segundo a Pol\u00edcia Civil, o grupo \u00e9 acusado de extrair [&hellip;]<\/p>\n","protected":false},"author":1,"featured_media":61876,"comment_status":"open","ping_status":"closed","sticky":false,"template":"","format":"standard","meta":{"amp_status":"","footnotes":""},"categories":[123],"tags":[197,49273,49268,49269,49275,49272,49274,49271,49277,37013,49270,49276],"class_list":["post-61875","post","type-post","status-publish","format-standard","has-post-thumbnail","hentry","category-gerais","tag-curvelo","tag-fabio-de-souza-fernandes","tag-furto-de-eucalipto-na-serra-do-cabral","tag-furto-de-madeira-na-serra-do-cabral","tag-jose-geraldo-dos-santos","tag-madeireira-de-curvelo","tag-marcus-tulio-batista-de-oliveira","tag-operacao-serra-pelada","tag-quatro-homens-sao-indiciados-por-furto-de-madeira-em-augusto-de-lima-e-buenopolis","tag-serra-do-cabral","tag-serra-pelada","tag-valdivino-batista-de-oliveira"],"_links":{"self":[{"href":"https:\/\/aconteceunovale.com.br\/portal\/index.php?rest_route=\/wp\/v2\/posts\/61875","targetHints":{"allow":["GET"]}}],"collection":[{"href":"https:\/\/aconteceunovale.com.br\/portal\/index.php?rest_route=\/wp\/v2\/posts"}],"about":[{"href":"https:\/\/aconteceunovale.com.br\/portal\/index.php?rest_route=\/wp\/v2\/types\/post"}],"author":[{"embeddable":true,"href":"https:\/\/aconteceunovale.com.br\/portal\/index.php?rest_route=\/wp\/v2\/users\/1"}],"replies":[{"embeddable":true,"href":"https:\/\/aconteceunovale.com.br\/portal\/index.php?rest_route=%2Fwp%2Fv2%2Fcomments&post=61875"}],"version-history":[{"count":0,"href":"https:\/\/aconteceunovale.com.br\/portal\/index.php?rest_route=\/wp\/v2\/posts\/61875\/revisions"}],"wp:featuredmedia":[{"embeddable":true,"href":"https:\/\/aconteceunovale.com.br\/portal\/index.php?rest_route=\/wp\/v2\/media\/61876"}],"wp:attachment":[{"href":"https:\/\/aconteceunovale.com.br\/portal\/index.php?rest_route=%2Fwp%2Fv2%2Fmedia&parent=61875"}],"wp:term":[{"taxonomy":"category","embeddable":true,"href":"https:\/\/aconteceunovale.com.br\/portal\/index.php?rest_route=%2Fwp%2Fv2%2Fcategories&post=61875"},{"taxonomy":"post_tag","embeddable":true,"href":"https:\/\/aconteceunovale.com.br\/portal\/index.php?rest_route=%2Fwp%2Fv2%2Ftags&post=61875"}],"curies":[{"name":"wp","href":"https:\/\/api.w.org\/{rel}","templated":true}]}}