{"id":61690,"date":"2015-06-19T18:03:14","date_gmt":"2015-06-19T21:03:14","guid":{"rendered":"http:\/\/aconteceunovale.com.br\/portal\/?p=61690"},"modified":"2015-06-19T18:03:14","modified_gmt":"2015-06-19T21:03:14","slug":"roda-de-onibus-afunda-em-buraco-no-centro-de-ipatinga","status":"publish","type":"post","link":"https:\/\/aconteceunovale.com.br\/portal\/?p=61690","title":{"rendered":"Roda de \u00f4nibus afunda em buraco no Centro de Ipatinga"},"content":{"rendered":"<h4><strong><em>\u00d4nibus parou pr\u00f3ximo a faixa de pedestre e afundou. Tr\u00e2nsito ficou confuso,mas ningu\u00e9m ficou ferido.<\/em><\/strong><\/h4>\n<p>A roda dianteira de um \u00f4nibus que faz transporte intermunicipal afundou em um buraco nesta sexta-feira, 19 de junho, na Avenida Jo\u00e3o Valentim Pascoal, no Centro de Ipatinga (MG). De acordo com relatos de testemunhas, o ve\u00edculo teria parado pr\u00f3ximo a uma faixa de pedestre quando o asfalto cedeu e uma das rodas afundou.<\/p>\n<p>O tr\u00e2nsito ficou confuso no local porque os carros n\u00e3o conseguiam desviar do \u00f4nibus para seguir o trajeto. Apesar do susto e da  confus\u00e3o  ningu\u00e9m ficou ferido.<\/p>\n<p>A prefeitura de Ipatinga informou atrav\u00e9s de nota que funcion\u00e1rios estiveram no local para organizar o tr\u00e2nsito. O munic\u00edpio disse que a Copasa realizou interven\u00e7\u00f5es na rede pluvial na avenida e que a finaliza\u00e7\u00e3o da obra \u00e9 de responsabilidade da companhia.<\/p>\n<p>A Copasa informou que funcion\u00e1rios da companhia estiveram no local para consertar o problema e o servi\u00e7o foi finalizado.<\/p>\n<p><img decoding=\"async\" src=\"http:\/\/aconteceunovale.com.br\/portal\/wp-content\/uploads\/2015\/06\/onibus_afunda_1.jpg\" alt=\"\" \/><em>\u00d4nibus afundou pr\u00f3ximo a uma faixa de pedestre (Foto: Tati Souza \/ Via WhatsApp)<\/em><br \/>\n<\/br><\/p>\n<p><img decoding=\"async\" src=\"http:\/\/aconteceunovale.com.br\/portal\/wp-content\/uploads\/2015\/06\/onibus_afunda_2.jpg\" alt=\"\" \/><em>\u00d4nibus afundou pr\u00f3ximo a uma faixa de pedestre (Foto: Tati Souza \/ Via WhatsApp)<\/em><br \/>\n<\/br><\/p>\n<p><img decoding=\"async\" src=\"http:\/\/aconteceunovale.com.br\/portal\/wp-content\/uploads\/2015\/06\/onibus_afunda_3.jpg\" alt=\"\" \/><em>\u00d4nibus afundou pr\u00f3ximo a uma faixa de pedestre (Foto: Jota Passos \/ Via WhatsApp)<\/em><br \/>\n<\/br><\/p>\n<p><img decoding=\"async\" src=\"http:\/\/aconteceunovale.com.br\/portal\/wp-content\/uploads\/2015\/06\/onibus_afunda_4.jpg\" alt=\"\" \/><em>\u00d4nibus afundou pr\u00f3ximo a uma faixa de pedestre (Foto: Douglas Druwe \/ Via WhatsApp)<\/em><br \/>\n<\/br><\/p>\n<p><img decoding=\"async\" src=\"http:\/\/aconteceunovale.com.br\/portal\/wp-content\/uploads\/2015\/06\/onibus_afunda_5.jpg\" alt=\"\" \/><em>\u00d4nibus afundou pr\u00f3ximo a uma faixa de pedestre (Foto: Douglas Druwe \/ Via WhatsApp)<\/em><br \/>\n<\/br><\/p>\n<p><em>(Fonte: Inter TV dos Vales \/ G1)<\/em><\/p>\n","protected":false},"excerpt":{"rendered":"<p>\u00d4nibus parou pr\u00f3ximo a faixa de pedestre e afundou. Tr\u00e2nsito ficou confuso,mas ningu\u00e9m ficou ferido. A roda dianteira de um \u00f4nibus que faz transporte intermunicipal afundou em um buraco nesta sexta-feira, 19 de junho, na Avenida Jo\u00e3o Valentim Pascoal, no Centro de Ipatinga (MG). De acordo com relatos de testemunhas, o ve\u00edculo teria parado pr\u00f3ximo [&hellip;]<\/p>\n","protected":false},"author":1,"featured_media":61691,"comment_status":"open","ping_status":"closed","sticky":false,"template":"","format":"standard","meta":{"amp_status":"","footnotes":""},"categories":[121],"tags":[1524,201,49014,49013,49012],"class_list":["post-61690","post","type-post","status-publish","format-standard","has-post-thumbnail","hentry","category-leste","tag-coronel-fabriciano","tag-ipatinga","tag-onibus-afunda-em-ipatinga","tag-onibus-da-univale-afunda-em-ipatinga","tag-roda-de-onibus-afunda-em-buraco-no-centro-de-ipatinga"],"_links":{"self":[{"href":"https:\/\/aconteceunovale.com.br\/portal\/index.php?rest_route=\/wp\/v2\/posts\/61690","targetHints":{"allow":["GET"]}}],"collection":[{"href":"https:\/\/aconteceunovale.com.br\/portal\/index.php?rest_route=\/wp\/v2\/posts"}],"about":[{"href":"https:\/\/aconteceunovale.com.br\/portal\/index.php?rest_route=\/wp\/v2\/types\/post"}],"author":[{"embeddable":true,"href":"https:\/\/aconteceunovale.com.br\/portal\/index.php?rest_route=\/wp\/v2\/users\/1"}],"replies":[{"embeddable":true,"href":"https:\/\/aconteceunovale.com.br\/portal\/index.php?rest_route=%2Fwp%2Fv2%2Fcomments&post=61690"}],"version-history":[{"count":0,"href":"https:\/\/aconteceunovale.com.br\/portal\/index.php?rest_route=\/wp\/v2\/posts\/61690\/revisions"}],"wp:featuredmedia":[{"embeddable":true,"href":"https:\/\/aconteceunovale.com.br\/portal\/index.php?rest_route=\/wp\/v2\/media\/61691"}],"wp:attachment":[{"href":"https:\/\/aconteceunovale.com.br\/portal\/index.php?rest_route=%2Fwp%2Fv2%2Fmedia&parent=61690"}],"wp:term":[{"taxonomy":"category","embeddable":true,"href":"https:\/\/aconteceunovale.com.br\/portal\/index.php?rest_route=%2Fwp%2Fv2%2Fcategories&post=61690"},{"taxonomy":"post_tag","embeddable":true,"href":"https:\/\/aconteceunovale.com.br\/portal\/index.php?rest_route=%2Fwp%2Fv2%2Ftags&post=61690"}],"curies":[{"name":"wp","href":"https:\/\/api.w.org\/{rel}","templated":true}]}}