{"id":61687,"date":"2015-06-19T17:45:29","date_gmt":"2015-06-19T20:45:29","guid":{"rendered":"http:\/\/aconteceunovale.com.br\/portal\/?p=61687"},"modified":"2015-06-19T17:45:29","modified_gmt":"2015-06-19T20:45:29","slug":"produtores-rurais-participam-de-curso-para-formacao-de-novas-liderancas-em-governador-valadares","status":"publish","type":"post","link":"https:\/\/aconteceunovale.com.br\/portal\/?p=61687","title":{"rendered":"Produtores rurais participam de curso para forma\u00e7\u00e3o de Novas Lideran\u00e7as em Governador Valadares"},"content":{"rendered":"<h4><strong><em>Primeiro dos cinco m\u00f3dulos foi realizado nessa quinta-feira (18). Curso tem o objetivo de formar lideran\u00e7as para o meio rural.<\/em><\/strong><\/h4>\n<p>Cerca de 30 pessoas iniciaram o curso para forma\u00e7\u00e3o de Novas Lideran\u00e7as Rurais. O curso \u00e9 uma promo\u00e7\u00e3o do Sindicato dos Produtores Rurais de Governador Valadares, realizado pelo Servi\u00e7o Nacional de Aprendizagem Rural (Senar Minas). Nessa quinta-feira (18) aconteceu o encerramento do primeiro dos cinco m\u00f3dulos do curso. O Mundo Contempor\u00e2neo do Agroneg\u00f3cio foi o tema desenvolvido pelo instrutor Jer\u00f4nimo Giaccheta.<\/p>\n<p>\u201cNesse primeiro m\u00f3dulo, os participantes que v\u00eam com indica\u00e7\u00e3o dos sindicatos, t\u00eam uma vis\u00e3o global do agroneg\u00f3cio, o que est\u00e1 acontecendo dentro dos modelos de globaliza\u00e7\u00e3o que a gente tem hoje no mundo e o que isso impacta na vida deles enquanto lideran\u00e7as na \u00e1rea rural&#8221;, explica o instrutor.<\/p>\n<p>Dentre os 30 participantes, dois j\u00e1 possuem uma posi\u00e7\u00e3o de lideran\u00e7a rural. \u00c9 o caso de Leonardo Godinho Santos e Frank Mour\u00e3o, presidentes dos Sindicatos dos Produtores Rurais das cidades de Te\u00f3filo Otoni e Sabin\u00f3polis, respectivamente.<\/p>\n<p>\u201cH\u00e1 nove meses assumi a presid\u00eancia dos sindicato de Te\u00f3filo Otoni e contei com o apoio da diretoria. Agora com esse curso vejo que vamos consolidar o pensamento futurista que temos em rela\u00e7\u00e3o ao sindicato, e vamos nos capacitar para poder seguir exercendo esse papel de lideran\u00e7a na nossa regi\u00e3o\u201d, afirma Leonardo Godinho.<\/p>\n<p>\u201cH\u00e1 um ano estou como presidente do sinidcato de Sabin\u00f3polis, mas j\u00e1 havia sido tesoureiro e vice-presidente tamb\u00e9m. O nosso mandato dura at\u00e9 o ano que vem e o curso ser\u00e1 importante nesse sentido de ampliar a nossa vis\u00e3o, a nossa capacidade de gest\u00e3o e de lideran\u00e7a\u201d, ressalta Frank Moru\u00e3o.<\/p>\n<p>Durante o primeiro m\u00f3dulo do curso, o coordenador sindical da Federa\u00e7\u00e3o da Agricultura e Pecu\u00e1ria do Estado de Minas Gerais (Faemg), Wilson Barros de Moura esteve presente e destacou que a federa\u00e7\u00e3o busca pessoas diferenciadas para fazer parte do sistema.<\/p>\n<p>\u201cO objetivo \u00e9 buscar novos l\u00edderes da \u00e1rea rural para os espa\u00e7os existentes. A gente busca entre os produtores aqueles que t\u00eam uma lideran\u00e7a despontada para que a gente traga para dentro do sistema e que num futuro pr\u00f3ximo possamos ter um dirigente de um sindicato, de uma cooperativa, de uma associa\u00e7\u00e3o de produtores.\u201d, declara Wilson Moura.<\/p>\n<p>O segundo m\u00f3dulo do curso de Novas Lideran\u00e7as Rurais acontecer\u00e1 nos dias 8 e 9 de julho, em Governador Valadares.<\/p>\n<p><img decoding=\"async\" src=\"http:\/\/aconteceunovale.com.br\/portal\/wp-content\/uploads\/2015\/06\/produtores_gv.jpg\" alt=\"\" \/><em>Participantes de diferentes cidades se reuniram em Valadares (Foto: Diego Souza\/G1)<\/em><br \/>\n<\/br><\/p>\n<p><strong><em>(Fonte: G1 \/ Inter TV dos Vales)<\/em><\/strong><\/p>\n","protected":false},"excerpt":{"rendered":"<p>Primeiro dos cinco m\u00f3dulos foi realizado nessa quinta-feira (18). Curso tem o objetivo de formar lideran\u00e7as para o meio rural. Cerca de 30 pessoas iniciaram o curso para forma\u00e7\u00e3o de Novas Lideran\u00e7as Rurais. O curso \u00e9 uma promo\u00e7\u00e3o do Sindicato dos Produtores Rurais de Governador Valadares, realizado pelo Servi\u00e7o Nacional de Aprendizagem Rural (Senar Minas). [&hellip;]<\/p>\n","protected":false},"author":1,"featured_media":61688,"comment_status":"open","ping_status":"closed","sticky":false,"template":"","format":"standard","meta":{"amp_status":"","footnotes":""},"categories":[121],"tags":[49004,49005,49010,247,49008,49009,49007,49011,310,38343,49006,164],"class_list":["post-61687","post","type-post","status-publish","format-standard","has-post-thumbnail","hentry","category-leste","tag-curso-para-formacao-de-novas-liderancas-rurais","tag-curso-para-formacao-de-novas-liderancas-rurais-em-governador-valadares","tag-frank-mourao","tag-governador-valadares","tag-jeronimo-giaccheta","tag-leonardo-godinho-santos","tag-mundo-contemporaneo-do-agronegocio","tag-produtores-rurais-participam-de-curso-para-formacao-de-novas-liderancas-em-governador-valadares","tag-sabinopolis","tag-senar-minas","tag-sindicato-dos-produtores-rurais-de-governador-valadares","tag-teofilo-otoni"],"_links":{"self":[{"href":"https:\/\/aconteceunovale.com.br\/portal\/index.php?rest_route=\/wp\/v2\/posts\/61687","targetHints":{"allow":["GET"]}}],"collection":[{"href":"https:\/\/aconteceunovale.com.br\/portal\/index.php?rest_route=\/wp\/v2\/posts"}],"about":[{"href":"https:\/\/aconteceunovale.com.br\/portal\/index.php?rest_route=\/wp\/v2\/types\/post"}],"author":[{"embeddable":true,"href":"https:\/\/aconteceunovale.com.br\/portal\/index.php?rest_route=\/wp\/v2\/users\/1"}],"replies":[{"embeddable":true,"href":"https:\/\/aconteceunovale.com.br\/portal\/index.php?rest_route=%2Fwp%2Fv2%2Fcomments&post=61687"}],"version-history":[{"count":0,"href":"https:\/\/aconteceunovale.com.br\/portal\/index.php?rest_route=\/wp\/v2\/posts\/61687\/revisions"}],"wp:featuredmedia":[{"embeddable":true,"href":"https:\/\/aconteceunovale.com.br\/portal\/index.php?rest_route=\/wp\/v2\/media\/61688"}],"wp:attachment":[{"href":"https:\/\/aconteceunovale.com.br\/portal\/index.php?rest_route=%2Fwp%2Fv2%2Fmedia&parent=61687"}],"wp:term":[{"taxonomy":"category","embeddable":true,"href":"https:\/\/aconteceunovale.com.br\/portal\/index.php?rest_route=%2Fwp%2Fv2%2Fcategories&post=61687"},{"taxonomy":"post_tag","embeddable":true,"href":"https:\/\/aconteceunovale.com.br\/portal\/index.php?rest_route=%2Fwp%2Fv2%2Ftags&post=61687"}],"curies":[{"name":"wp","href":"https:\/\/api.w.org\/{rel}","templated":true}]}}