{"id":61683,"date":"2015-06-19T17:26:49","date_gmt":"2015-06-19T20:26:49","guid":{"rendered":"http:\/\/aconteceunovale.com.br\/portal\/?p=61683"},"modified":"2015-06-19T17:26:49","modified_gmt":"2015-06-19T20:26:49","slug":"cadastramento-escolar-na-rede-publica-de-ensino-e-prorrogado-ate-26-de-junho","status":"publish","type":"post","link":"https:\/\/aconteceunovale.com.br\/portal\/?p=61683","title":{"rendered":"Cadastramento Escolar na rede p\u00fablica de ensino \u00e9 prorrogado at\u00e9 26 de junho"},"content":{"rendered":"<h4><strong><em>Poder\u00e3o ser inscritas crian\u00e7as com seis anos ou que v\u00e3o completar essa idade at\u00e9 30 de junho e estudantes que desejam ingressar no ensino fundamental da rede p\u00fablica<\/em><\/strong><\/h4>\n<p>Foi prorrogado at\u00e9 a pr\u00f3xima sexta-feira (26\/6) o per\u00edodo de Cadastramento Escolar na rede p\u00fablica de ensino mineira. O cadastro \u00e9 um levantamento utilizado para planejar e garantir vaga ao estudante que deseja ingressar no Ensino Fundamental da rede p\u00fablica em uma escola pr\u00f3xima de sua resid\u00eancia.<\/p>\n<p>Podem ser inscritos as crian\u00e7as de seis anos ou que v\u00e3o completar essa idade at\u00e9 30 de junho de 2016; estudantes vindos de outras localidades ou transferidos de escolas particulares e ainda jovens que desejam retornar aos estudos no Ensino Fundamental na rede p\u00fablica. O cadastramento \u00e9 realizado de forma unificada nas redes municipais e estadual de ensino e \u00e9 isento do pagamento de taxas.<\/p>\n<p>A prorroga\u00e7\u00e3o do prazo \u00e9 mais uma oportunidade para os pais ou respons\u00e1veis n\u00e3o perderem o per\u00edodo de cadastro e garantirem a vaga de seus filhos em uma escola pr\u00f3xima de sua casa. Vale destacar a import\u00e2ncia do cadastramento para conhecer a demanda escolar e preparar as escolas para esses estudantes no ano letivo de 2016. Com a demanda apresentada no cadastramento, Estado e munic\u00edpios fazem uma an\u00e1lise do fluxo escolar, da oferta de vagas e da capacidade f\u00edsica das escolas, podendo, dessa forma, se planejar e propor expans\u00e3o dos espa\u00e7os ou reorganiza\u00e7\u00e3o de turmas de modo a atender todos os estudantes.<\/p>\n<p>\u201cO Cadastro interessa aos pais, \u00e0 sociedade e ao sistema de educa\u00e7\u00e3o. \u00c9 uma quest\u00e3o de organiza\u00e7\u00e3o e log\u00edstica que nos permite planejar a demanda futura. Quanto mais eficiente o cadastramento, quanto mais as fam\u00edlias se mobilizarem, melhor teremos condi\u00e7\u00f5es de organizar as escolas para receber os estudantes e encaminh\u00e1-los para as unidades pr\u00f3ximas de suas resid\u00eancias. Fa\u00e7o uma \u00eanfase tamb\u00e9m para os jovens que deixaram de estudar e querem retornar \u00e0 escola, esse \u00e9 um p\u00fablico especial que desejamos recuperar\u201d, destaca o secret\u00e1rio-adjunto de Estado de Educa\u00e7\u00e3o, Carl\u00e3o Pereira.<\/p>\n<p>No ano passado, foram cadastrados 162 mil estudantes e expectativa para este ano \u00e9 de cerca de 150 mil. Esse n\u00famero \u00e9 uma estimativa feita a partir de levantamento populacional, que apresenta redu\u00e7\u00e3o da taxa de natalidade nos \u00faltimos anos. Os estudantes que n\u00e3o se cadastrarem neste per\u00edodo ainda poder\u00e3o se matricular no pr\u00f3ximo ano na rede p\u00fablica. No entanto, n\u00e3o ter\u00e3o a vaga garantida em escola pr\u00f3xima de sua resid\u00eancia, mas ser\u00e3o encaminhados para uma escola onde houver vaga remanescente.<\/p>\n<p><strong>Documenta\u00e7\u00e3o<\/strong><\/p>\n<p>Para a inscri\u00e7\u00e3o no cadastro escolar, o pai, m\u00e3e ou respons\u00e1vel pelo aluno dever\u00e1 apresentar original e c\u00f3pia dos seguintes documentos: certid\u00e3o de nascimento do candidato e conta de luz recente. Nos casos de transfer\u00eancia para as redes p\u00fablicas ou retomada de estudos, os interessados tamb\u00e9m devem apresentar documento comprobat\u00f3rio expedido pela escola de origem. Os candidatos maiores de 18 anos que querem se matricular no ensino fundamental regular poder\u00e3o fazer a sua pr\u00f3pria inscri\u00e7\u00e3o.<\/p>\n<p>Em Belo Horizonte, o cadastramento \u00e9 feito nas Ag\u00eancias dos Correios. Na Regi\u00e3o Metropolitana e no interior do Estado, em postos de cadastramento definidos pelas comiss\u00f5es municipais de cadastros e matr\u00edculas. Caso n\u00e3o saiba onde encontrar o posto do seu munic\u00edpio, o interessado pode procurar a Secretaria Municipal de Educa\u00e7\u00e3o ou a Superintend\u00eancia Regional de Ensino de sua localidade.<\/p>\n<p>O candidato cadastrado que fizer a matr\u00edcula dentro do prazo estabelecido, que ser\u00e1 de 14 a 18 de dezembro de 2015, ter\u00e1 sua vaga assegurada em uma escola p\u00fablica pr\u00f3xima \u00e0 sua resid\u00eancia. Aquele que n\u00e3o se matricular no prazo previsto ser\u00e1 encaminhado para uma escola onde houver vaga remanescente.<\/p>\n<p>Aqueles alunos que j\u00e1 fazem parte da rede p\u00fablica e v\u00e3o permanecer na mesma escola no pr\u00f3ximo ano n\u00e3o participam desse procedimento. A vaga desse estudante na institui\u00e7\u00e3o \u00e9 garantida e a renova\u00e7\u00e3o de matr\u00edcula \u00e9 realizada em data definida pela pr\u00f3pria escola.<\/p>\n<p><strong>Servi\u00e7o:<\/strong><\/p>\n<p>Cadastramento Escolar 2016<\/p>\n<p>Prazo prorrogado: at\u00e9 26 de junho de 2015<\/p>\n<p>P\u00fablico alvo: Crian\u00e7as de 6 anos ou que v\u00e3o completar essa idade at\u00e9 30 de junho, jovens que desejam retornar aos estudos e alunos vindo de outras localidades ou transferidos de escolas particulares.<\/p>\n<p>Onde se inscrever: Ag\u00eancias dos Correios (em Belo Horizonte) ou nos postos de cadastramento do munic\u00edpio (Regi\u00e3o Metropolitana e interior)<\/p>\n<p>Documenta\u00e7\u00e3o: Certid\u00e3o de nascimento (original e c\u00f3pia); conta de luz recente (original de c\u00f3pia); e comprovante de escolaridade (original e c\u00f3pia), para alunos transferidos de escolas particulares ou jovens que desejam retornar aos estudos.<\/p>\n","protected":false},"excerpt":{"rendered":"<p>Poder\u00e3o ser inscritas crian\u00e7as com seis anos ou que v\u00e3o completar essa idade at\u00e9 30 de junho e estudantes que desejam ingressar no ensino fundamental da rede p\u00fablica Foi prorrogado at\u00e9 a pr\u00f3xima sexta-feira (26\/6) o per\u00edodo de Cadastramento Escolar na rede p\u00fablica de ensino mineira. O cadastro \u00e9 um levantamento utilizado para planejar e [&hellip;]<\/p>\n","protected":false},"author":1,"featured_media":61059,"comment_status":"open","ping_status":"closed","sticky":false,"template":"","format":"standard","meta":{"amp_status":"","footnotes":""},"categories":[40238,123],"tags":[49003,12083,49000,48999,49001,49002],"class_list":["post-61683","post","type-post","status-publish","format-standard","has-post-thumbnail","hentry","category-educacao-2","category-gerais","tag-cadastramento-escolar","tag-cadastramento-escolar-2015","tag-cadastramento-escolar-e-prorrogado","tag-cadastramento-escolar-e-prorrogado-ate-26-de-junho-na-rede-publica-de-ensino","tag-cadastramento-escolar-na-rede-publica-de-ensino","tag-cadastramento-escolar-na-rede-publica-de-ensino-e-prorrogado-ate-26-de-junho"],"_links":{"self":[{"href":"https:\/\/aconteceunovale.com.br\/portal\/index.php?rest_route=\/wp\/v2\/posts\/61683","targetHints":{"allow":["GET"]}}],"collection":[{"href":"https:\/\/aconteceunovale.com.br\/portal\/index.php?rest_route=\/wp\/v2\/posts"}],"about":[{"href":"https:\/\/aconteceunovale.com.br\/portal\/index.php?rest_route=\/wp\/v2\/types\/post"}],"author":[{"embeddable":true,"href":"https:\/\/aconteceunovale.com.br\/portal\/index.php?rest_route=\/wp\/v2\/users\/1"}],"replies":[{"embeddable":true,"href":"https:\/\/aconteceunovale.com.br\/portal\/index.php?rest_route=%2Fwp%2Fv2%2Fcomments&post=61683"}],"version-history":[{"count":0,"href":"https:\/\/aconteceunovale.com.br\/portal\/index.php?rest_route=\/wp\/v2\/posts\/61683\/revisions"}],"wp:featuredmedia":[{"embeddable":true,"href":"https:\/\/aconteceunovale.com.br\/portal\/index.php?rest_route=\/wp\/v2\/media\/61059"}],"wp:attachment":[{"href":"https:\/\/aconteceunovale.com.br\/portal\/index.php?rest_route=%2Fwp%2Fv2%2Fmedia&parent=61683"}],"wp:term":[{"taxonomy":"category","embeddable":true,"href":"https:\/\/aconteceunovale.com.br\/portal\/index.php?rest_route=%2Fwp%2Fv2%2Fcategories&post=61683"},{"taxonomy":"post_tag","embeddable":true,"href":"https:\/\/aconteceunovale.com.br\/portal\/index.php?rest_route=%2Fwp%2Fv2%2Ftags&post=61683"}],"curies":[{"name":"wp","href":"https:\/\/api.w.org\/{rel}","templated":true}]}}