{"id":61679,"date":"2015-06-19T17:15:08","date_gmt":"2015-06-19T20:15:08","guid":{"rendered":"http:\/\/aconteceunovale.com.br\/portal\/?p=61679"},"modified":"2015-06-19T17:15:08","modified_gmt":"2015-06-19T20:15:08","slug":"mais-de-30-dos-turistas-prefere-viajar-na-baixa-temporada","status":"publish","type":"post","link":"https:\/\/aconteceunovale.com.br\/portal\/?p=61679","title":{"rendered":"Mais de 30% dos turistas prefere viajar na baixa temporada"},"content":{"rendered":"<h4><strong><em>Pre\u00e7os e as atra\u00e7\u00f5es s\u00e3o alguns dos incentivos para este p\u00fablico em crescimento<\/em><\/strong><\/h4>\n<p>Porto Seguro \u00e9 o segundo destino mais procurado pelos turistas que optam por viajar para o Nordeste na baixa temporada. Este per\u00edodo come\u00e7a no m\u00eas de mar\u00e7o e vai at\u00e9 junho ou de agosto a novembro, segundo o Portal do Turismo. Viajar na baixa tem sido a op\u00e7\u00e3o de cerca de 30% dos turistas, que podem encontrar pacotes at\u00e9 50% mais baratos que na alta temporada. <\/p>\n<p>O clima da cidade, que \u00e9 mais quente que grande parte do pa\u00eds, a hist\u00f3ria do local, belezas naturais reconhecidas mundialmente, e a divers\u00e3o constante proporcionada por grandes casas de eventos, a exemplo do Ax\u00e9 Moi, tornam Porto ainda mais atrativa.<\/p>\n<p><strong>Programa\u00e7\u00e3o noturna<\/strong><\/p>\n<p>O m\u00eas de junho come\u00e7ou animado em Porto Seguro que, at\u00e9 o momento, j\u00e1 recebeu atra\u00e7\u00f5es de peso como os DJs Denis; Felguk e Zeu, Bandas Jammil e uma noites e  Duas Medidas, na Cabana Ax\u00e9 Moi. Na Arena teve Tomate; Psirico e Alan Venturin. As apresenta\u00e7\u00f5es fizeram parte do Porto Folia 2015, evento que comp\u00f5e o Porto Sa\u00fade 2015, realizado pela Vem Eventos, que, mais uma vez, lotou a cidade.<\/p>\n<p>Logo ap\u00f3s os festejos de S\u00e3o Jo\u00e3o, que tamb\u00e9m prometem impulsionar o movimento, come\u00e7a o Ax\u00e9 Porto 2015. Uma vez por semana, a Arena Ax\u00e9 Moi receber\u00e1 grandes artistas que far\u00e3o a festa de moradores e turistas. No dia 29 de junho e 6 de julho tem Jammil e uma noites e MC Livinho. E nos dias 13; 20 e 27 de julho tem Banda Eva e MC Dennis. Valor antecipado por dia: R$70,00. <\/p>\n<p>Para maiores informa\u00e7\u00f5es, entre em contato atrav\u00e9s do telefone (73) 3288-8930 ou e-mail redesocial@axemoi.com.br. <\/p>\n<p><img decoding=\"async\" src=\"http:\/\/aconteceunovale.com.br\/portal\/wp-content\/uploads\/2015\/06\/DSC05091.jpg\" alt=\"\" \/><em>Porto Seguro \u00e9 o segundo destino mais procurado pelos turistas &#8211; Foto: Divulga\u00e7\u00e3o<\/em><\/p>\n","protected":false},"excerpt":{"rendered":"<p>Pre\u00e7os e as atra\u00e7\u00f5es s\u00e3o alguns dos incentivos para este p\u00fablico em crescimento Porto Seguro \u00e9 o segundo destino mais procurado pelos turistas que optam por viajar para o Nordeste na baixa temporada. Este per\u00edodo come\u00e7a no m\u00eas de mar\u00e7o e vai at\u00e9 junho ou de agosto a novembro, segundo o Portal do Turismo. Viajar [&hellip;]<\/p>\n","protected":false},"author":1,"featured_media":61681,"comment_status":"open","ping_status":"closed","sticky":false,"template":"","format":"standard","meta":{"amp_status":"","footnotes":""},"categories":[6],"tags":[48993,48996,48997,48998,48987,48991,423,48990,48994,48995,48992,48988,48989],"class_list":["post-61679","post","type-post","status-publish","format-standard","has-post-thumbnail","hentry","category-br","tag-agenda-porto-seguro","tag-festas-de-sao-joao-porto-seguro","tag-festejos-de-sao-joao","tag-festejos-de-sao-joao-em-porto-seguro","tag-mais-de-30-dos-turistas-prefere-viajar-na-baixa-temporada","tag-portal-do-turismo","tag-porto-seguro","tag-porto-seguro-e-o-segundo-destino-mais-procurado-pelos-turistas","tag-shows-porto-seguro","tag-shows-sao-joao-porto-seguro","tag-turismo-porto-seguro","tag-turistas-prefere-viajar-na-baixa-temporada","tag-turistas-preferem-viajar-na-baixa-temporada"],"_links":{"self":[{"href":"https:\/\/aconteceunovale.com.br\/portal\/index.php?rest_route=\/wp\/v2\/posts\/61679","targetHints":{"allow":["GET"]}}],"collection":[{"href":"https:\/\/aconteceunovale.com.br\/portal\/index.php?rest_route=\/wp\/v2\/posts"}],"about":[{"href":"https:\/\/aconteceunovale.com.br\/portal\/index.php?rest_route=\/wp\/v2\/types\/post"}],"author":[{"embeddable":true,"href":"https:\/\/aconteceunovale.com.br\/portal\/index.php?rest_route=\/wp\/v2\/users\/1"}],"replies":[{"embeddable":true,"href":"https:\/\/aconteceunovale.com.br\/portal\/index.php?rest_route=%2Fwp%2Fv2%2Fcomments&post=61679"}],"version-history":[{"count":0,"href":"https:\/\/aconteceunovale.com.br\/portal\/index.php?rest_route=\/wp\/v2\/posts\/61679\/revisions"}],"wp:featuredmedia":[{"embeddable":true,"href":"https:\/\/aconteceunovale.com.br\/portal\/index.php?rest_route=\/wp\/v2\/media\/61681"}],"wp:attachment":[{"href":"https:\/\/aconteceunovale.com.br\/portal\/index.php?rest_route=%2Fwp%2Fv2%2Fmedia&parent=61679"}],"wp:term":[{"taxonomy":"category","embeddable":true,"href":"https:\/\/aconteceunovale.com.br\/portal\/index.php?rest_route=%2Fwp%2Fv2%2Fcategories&post=61679"},{"taxonomy":"post_tag","embeddable":true,"href":"https:\/\/aconteceunovale.com.br\/portal\/index.php?rest_route=%2Fwp%2Fv2%2Ftags&post=61679"}],"curies":[{"name":"wp","href":"https:\/\/api.w.org\/{rel}","templated":true}]}}