{"id":61652,"date":"2015-06-19T13:57:38","date_gmt":"2015-06-19T16:57:38","guid":{"rendered":"http:\/\/aconteceunovale.com.br\/portal\/?p=61652"},"modified":"2026-09-02T12:19:54","modified_gmt":"2026-09-02T15:19:54","slug":"coronel-da-pm-recupera-celular-roubado-por-adolescente-em-aracuai","status":"publish","type":"post","link":"https:\/\/aconteceunovale.com.br\/portal\/?p=61652","title":{"rendered":"Coronel da PM recupera celular roubado por adolescente em Ara\u00e7ua\u00ed"},"content":{"rendered":"<h4><strong><em>O menor foi encaminhado \u00e0 Depol de Ara\u00e7ua\u00ed e liberado em seguida por for\u00e7a do Estatuto da Crian\u00e7a e do Adolescente.<\/em><\/strong><\/h4>\n<p>O Coronel da Policia Militar, Aroldo Pinheiro de Ara\u00fajo, Comandante da 15\u00aa regi\u00e3o da PM. Se empenhou pessoalmente em uma ocorr\u00eancia de roubo de um celular, na manh\u00e3 dessa quinta-feira (18\/06) em Ara\u00e7ua\u00ed, no Vale do Jequitinhonha.<\/p>\n<p>De acordo com a ocorr\u00eancia, o Coronel estava em patrulhamento na pra\u00e7a do F\u00f3rum, quando foi abordado por um homem que informou que havia acabado de ter o celular roubado por um menor. O homem contou que o adolescente de 16 anos, usando de for\u00e7a f\u00edsica, o derrubou e em seguida roubou o celular e saiu em desabalada carreira. O homem contou que o menor ainda o amea\u00e7ou dizendo que se fosse preso sairia da cadeia e o mataria.<\/p>\n<p>Com informa\u00e7\u00f5es de populares, o Coronel chegou at\u00e9 \u00e0 casa do adolescente e  com autoriza\u00e7\u00e3o da m\u00e3e dele, entrou e recuperou o aparelho celular que estava escondido dentro de um arm\u00e1rio. O aparelho foi devolvido \u00e0 v\u00edtima.<\/p>\n<p>O menor foi apreendido e conduzido at\u00e9 a Delegacia de Pol\u00edcia Civil e liberado em seguida. O caso ser\u00e1 encaminhado ao Minist\u00e9rio P\u00fablico.<\/p>\n<p>O tenente Gilam\u00e1rcio da Silva Rocha, da PM de Ara\u00e7ua\u00ed, elogiou a atitude do colega. \u201cEle poderia estar dando cobertura \u00e0 visita do governador que estava em Ara\u00e7ua\u00ed, mas se empenhou pessoalmente em solucionar uma ocorr\u00eancia de um cidad\u00e3o, v\u00edtima da viol\u00eancia\u201d, disse Silva Rocha.<\/p>\n<p>Durante audi\u00eancia p\u00fablica realizada em Ara\u00e7ua\u00ed no \u00faltimo dia 15 de junho, para debater o problema do avan\u00e7o da viol\u00eancia na cidade, o Coronel prometeu aumentar o efetivo policial do munic\u00edpio.<\/p>\n<p><img decoding=\"async\" src=\"http:\/\/aconteceunovale.com.br\/portal\/wp-content\/uploads\/2015\/06\/coronel_pinheiro.jpg\" alt=\"\" \/><em>Coronel Aroldo Pinheiro \u00e9 comandante da 15\u00aa Regiao da PM &#8211; Foto: Divulga\u00e7\u00e3o<\/em><br \/>\n<\/br><\/p>\n<p><em>(Gazeta de Ara\u00e7ua\u00ed)<\/em><\/p>\n","protected":false},"excerpt":{"rendered":"<p>O menor foi encaminhado \u00e0 Depol de Ara\u00e7ua\u00ed e liberado em seguida por for\u00e7a do Estatuto da Crian\u00e7a e do Adolescente. O Coronel da Policia Militar, Aroldo Pinheiro de Ara\u00fajo, Comandante da 15\u00aa regi\u00e3o da PM. Se empenhou pessoalmente em uma ocorr\u00eancia de roubo de um celular, na manh\u00e3 dessa quinta-feira (18\/06) em Ara\u00e7ua\u00ed, no [&hellip;]<\/p>\n","protected":false},"author":1,"featured_media":61653,"comment_status":"open","ping_status":"closed","sticky":false,"template":"","format":"standard","meta":{"amp_status":"","footnotes":""},"categories":[272530,120],"tags":[186,48959,48960,48961,48957,48958],"class_list":["post-61652","post","type-post","status-publish","format-standard","has-post-thumbnail","hentry","category-aracuai","category-jequi","tag-aracuai","tag-aroldo-pinheiro-de-araujo","tag-comandante-da-15a-regiao-da-pm","tag-comandante-da-15a-regiao-da-pm-em-teofilo-otoni","tag-coronel-da-pm-recupera-celular-roubado-por-adolescente-em-aracuai","tag-coronel-da-policia-militar"],"yoast_head":"<!-- This site is optimized with the Yoast SEO plugin v28.3 - https:\/\/yoast.com\/product\/yoast-seo-wordpress\/ -->\n<title>Coronel da PM recupera celular roubado por adolescente em Ara\u00e7ua\u00ed - Aconteceu no Vale<\/title>\n<meta name=\"robots\" content=\"index, follow, max-snippet:-1, max-image-preview:large, max-video-preview:-1\" \/>\n<link rel=\"canonical\" href=\"https:\/\/aconteceunovale.com.br\/portal\/?p=61652\" \/>\n<meta property=\"og:locale\" content=\"pt_BR\" \/>\n<meta property=\"og:type\" content=\"article\" \/>\n<meta property=\"og:title\" content=\"Coronel da PM recupera celular roubado por adolescente em Ara\u00e7ua\u00ed - Aconteceu no Vale\" \/>\n<meta property=\"og:description\" content=\"O menor foi encaminhado \u00e0 Depol de Ara\u00e7ua\u00ed e liberado em seguida por for\u00e7a do Estatuto da Crian\u00e7a e do Adolescente. O Coronel da Policia Militar, Aroldo Pinheiro de Ara\u00fajo, Comandante da 15\u00aa regi\u00e3o da PM. Se empenhou pessoalmente em uma ocorr\u00eancia de roubo de um celular, na manh\u00e3 dessa quinta-feira (18\/06) em Ara\u00e7ua\u00ed, no [&hellip;]\" \/>\n<meta property=\"og:url\" content=\"https:\/\/aconteceunovale.com.br\/portal\/?p=61652\" \/>\n<meta property=\"og:site_name\" content=\"Aconteceu no Vale\" \/>\n<meta property=\"article:publisher\" content=\"https:\/\/www.facebook.com\/aconteceunovale\/\" \/>\n<meta property=\"article:published_time\" content=\"2015-06-19T16:57:38+00:00\" \/>\n<meta property=\"article:modified_time\" content=\"2026-09-02T15:19:54+00:00\" \/>\n<meta property=\"og:image\" content=\"https:\/\/aconteceunovale.com.br\/portal\/wp-content\/uploads\/2015\/06\/coronel_pinheiro.jpg\" \/>\n\t<meta property=\"og:image:width\" content=\"612\" \/>\n\t<meta property=\"og:image:height\" content=\"436\" \/>\n\t<meta property=\"og:image:type\" content=\"image\/jpeg\" \/>\n<meta name=\"author\" content=\"Aconteceu no Vale\" \/>\n<meta name=\"twitter:card\" content=\"summary_large_image\" \/>\n<meta name=\"twitter:creator\" content=\"@noticiadosvales\" \/>\n<meta name=\"twitter:site\" content=\"@noticiadosvales\" \/>\n<meta name=\"twitter:label1\" content=\"Escrito por\" \/>\n\t<meta name=\"twitter:data1\" content=\"Aconteceu no Vale\" \/>\n\t<meta name=\"twitter:label2\" content=\"Est. tempo de leitura\" \/>\n\t<meta name=\"twitter:data2\" content=\"2 minutos\" \/>\n<script type=\"application\/ld+json\" class=\"yoast-schema-graph\">{\"@context\":\"https:\\\/\\\/schema.org\",\"@graph\":[{\"@type\":\"Article\",\"@id\":\"https:\\\/\\\/aconteceunovale.com.br\\\/portal\\\/?p=61652#article\",\"isPartOf\":{\"@id\":\"https:\\\/\\\/aconteceunovale.com.br\\\/portal\\\/?p=61652\"},\"author\":{\"name\":\"Aconteceu no Vale\",\"@id\":\"https:\\\/\\\/aconteceunovale.com.br\\\/portal\\\/#\\\/schema\\\/person\\\/633529146f2c94272bef50ac2953d589\"},\"headline\":\"Coronel da PM recupera celular roubado por adolescente em Ara\u00e7ua\u00ed\",\"datePublished\":\"2015-06-19T16:57:38+00:00\",\"dateModified\":\"2026-09-02T15:19:54+00:00\",\"mainEntityOfPage\":{\"@id\":\"https:\\\/\\\/aconteceunovale.com.br\\\/portal\\\/?p=61652\"},\"wordCount\":326,\"commentCount\":0,\"image\":{\"@id\":\"https:\\\/\\\/aconteceunovale.com.br\\\/portal\\\/?p=61652#primaryimage\"},\"thumbnailUrl\":\"https:\\\/\\\/aconteceunovale.com.br\\\/portal\\\/wp-content\\\/uploads\\\/2015\\\/06\\\/coronel_pinheiro.jpg\",\"keywords\":[\"Ara\u00e7ua\u00ed\",\"Aroldo Pinheiro de Ara\u00fajo\",\"Comandante da 15\u00aa regi\u00e3o da PM\",\"comandante da 15\u00aa Regiao da PM em Te\u00f3filo Otoni\",\"Coronel da PM recupera celular roubado por adolescente em Ara\u00e7ua\u00ed\",\"Coronel da Policia Militar\"],\"articleSection\":[\"Ara\u00e7ua\u00ed\",\"Vale do Jequitinhonha\"],\"inLanguage\":\"pt-BR\",\"potentialAction\":[{\"@type\":\"CommentAction\",\"name\":\"Comment\",\"target\":[\"https:\\\/\\\/aconteceunovale.com.br\\\/portal\\\/?p=61652#respond\"]}]},{\"@type\":\"WebPage\",\"@id\":\"https:\\\/\\\/aconteceunovale.com.br\\\/portal\\\/?p=61652\",\"url\":\"https:\\\/\\\/aconteceunovale.com.br\\\/portal\\\/?p=61652\",\"name\":\"Coronel da PM recupera celular roubado por adolescente em Ara\u00e7ua\u00ed - Aconteceu no Vale\",\"isPartOf\":{\"@id\":\"https:\\\/\\\/aconteceunovale.com.br\\\/portal\\\/#website\"},\"primaryImageOfPage\":{\"@id\":\"https:\\\/\\\/aconteceunovale.com.br\\\/portal\\\/?p=61652#primaryimage\"},\"image\":{\"@id\":\"https:\\\/\\\/aconteceunovale.com.br\\\/portal\\\/?p=61652#primaryimage\"},\"thumbnailUrl\":\"https:\\\/\\\/aconteceunovale.com.br\\\/portal\\\/wp-content\\\/uploads\\\/2015\\\/06\\\/coronel_pinheiro.jpg\",\"datePublished\":\"2015-06-19T16:57:38+00:00\",\"dateModified\":\"2026-09-02T15:19:54+00:00\",\"author\":{\"@id\":\"https:\\\/\\\/aconteceunovale.com.br\\\/portal\\\/#\\\/schema\\\/person\\\/633529146f2c94272bef50ac2953d589\"},\"breadcrumb\":{\"@id\":\"https:\\\/\\\/aconteceunovale.com.br\\\/portal\\\/?p=61652#breadcrumb\"},\"inLanguage\":\"pt-BR\",\"potentialAction\":[{\"@type\":\"ReadAction\",\"target\":[\"https:\\\/\\\/aconteceunovale.com.br\\\/portal\\\/?p=61652\"]}]},{\"@type\":\"ImageObject\",\"inLanguage\":\"pt-BR\",\"@id\":\"https:\\\/\\\/aconteceunovale.com.br\\\/portal\\\/?p=61652#primaryimage\",\"url\":\"https:\\\/\\\/aconteceunovale.com.br\\\/portal\\\/wp-content\\\/uploads\\\/2015\\\/06\\\/coronel_pinheiro.jpg\",\"contentUrl\":\"https:\\\/\\\/aconteceunovale.com.br\\\/portal\\\/wp-content\\\/uploads\\\/2015\\\/06\\\/coronel_pinheiro.jpg\",\"width\":612,\"height\":436},{\"@type\":\"BreadcrumbList\",\"@id\":\"https:\\\/\\\/aconteceunovale.com.br\\\/portal\\\/?p=61652#breadcrumb\",\"itemListElement\":[{\"@type\":\"ListItem\",\"position\":1,\"name\":\"In\u00edcio\",\"item\":\"https:\\\/\\\/aconteceunovale.com.br\\\/portal\\\/\"},{\"@type\":\"ListItem\",\"position\":2,\"name\":\"Coronel da PM recupera celular roubado por adolescente em Ara\u00e7ua\u00ed\"}]},{\"@type\":\"WebSite\",\"@id\":\"https:\\\/\\\/aconteceunovale.com.br\\\/portal\\\/#website\",\"url\":\"https:\\\/\\\/aconteceunovale.com.br\\\/portal\\\/\",\"name\":\"Aconteceu no Vale\",\"description\":\"Portal de Not\u00edcias\",\"potentialAction\":[{\"@type\":\"SearchAction\",\"target\":{\"@type\":\"EntryPoint\",\"urlTemplate\":\"https:\\\/\\\/aconteceunovale.com.br\\\/portal\\\/?s={search_term_string}\"},\"query-input\":{\"@type\":\"PropertyValueSpecification\",\"valueRequired\":true,\"valueName\":\"search_term_string\"}}],\"inLanguage\":\"pt-BR\"},{\"@type\":\"Person\",\"@id\":\"https:\\\/\\\/aconteceunovale.com.br\\\/portal\\\/#\\\/schema\\\/person\\\/633529146f2c94272bef50ac2953d589\",\"name\":\"Aconteceu no Vale\",\"description\":\"Equipe de reportagem do Aconteceu no Vale, portal de not\u00edcias do Vale do Jequitinhonha, em Minas Gerais. Cobrimos as 51 cidades do Vale desde 2013. Sugest\u00f5es de pauta e pedidos de corre\u00e7\u00e3o: contato@aconteceunovale.com.br\",\"sameAs\":[\"http:\\\/\\\/www.aconteceunovale.com.br\"],\"url\":\"https:\\\/\\\/aconteceunovale.com.br\\\/portal\\\/?author=1\"}]}<\/script>\n<!-- \/ Yoast SEO plugin. -->","yoast_head_json":{"title":"Coronel da PM recupera celular roubado por adolescente em Ara\u00e7ua\u00ed - Aconteceu no Vale","robots":{"index":"index","follow":"follow","max-snippet":"max-snippet:-1","max-image-preview":"max-image-preview:large","max-video-preview":"max-video-preview:-1"},"canonical":"https:\/\/aconteceunovale.com.br\/portal\/?p=61652","og_locale":"pt_BR","og_type":"article","og_title":"Coronel da PM recupera celular roubado por adolescente em Ara\u00e7ua\u00ed - Aconteceu no Vale","og_description":"O menor foi encaminhado \u00e0 Depol de Ara\u00e7ua\u00ed e liberado em seguida por for\u00e7a do Estatuto da Crian\u00e7a e do Adolescente. O Coronel da Policia Militar, Aroldo Pinheiro de Ara\u00fajo, Comandante da 15\u00aa regi\u00e3o da PM. Se empenhou pessoalmente em uma ocorr\u00eancia de roubo de um celular, na manh\u00e3 dessa quinta-feira (18\/06) em Ara\u00e7ua\u00ed, no [&hellip;]","og_url":"https:\/\/aconteceunovale.com.br\/portal\/?p=61652","og_site_name":"Aconteceu no Vale","article_publisher":"https:\/\/www.facebook.com\/aconteceunovale\/","article_published_time":"2015-06-19T16:57:38+00:00","article_modified_time":"2026-09-02T15:19:54+00:00","og_image":[{"width":612,"height":436,"url":"https:\/\/aconteceunovale.com.br\/portal\/wp-content\/uploads\/2015\/06\/coronel_pinheiro.jpg","type":"image\/jpeg"}],"author":"Aconteceu no Vale","twitter_card":"summary_large_image","twitter_creator":"@noticiadosvales","twitter_site":"@noticiadosvales","twitter_misc":{"Escrito por":"Aconteceu no Vale","Est. tempo de leitura":"2 minutos"},"schema":{"@context":"https:\/\/schema.org","@graph":[{"@type":"Article","@id":"https:\/\/aconteceunovale.com.br\/portal\/?p=61652#article","isPartOf":{"@id":"https:\/\/aconteceunovale.com.br\/portal\/?p=61652"},"author":{"name":"Aconteceu no Vale","@id":"https:\/\/aconteceunovale.com.br\/portal\/#\/schema\/person\/633529146f2c94272bef50ac2953d589"},"headline":"Coronel da PM recupera celular roubado por adolescente em Ara\u00e7ua\u00ed","datePublished":"2015-06-19T16:57:38+00:00","dateModified":"2026-09-02T15:19:54+00:00","mainEntityOfPage":{"@id":"https:\/\/aconteceunovale.com.br\/portal\/?p=61652"},"wordCount":326,"commentCount":0,"image":{"@id":"https:\/\/aconteceunovale.com.br\/portal\/?p=61652#primaryimage"},"thumbnailUrl":"https:\/\/aconteceunovale.com.br\/portal\/wp-content\/uploads\/2015\/06\/coronel_pinheiro.jpg","keywords":["Ara\u00e7ua\u00ed","Aroldo Pinheiro de Ara\u00fajo","Comandante da 15\u00aa regi\u00e3o da PM","comandante da 15\u00aa Regiao da PM em Te\u00f3filo Otoni","Coronel da PM recupera celular roubado por adolescente em Ara\u00e7ua\u00ed","Coronel da Policia Militar"],"articleSection":["Ara\u00e7ua\u00ed","Vale do Jequitinhonha"],"inLanguage":"pt-BR","potentialAction":[{"@type":"CommentAction","name":"Comment","target":["https:\/\/aconteceunovale.com.br\/portal\/?p=61652#respond"]}]},{"@type":"WebPage","@id":"https:\/\/aconteceunovale.com.br\/portal\/?p=61652","url":"https:\/\/aconteceunovale.com.br\/portal\/?p=61652","name":"Coronel da PM recupera celular roubado por adolescente em Ara\u00e7ua\u00ed - Aconteceu no Vale","isPartOf":{"@id":"https:\/\/aconteceunovale.com.br\/portal\/#website"},"primaryImageOfPage":{"@id":"https:\/\/aconteceunovale.com.br\/portal\/?p=61652#primaryimage"},"image":{"@id":"https:\/\/aconteceunovale.com.br\/portal\/?p=61652#primaryimage"},"thumbnailUrl":"https:\/\/aconteceunovale.com.br\/portal\/wp-content\/uploads\/2015\/06\/coronel_pinheiro.jpg","datePublished":"2015-06-19T16:57:38+00:00","dateModified":"2026-09-02T15:19:54+00:00","author":{"@id":"https:\/\/aconteceunovale.com.br\/portal\/#\/schema\/person\/633529146f2c94272bef50ac2953d589"},"breadcrumb":{"@id":"https:\/\/aconteceunovale.com.br\/portal\/?p=61652#breadcrumb"},"inLanguage":"pt-BR","potentialAction":[{"@type":"ReadAction","target":["https:\/\/aconteceunovale.com.br\/portal\/?p=61652"]}]},{"@type":"ImageObject","inLanguage":"pt-BR","@id":"https:\/\/aconteceunovale.com.br\/portal\/?p=61652#primaryimage","url":"https:\/\/aconteceunovale.com.br\/portal\/wp-content\/uploads\/2015\/06\/coronel_pinheiro.jpg","contentUrl":"https:\/\/aconteceunovale.com.br\/portal\/wp-content\/uploads\/2015\/06\/coronel_pinheiro.jpg","width":612,"height":436},{"@type":"BreadcrumbList","@id":"https:\/\/aconteceunovale.com.br\/portal\/?p=61652#breadcrumb","itemListElement":[{"@type":"ListItem","position":1,"name":"In\u00edcio","item":"https:\/\/aconteceunovale.com.br\/portal\/"},{"@type":"ListItem","position":2,"name":"Coronel da PM recupera celular roubado por adolescente em Ara\u00e7ua\u00ed"}]},{"@type":"WebSite","@id":"https:\/\/aconteceunovale.com.br\/portal\/#website","url":"https:\/\/aconteceunovale.com.br\/portal\/","name":"Aconteceu no Vale","description":"Portal de Not\u00edcias","potentialAction":[{"@type":"SearchAction","target":{"@type":"EntryPoint","urlTemplate":"https:\/\/aconteceunovale.com.br\/portal\/?s={search_term_string}"},"query-input":{"@type":"PropertyValueSpecification","valueRequired":true,"valueName":"search_term_string"}}],"inLanguage":"pt-BR"},{"@type":"Person","@id":"https:\/\/aconteceunovale.com.br\/portal\/#\/schema\/person\/633529146f2c94272bef50ac2953d589","name":"Aconteceu no Vale","description":"Equipe de reportagem do Aconteceu no Vale, portal de not\u00edcias do Vale do Jequitinhonha, em Minas Gerais. Cobrimos as 51 cidades do Vale desde 2013. Sugest\u00f5es de pauta e pedidos de corre\u00e7\u00e3o: contato@aconteceunovale.com.br","sameAs":["http:\/\/www.aconteceunovale.com.br"],"url":"https:\/\/aconteceunovale.com.br\/portal\/?author=1"}]}},"_links":{"self":[{"href":"https:\/\/aconteceunovale.com.br\/portal\/index.php?rest_route=\/wp\/v2\/posts\/61652","targetHints":{"allow":["GET"]}}],"collection":[{"href":"https:\/\/aconteceunovale.com.br\/portal\/index.php?rest_route=\/wp\/v2\/posts"}],"about":[{"href":"https:\/\/aconteceunovale.com.br\/portal\/index.php?rest_route=\/wp\/v2\/types\/post"}],"author":[{"embeddable":true,"href":"https:\/\/aconteceunovale.com.br\/portal\/index.php?rest_route=\/wp\/v2\/users\/1"}],"replies":[{"embeddable":true,"href":"https:\/\/aconteceunovale.com.br\/portal\/index.php?rest_route=%2Fwp%2Fv2%2Fcomments&post=61652"}],"version-history":[{"count":1,"href":"https:\/\/aconteceunovale.com.br\/portal\/index.php?rest_route=\/wp\/v2\/posts\/61652\/revisions"}],"predecessor-version":[{"id":199668,"href":"https:\/\/aconteceunovale.com.br\/portal\/index.php?rest_route=\/wp\/v2\/posts\/61652\/revisions\/199668"}],"wp:featuredmedia":[{"embeddable":true,"href":"https:\/\/aconteceunovale.com.br\/portal\/index.php?rest_route=\/wp\/v2\/media\/61653"}],"wp:attachment":[{"href":"https:\/\/aconteceunovale.com.br\/portal\/index.php?rest_route=%2Fwp%2Fv2%2Fmedia&parent=61652"}],"wp:term":[{"taxonomy":"category","embeddable":true,"href":"https:\/\/aconteceunovale.com.br\/portal\/index.php?rest_route=%2Fwp%2Fv2%2Fcategories&post=61652"},{"taxonomy":"post_tag","embeddable":true,"href":"https:\/\/aconteceunovale.com.br\/portal\/index.php?rest_route=%2Fwp%2Fv2%2Ftags&post=61652"}],"curies":[{"name":"wp","href":"https:\/\/api.w.org\/{rel}","templated":true}]}}