{"id":61585,"date":"2015-06-18T20:00:13","date_gmt":"2015-06-18T23:00:13","guid":{"rendered":"http:\/\/aconteceunovale.com.br\/portal\/?p=61585"},"modified":"2026-09-02T12:04:19","modified_gmt":"2026-09-02T15:04:19","slug":"novo-encontro-do-medio-e-baixo-jequitinhonha-sera-em-15-de-julho-em-almenara","status":"publish","type":"post","link":"https:\/\/aconteceunovale.com.br\/portal\/?p=61585","title":{"rendered":"Novo encontro do M\u00e9dio e Baixo Jequitinhonha ser\u00e1 em 15 de julho em Almenara"},"content":{"rendered":"<h4><strong><em>Ap\u00f3s participa\u00e7\u00e3o do governador, movimentos sociais, moradores e lideran\u00e7as do governo se reuniram para tirar d\u00favidas e discutir o formato dos f\u00f3runs<\/em><\/strong><\/h4>\n<p>O pr\u00f3ximo encontro do F\u00f3rum Regional de Governo \u2013 M\u00e9dio e Baixo Jequitinhonha j\u00e1 tem data para acontecer. Ser\u00e1 em Almenara, no dia 15 de julho, dia em que ser\u00e3o definidos os representantes da sociedade civil, lideran\u00e7as pol\u00edticas e representantes do governo que integrar\u00e3o o grupo de trabalho para definir as prioridades e projetos que ser\u00e3o desenvolvidos na regi\u00e3o nos pr\u00f3ximos quatro anos.<\/p>\n<p>Na tarde desta quinta-feira (18\/6), em Ara\u00e7ua\u00ed, lideran\u00e7as do Territ\u00f3rio M\u00e9dio e Baixo Jequitinhonha participaram da chamada Assembleia Geral dos F\u00f3runs, que contou com a presen\u00e7a de secret\u00e1rios de Estado e do coordenador do programa, Fernando Tadeu. Al\u00e9m de entenderem o funcionamento do projeto, eles tamb\u00e9m puderam tirar suas d\u00favidas e j\u00e1 indicaram alguns dos problemas enfrentados na regi\u00e3o. O territ\u00f3rio \u00e9 integrado por 31 munic\u00edpios, distribu\u00eddos por cinco microterrit\u00f3rios: Almenara, Ara\u00e7ua\u00ed, Itaobim, Padre Para\u00edso e Pedra Azul.<\/p>\n<p>O apicultor Geilson Miranda, de Felisburgo, disse achar importante o governo conhecer os problemas da regi\u00e3o e dar a oportunidade para que as comunidades possam falar. \u201cVai contribuir para evitar erros de prioridades, de construir coisas que n\u00e3o precis\u00e1vamos\u201d, afirmou. J\u00e1 a integrante do Centro Comunit\u00e1rio Rural do Alagadi\u00e7o em Coronel Murta, Alahete Maria Caldeira, contou que existem diversas quest\u00f5es a serem resolvidas na cidade e que necessitam ser debatidas junto ao governo estadual. \u201cProblemas com a \u00e1gua, asfalto, mais investimentos em agricultura familiar\u201d, pontuou.<\/p>\n<p>Agora, cada um dos participantes e moradores dos 31 munic\u00edpios do M\u00e9dio e Baixo Jequitinhonha \u2013 incluindo os que n\u00e3o puderam comparecer ao encontro desta quinta-feira \u2013 preencher\u00e3o formul\u00e1rios com sugest\u00f5es de a\u00e7\u00f5es a serem desenvolvidas pela gest\u00e3o do governador Fernando Pimentel. Elas ser\u00e3o divididas em eixos, como desenvolvimento produtivo, cient\u00edfico e tecnol\u00f3gico; infraestrutura e log\u00edstica; sa\u00fade e prote\u00e7\u00e3o social; seguran\u00e7a p\u00fablica e educa\u00e7\u00e3o. Ap\u00f3s isso, os pontos considerados priorit\u00e1rios ser\u00e3o inclu\u00eddos no Plano Plurianual de A\u00e7\u00f5es Governamentais (PPAG) e no Plano Mineiro de Desenvolvimento Integrado (PMDI), para assim poderem ser executados pela atual gest\u00e3o.<\/p>\n<p>Representantes da\u00a0<a href=\"http:\/\/www.planejamento.mg.gov.br\/\" target=\"_blank\">Secretaria de Estado de Planejamento e Gest\u00e3o (Seplag)<\/a>, que t\u00eam participado do processo de cria\u00e7\u00e3o dos f\u00f3runs, informaram que ser\u00e3o eleitos representantes da sociedade civil organizada e n\u00e3o-organizada, prefeitos, vereadores, integrantes dos Legislativos estadual e federal, al\u00e9m de membros dos governos estadual e federal.<\/p>\n<p>At\u00e9 agosto ser\u00e3o instalados os F\u00f3runs Regionais de Governo em todos os 17 territ\u00f3rios de Desenvolvimento. O primeiro ocorreu em Montes Claros, na semana passada. Ara\u00e7ua\u00ed foi o segundo contemplado.<\/p>\n<p>A agenda dos outros 15 F\u00f3runs ser\u00e1 disponibilizada no site\u00a0<a href=\"http:\/\/www.forunsregionais.mg.gov.br\/\" target=\"_blank\">www.forunsregionais.mg.gov.br<\/a>. O usu\u00e1rio dever\u00e1 informar o nome de sua cidade e assim ter acesso \u00e0s informa\u00e7\u00f5es sobre os grupos de trabalho de seu territ\u00f3rio. Outras informa\u00e7\u00f5es poder\u00e3o ser obtidas atrav\u00e9s do e-mail <a href=\"mailto:forunsregionais@governo.mg.gov.br\">forunsregionais@governo.mg.gov.br<\/a>.<\/p>\n<p><img decoding=\"async\" src=\"http:\/\/aconteceunovale.com.br\/portal\/wp-content\/uploads\/2015\/06\/territorio_medio_jequi.jpg\" alt=\"\" \/><\/p>\n","protected":false},"excerpt":{"rendered":"<p>Ap\u00f3s participa\u00e7\u00e3o do governador, movimentos sociais, moradores e lideran\u00e7as do governo se reuniram para tirar d\u00favidas e discutir o formato dos f\u00f3runs O pr\u00f3ximo encontro do F\u00f3rum Regional de Governo \u2013 M\u00e9dio e Baixo Jequitinhonha j\u00e1 tem data para acontecer. Ser\u00e1 em Almenara, no dia 15 de julho, dia em que ser\u00e3o definidos os representantes [&hellip;]<\/p>\n","protected":false},"author":1,"featured_media":61587,"comment_status":"open","ping_status":"closed","sticky":false,"template":"","format":"standard","meta":{"amp_status":"","footnotes":""},"categories":[272528,120],"tags":[48882,142,186,48881,136,48879,48880,391,48883,572,455,48878],"class_list":["post-61585","post","type-post","status-publish","format-standard","has-post-thumbnail","hentry","category-almenara","category-jequi","tag-alahete-maria-caldeira","tag-almenara","tag-aracuai","tag-centro-comunitario-rural-do-alagadico-em-coronel-murta","tag-felisburgo","tag-forum-regional-de-governo-medio-e-baixo-jequitinhonha","tag-geilson-miranda","tag-itaobim","tag-novo-encontro-do-medio-e-baixo-jequitinhonha-sera-em-15-de-julho-em-almenara","tag-padre-paraiso","tag-pedra-azul","tag-territorio-medio-e-baixo-jequitinhonha"],"yoast_head":"<!-- This site is optimized with the Yoast SEO plugin v28.3 - https:\/\/yoast.com\/product\/yoast-seo-wordpress\/ -->\n<title>Novo encontro do M\u00e9dio e Baixo Jequitinhonha ser\u00e1 em 15 de julho em Almenara - Aconteceu no Vale<\/title>\n<meta name=\"robots\" content=\"index, follow, max-snippet:-1, max-image-preview:large, max-video-preview:-1\" \/>\n<link rel=\"canonical\" href=\"https:\/\/aconteceunovale.com.br\/portal\/?p=61585\" \/>\n<meta property=\"og:locale\" content=\"pt_BR\" \/>\n<meta property=\"og:type\" content=\"article\" \/>\n<meta property=\"og:title\" content=\"Novo encontro do M\u00e9dio e Baixo Jequitinhonha ser\u00e1 em 15 de julho em Almenara - Aconteceu no Vale\" \/>\n<meta property=\"og:description\" content=\"Ap\u00f3s participa\u00e7\u00e3o do governador, movimentos sociais, moradores e lideran\u00e7as do governo se reuniram para tirar d\u00favidas e discutir o formato dos f\u00f3runs O pr\u00f3ximo encontro do F\u00f3rum Regional de Governo \u2013 M\u00e9dio e Baixo Jequitinhonha j\u00e1 tem data para acontecer. Ser\u00e1 em Almenara, no dia 15 de julho, dia em que ser\u00e3o definidos os representantes [&hellip;]\" \/>\n<meta property=\"og:url\" content=\"https:\/\/aconteceunovale.com.br\/portal\/?p=61585\" \/>\n<meta property=\"og:site_name\" content=\"Aconteceu no Vale\" \/>\n<meta property=\"article:publisher\" content=\"https:\/\/www.facebook.com\/aconteceunovale\/\" \/>\n<meta property=\"article:published_time\" content=\"2015-06-18T23:00:13+00:00\" \/>\n<meta property=\"article:modified_time\" content=\"2026-09-02T15:04:19+00:00\" \/>\n<meta property=\"og:image\" content=\"https:\/\/aconteceunovale.com.br\/portal\/wp-content\/uploads\/2015\/06\/territorio_medio_jequi.jpg\" \/>\n\t<meta property=\"og:image:width\" content=\"633\" \/>\n\t<meta property=\"og:image:height\" content=\"450\" \/>\n\t<meta property=\"og:image:type\" content=\"image\/jpeg\" \/>\n<meta name=\"author\" content=\"Aconteceu no Vale\" \/>\n<meta name=\"twitter:card\" content=\"summary_large_image\" \/>\n<meta name=\"twitter:creator\" content=\"@noticiadosvales\" \/>\n<meta name=\"twitter:site\" content=\"@noticiadosvales\" \/>\n<meta name=\"twitter:label1\" content=\"Escrito por\" \/>\n\t<meta name=\"twitter:data1\" content=\"Aconteceu no Vale\" \/>\n\t<meta name=\"twitter:label2\" content=\"Est. tempo de leitura\" \/>\n\t<meta name=\"twitter:data2\" content=\"3 minutos\" \/>\n<script type=\"application\/ld+json\" class=\"yoast-schema-graph\">{\"@context\":\"https:\\\/\\\/schema.org\",\"@graph\":[{\"@type\":\"Article\",\"@id\":\"https:\\\/\\\/aconteceunovale.com.br\\\/portal\\\/?p=61585#article\",\"isPartOf\":{\"@id\":\"https:\\\/\\\/aconteceunovale.com.br\\\/portal\\\/?p=61585\"},\"author\":{\"name\":\"Aconteceu no Vale\",\"@id\":\"https:\\\/\\\/aconteceunovale.com.br\\\/portal\\\/#\\\/schema\\\/person\\\/633529146f2c94272bef50ac2953d589\"},\"headline\":\"Novo encontro do M\u00e9dio e Baixo Jequitinhonha ser\u00e1 em 15 de julho em Almenara\",\"datePublished\":\"2015-06-18T23:00:13+00:00\",\"dateModified\":\"2026-09-02T15:04:19+00:00\",\"mainEntityOfPage\":{\"@id\":\"https:\\\/\\\/aconteceunovale.com.br\\\/portal\\\/?p=61585\"},\"wordCount\":553,\"commentCount\":1,\"image\":{\"@id\":\"https:\\\/\\\/aconteceunovale.com.br\\\/portal\\\/?p=61585#primaryimage\"},\"thumbnailUrl\":\"https:\\\/\\\/aconteceunovale.com.br\\\/portal\\\/wp-content\\\/uploads\\\/2015\\\/06\\\/territorio_medio_jequi.jpg\",\"keywords\":[\"Alahete Maria Caldeira\",\"Almenara\",\"Ara\u00e7ua\u00ed\",\"Centro Comunit\u00e1rio Rural do Alagadi\u00e7o em Coronel Murta\",\"Felisburgo\",\"F\u00f3rum Regional de Governo \u2013 M\u00e9dio e Baixo Jequitinhonha\",\"Geilson Miranda\",\"Itaobim\",\"Novo encontro do M\u00e9dio e Baixo Jequitinhonha ser\u00e1 em 15 de julho em Almenara\",\"Padre Para\u00edso\",\"Pedra Azul\",\"Territ\u00f3rio M\u00e9dio e Baixo Jequitinhonha\"],\"articleSection\":[\"Almenara\",\"Vale do Jequitinhonha\"],\"inLanguage\":\"pt-BR\",\"potentialAction\":[{\"@type\":\"CommentAction\",\"name\":\"Comment\",\"target\":[\"https:\\\/\\\/aconteceunovale.com.br\\\/portal\\\/?p=61585#respond\"]}]},{\"@type\":\"WebPage\",\"@id\":\"https:\\\/\\\/aconteceunovale.com.br\\\/portal\\\/?p=61585\",\"url\":\"https:\\\/\\\/aconteceunovale.com.br\\\/portal\\\/?p=61585\",\"name\":\"Novo encontro do M\u00e9dio e Baixo Jequitinhonha ser\u00e1 em 15 de julho em Almenara - Aconteceu no Vale\",\"isPartOf\":{\"@id\":\"https:\\\/\\\/aconteceunovale.com.br\\\/portal\\\/#website\"},\"primaryImageOfPage\":{\"@id\":\"https:\\\/\\\/aconteceunovale.com.br\\\/portal\\\/?p=61585#primaryimage\"},\"image\":{\"@id\":\"https:\\\/\\\/aconteceunovale.com.br\\\/portal\\\/?p=61585#primaryimage\"},\"thumbnailUrl\":\"https:\\\/\\\/aconteceunovale.com.br\\\/portal\\\/wp-content\\\/uploads\\\/2015\\\/06\\\/territorio_medio_jequi.jpg\",\"datePublished\":\"2015-06-18T23:00:13+00:00\",\"dateModified\":\"2026-09-02T15:04:19+00:00\",\"author\":{\"@id\":\"https:\\\/\\\/aconteceunovale.com.br\\\/portal\\\/#\\\/schema\\\/person\\\/633529146f2c94272bef50ac2953d589\"},\"breadcrumb\":{\"@id\":\"https:\\\/\\\/aconteceunovale.com.br\\\/portal\\\/?p=61585#breadcrumb\"},\"inLanguage\":\"pt-BR\",\"potentialAction\":[{\"@type\":\"ReadAction\",\"target\":[\"https:\\\/\\\/aconteceunovale.com.br\\\/portal\\\/?p=61585\"]}]},{\"@type\":\"ImageObject\",\"inLanguage\":\"pt-BR\",\"@id\":\"https:\\\/\\\/aconteceunovale.com.br\\\/portal\\\/?p=61585#primaryimage\",\"url\":\"https:\\\/\\\/aconteceunovale.com.br\\\/portal\\\/wp-content\\\/uploads\\\/2015\\\/06\\\/territorio_medio_jequi.jpg\",\"contentUrl\":\"https:\\\/\\\/aconteceunovale.com.br\\\/portal\\\/wp-content\\\/uploads\\\/2015\\\/06\\\/territorio_medio_jequi.jpg\",\"width\":633,\"height\":450},{\"@type\":\"BreadcrumbList\",\"@id\":\"https:\\\/\\\/aconteceunovale.com.br\\\/portal\\\/?p=61585#breadcrumb\",\"itemListElement\":[{\"@type\":\"ListItem\",\"position\":1,\"name\":\"In\u00edcio\",\"item\":\"https:\\\/\\\/aconteceunovale.com.br\\\/portal\\\/\"},{\"@type\":\"ListItem\",\"position\":2,\"name\":\"Novo encontro do M\u00e9dio e Baixo Jequitinhonha ser\u00e1 em 15 de julho em Almenara\"}]},{\"@type\":\"WebSite\",\"@id\":\"https:\\\/\\\/aconteceunovale.com.br\\\/portal\\\/#website\",\"url\":\"https:\\\/\\\/aconteceunovale.com.br\\\/portal\\\/\",\"name\":\"Aconteceu no Vale\",\"description\":\"Portal de Not\u00edcias\",\"potentialAction\":[{\"@type\":\"SearchAction\",\"target\":{\"@type\":\"EntryPoint\",\"urlTemplate\":\"https:\\\/\\\/aconteceunovale.com.br\\\/portal\\\/?s={search_term_string}\"},\"query-input\":{\"@type\":\"PropertyValueSpecification\",\"valueRequired\":true,\"valueName\":\"search_term_string\"}}],\"inLanguage\":\"pt-BR\"},{\"@type\":\"Person\",\"@id\":\"https:\\\/\\\/aconteceunovale.com.br\\\/portal\\\/#\\\/schema\\\/person\\\/633529146f2c94272bef50ac2953d589\",\"name\":\"Aconteceu no Vale\",\"description\":\"Equipe de reportagem do Aconteceu no Vale, portal de not\u00edcias do Vale do Jequitinhonha, em Minas Gerais. Cobrimos as 51 cidades do Vale desde 2013. Sugest\u00f5es de pauta e pedidos de corre\u00e7\u00e3o: contato@aconteceunovale.com.br\",\"sameAs\":[\"http:\\\/\\\/www.aconteceunovale.com.br\"],\"url\":\"https:\\\/\\\/aconteceunovale.com.br\\\/portal\\\/?author=1\"}]}<\/script>\n<!-- \/ Yoast SEO plugin. -->","yoast_head_json":{"title":"Novo encontro do M\u00e9dio e Baixo Jequitinhonha ser\u00e1 em 15 de julho em Almenara - Aconteceu no Vale","robots":{"index":"index","follow":"follow","max-snippet":"max-snippet:-1","max-image-preview":"max-image-preview:large","max-video-preview":"max-video-preview:-1"},"canonical":"https:\/\/aconteceunovale.com.br\/portal\/?p=61585","og_locale":"pt_BR","og_type":"article","og_title":"Novo encontro do M\u00e9dio e Baixo Jequitinhonha ser\u00e1 em 15 de julho em Almenara - Aconteceu no Vale","og_description":"Ap\u00f3s participa\u00e7\u00e3o do governador, movimentos sociais, moradores e lideran\u00e7as do governo se reuniram para tirar d\u00favidas e discutir o formato dos f\u00f3runs O pr\u00f3ximo encontro do F\u00f3rum Regional de Governo \u2013 M\u00e9dio e Baixo Jequitinhonha j\u00e1 tem data para acontecer. Ser\u00e1 em Almenara, no dia 15 de julho, dia em que ser\u00e3o definidos os representantes [&hellip;]","og_url":"https:\/\/aconteceunovale.com.br\/portal\/?p=61585","og_site_name":"Aconteceu no Vale","article_publisher":"https:\/\/www.facebook.com\/aconteceunovale\/","article_published_time":"2015-06-18T23:00:13+00:00","article_modified_time":"2026-09-02T15:04:19+00:00","og_image":[{"width":633,"height":450,"url":"https:\/\/aconteceunovale.com.br\/portal\/wp-content\/uploads\/2015\/06\/territorio_medio_jequi.jpg","type":"image\/jpeg"}],"author":"Aconteceu no Vale","twitter_card":"summary_large_image","twitter_creator":"@noticiadosvales","twitter_site":"@noticiadosvales","twitter_misc":{"Escrito por":"Aconteceu no Vale","Est. tempo de leitura":"3 minutos"},"schema":{"@context":"https:\/\/schema.org","@graph":[{"@type":"Article","@id":"https:\/\/aconteceunovale.com.br\/portal\/?p=61585#article","isPartOf":{"@id":"https:\/\/aconteceunovale.com.br\/portal\/?p=61585"},"author":{"name":"Aconteceu no Vale","@id":"https:\/\/aconteceunovale.com.br\/portal\/#\/schema\/person\/633529146f2c94272bef50ac2953d589"},"headline":"Novo encontro do M\u00e9dio e Baixo Jequitinhonha ser\u00e1 em 15 de julho em Almenara","datePublished":"2015-06-18T23:00:13+00:00","dateModified":"2026-09-02T15:04:19+00:00","mainEntityOfPage":{"@id":"https:\/\/aconteceunovale.com.br\/portal\/?p=61585"},"wordCount":553,"commentCount":1,"image":{"@id":"https:\/\/aconteceunovale.com.br\/portal\/?p=61585#primaryimage"},"thumbnailUrl":"https:\/\/aconteceunovale.com.br\/portal\/wp-content\/uploads\/2015\/06\/territorio_medio_jequi.jpg","keywords":["Alahete Maria Caldeira","Almenara","Ara\u00e7ua\u00ed","Centro Comunit\u00e1rio Rural do Alagadi\u00e7o em Coronel Murta","Felisburgo","F\u00f3rum Regional de Governo \u2013 M\u00e9dio e Baixo Jequitinhonha","Geilson Miranda","Itaobim","Novo encontro do M\u00e9dio e Baixo Jequitinhonha ser\u00e1 em 15 de julho em Almenara","Padre Para\u00edso","Pedra Azul","Territ\u00f3rio M\u00e9dio e Baixo Jequitinhonha"],"articleSection":["Almenara","Vale do Jequitinhonha"],"inLanguage":"pt-BR","potentialAction":[{"@type":"CommentAction","name":"Comment","target":["https:\/\/aconteceunovale.com.br\/portal\/?p=61585#respond"]}]},{"@type":"WebPage","@id":"https:\/\/aconteceunovale.com.br\/portal\/?p=61585","url":"https:\/\/aconteceunovale.com.br\/portal\/?p=61585","name":"Novo encontro do M\u00e9dio e Baixo Jequitinhonha ser\u00e1 em 15 de julho em Almenara - Aconteceu no Vale","isPartOf":{"@id":"https:\/\/aconteceunovale.com.br\/portal\/#website"},"primaryImageOfPage":{"@id":"https:\/\/aconteceunovale.com.br\/portal\/?p=61585#primaryimage"},"image":{"@id":"https:\/\/aconteceunovale.com.br\/portal\/?p=61585#primaryimage"},"thumbnailUrl":"https:\/\/aconteceunovale.com.br\/portal\/wp-content\/uploads\/2015\/06\/territorio_medio_jequi.jpg","datePublished":"2015-06-18T23:00:13+00:00","dateModified":"2026-09-02T15:04:19+00:00","author":{"@id":"https:\/\/aconteceunovale.com.br\/portal\/#\/schema\/person\/633529146f2c94272bef50ac2953d589"},"breadcrumb":{"@id":"https:\/\/aconteceunovale.com.br\/portal\/?p=61585#breadcrumb"},"inLanguage":"pt-BR","potentialAction":[{"@type":"ReadAction","target":["https:\/\/aconteceunovale.com.br\/portal\/?p=61585"]}]},{"@type":"ImageObject","inLanguage":"pt-BR","@id":"https:\/\/aconteceunovale.com.br\/portal\/?p=61585#primaryimage","url":"https:\/\/aconteceunovale.com.br\/portal\/wp-content\/uploads\/2015\/06\/territorio_medio_jequi.jpg","contentUrl":"https:\/\/aconteceunovale.com.br\/portal\/wp-content\/uploads\/2015\/06\/territorio_medio_jequi.jpg","width":633,"height":450},{"@type":"BreadcrumbList","@id":"https:\/\/aconteceunovale.com.br\/portal\/?p=61585#breadcrumb","itemListElement":[{"@type":"ListItem","position":1,"name":"In\u00edcio","item":"https:\/\/aconteceunovale.com.br\/portal\/"},{"@type":"ListItem","position":2,"name":"Novo encontro do M\u00e9dio e Baixo Jequitinhonha ser\u00e1 em 15 de julho em Almenara"}]},{"@type":"WebSite","@id":"https:\/\/aconteceunovale.com.br\/portal\/#website","url":"https:\/\/aconteceunovale.com.br\/portal\/","name":"Aconteceu no Vale","description":"Portal de Not\u00edcias","potentialAction":[{"@type":"SearchAction","target":{"@type":"EntryPoint","urlTemplate":"https:\/\/aconteceunovale.com.br\/portal\/?s={search_term_string}"},"query-input":{"@type":"PropertyValueSpecification","valueRequired":true,"valueName":"search_term_string"}}],"inLanguage":"pt-BR"},{"@type":"Person","@id":"https:\/\/aconteceunovale.com.br\/portal\/#\/schema\/person\/633529146f2c94272bef50ac2953d589","name":"Aconteceu no Vale","description":"Equipe de reportagem do Aconteceu no Vale, portal de not\u00edcias do Vale do Jequitinhonha, em Minas Gerais. Cobrimos as 51 cidades do Vale desde 2013. Sugest\u00f5es de pauta e pedidos de corre\u00e7\u00e3o: contato@aconteceunovale.com.br","sameAs":["http:\/\/www.aconteceunovale.com.br"],"url":"https:\/\/aconteceunovale.com.br\/portal\/?author=1"}]}},"_links":{"self":[{"href":"https:\/\/aconteceunovale.com.br\/portal\/index.php?rest_route=\/wp\/v2\/posts\/61585","targetHints":{"allow":["GET"]}}],"collection":[{"href":"https:\/\/aconteceunovale.com.br\/portal\/index.php?rest_route=\/wp\/v2\/posts"}],"about":[{"href":"https:\/\/aconteceunovale.com.br\/portal\/index.php?rest_route=\/wp\/v2\/types\/post"}],"author":[{"embeddable":true,"href":"https:\/\/aconteceunovale.com.br\/portal\/index.php?rest_route=\/wp\/v2\/users\/1"}],"replies":[{"embeddable":true,"href":"https:\/\/aconteceunovale.com.br\/portal\/index.php?rest_route=%2Fwp%2Fv2%2Fcomments&post=61585"}],"version-history":[{"count":1,"href":"https:\/\/aconteceunovale.com.br\/portal\/index.php?rest_route=\/wp\/v2\/posts\/61585\/revisions"}],"predecessor-version":[{"id":199131,"href":"https:\/\/aconteceunovale.com.br\/portal\/index.php?rest_route=\/wp\/v2\/posts\/61585\/revisions\/199131"}],"wp:featuredmedia":[{"embeddable":true,"href":"https:\/\/aconteceunovale.com.br\/portal\/index.php?rest_route=\/wp\/v2\/media\/61587"}],"wp:attachment":[{"href":"https:\/\/aconteceunovale.com.br\/portal\/index.php?rest_route=%2Fwp%2Fv2%2Fmedia&parent=61585"}],"wp:term":[{"taxonomy":"category","embeddable":true,"href":"https:\/\/aconteceunovale.com.br\/portal\/index.php?rest_route=%2Fwp%2Fv2%2Fcategories&post=61585"},{"taxonomy":"post_tag","embeddable":true,"href":"https:\/\/aconteceunovale.com.br\/portal\/index.php?rest_route=%2Fwp%2Fv2%2Ftags&post=61585"}],"curies":[{"name":"wp","href":"https:\/\/api.w.org\/{rel}","templated":true}]}}