{"id":61580,"date":"2015-06-18T19:44:22","date_gmt":"2015-06-18T22:44:22","guid":{"rendered":"http:\/\/aconteceunovale.com.br\/portal\/?p=61580"},"modified":"2026-09-02T12:19:55","modified_gmt":"2026-09-02T15:19:55","slug":"governador-instala-forum-regional-do-medio-e-baixo-jequitinhonha-em-aracuai","status":"publish","type":"post","link":"https:\/\/aconteceunovale.com.br\/portal\/?p=61580","title":{"rendered":"Governador instala F\u00f3rum Regional do M\u00e9dio e Baixo Jequitinhonha em Ara\u00e7ua\u00ed"},"content":{"rendered":"<h4><strong><em>Evento para cria\u00e7\u00e3o do grupo de trabalho do Territ\u00f3rio M\u00e9dio e Baixo Jequitinhonha contou com a participa\u00e7\u00e3o de mais de mil pessoas.<\/em><\/strong><\/h4>\n<p>O governador de Minas Gerais, Fernando Pimentel, afirmou nesta quinta-feira (18\/6) durante a abertura do F\u00f3rum Regional de Governo no Territ\u00f3rio M\u00e9dio e Baixo Jequitinhonha, em Ara\u00e7ua\u00ed, ser agora a vez de um novo modelo de gest\u00e3o no Estado, ouvindo e dialogando com a sociedade para buscar as melhores solu\u00e7\u00f5es para a popula\u00e7\u00e3o.<\/p>\n<p>\u201cIsso n\u00e3o \u00e9 perda de tempo, n\u00e3o \u00e9 ineficiente. \u00c9 nosso jeito de governar Minas Gerais. \u00c9 isso que provoca indigna\u00e7\u00e3o, revolta e cr\u00edticas do lado deles. Eles ficaram 12 anos no governo e n\u00f3s sabemos o resultado. Agora, deem licen\u00e7a. \u00c9 nossa vez de governar\u201d, declarou, para uma plateia com mais de mil pessoas, entre representantes de movimentos sociais, lideran\u00e7as pol\u00edticas e secret\u00e1rios de Estado.<\/p>\n<p>O Territ\u00f3rio de Desenvolvimento do M\u00e9dio e Baixo Jequitinhonha \u00e9 integrado por 31 munic\u00edpios, distribu\u00eddos por cinco microterrit\u00f3rios: Almenara, Ara\u00e7ua\u00ed, Itaobim, Padre Para\u00edso e Pedra Azul. O objetivo, como destacou o governador, \u00e9 oficializar a participa\u00e7\u00e3o popular na elabora\u00e7\u00e3o, execu\u00e7\u00e3o e avalia\u00e7\u00e3o de pol\u00edticas p\u00fablicas regionalizadas. A popula\u00e7\u00e3o de cada territ\u00f3rio ser\u00e1 convidada periodicamente a participar de reuni\u00f5es para elencar problemas \u2013 que, por sua vez, ser\u00e3o inclu\u00eddos no Plano Plurianual de A\u00e7\u00f5es Governamentais (PPAG) e no Plano Mineiro de Desenvolvimento Integrado (PMDI).<\/p>\n<p>Fernando Pimentel ressaltou que, sem ouvir a vontade da popula\u00e7\u00e3o, \u201cn\u00e3o \u00e9 poss\u00edvel governar bem\u201d. \u201cLevamos cinco meses tentando arrumar a casa, mas n\u00f3s come\u00e7amos. O carro come\u00e7ou a andar. \u00c0s vezes engasga, mas est\u00e1 andando. O Estado est\u00e1 numa situa\u00e7\u00e3o muito dif\u00edcil do ponto de vista financeiro. Temos de ter a humildade de chegar para as pessoas, discutir com elas e definir as prioridades. N\u00e3o tem dinheiro para fazer tudo\u201d, disse o governador.<\/p>\n<p>Ap\u00f3s ouvir relatos de problemas relacionados \u00e0 crise h\u00eddrica, obras e seguran\u00e7a p\u00fablica em Ara\u00e7ua\u00ed e regi\u00e3o, o governador disse que algumas queixas j\u00e1 est\u00e3o claras e dever\u00e3o ser solucionadas. \u201cPrimeiro, o problema de Medina. N\u00e3o pode faltar \u00e1gua em Medina. A seguran\u00e7a tamb\u00e9m \u00e9 um absurdo na regi\u00e3o. Tem de ter delegado em Ara\u00e7ua\u00ed. Vamos designar um. \u00c9 dif\u00edcil resolver tudo de uma vez s\u00f3. O importante \u00e9 termos o entendimento de chegar perto, de ter humildade de escutar as pessoas\u201d, completou Pimentel, que tamb\u00e9m agradeceu a presen\u00e7a de um p\u00fablico expressivo durante o evento.  \u201cNunca antes na hist\u00f3ria Ara\u00e7ua\u00ed teve tantas autoridades juntas\u201d, brincou.<\/p>\n<p>O governador tamb\u00e9m fez quest\u00e3o de citar algumas das \u00faltimas provid\u00eancias tomadas pelo governo para melhorar a situa\u00e7\u00e3o do Estado neste primeiro semestre de administra\u00e7\u00e3o. Entre outras, Pimentel destacou o pagamento de quase toda a d\u00edvida em obras deixadas pela gest\u00e3o passada. \u201cS\u00e3o cerca de R$ 500 milh\u00f5es e 90% est\u00e3o pagos. Agora vamos come\u00e7ar a dar ordens de servi\u00e7o para retomar obras que est\u00e3o paradas. Vamos priorizar as que s\u00e3o mais importantes em cada regi\u00e3o. Vamos discutir com voc\u00eas\u201d, salientou.<\/p>\n<p>Durante a sua fala, o secret\u00e1rio de Estado de Governo, Odair Cunha, destacou que a participa\u00e7\u00e3o popular ser\u00e1 uma pol\u00edtica p\u00fablica durante a gest\u00e3o de Pimentel. \u201cVamos fazer com que as decis\u00f5es pol\u00edticas n\u00e3o sejam tomadas pura e simplesmente com n\u00fameros e estat\u00edsticas na Cidade Administrativa\u201d, afirmou.<\/p>\n<p><strong>Apoios<\/strong><\/p>\n<p>O prefeito de Ara\u00e7ua\u00ed, Armando Paix\u00e3o, agradeceu a presen\u00e7a do governador e destacou que a instala\u00e7\u00e3o do f\u00f3rum representa a possibilidade do Vale do Jequitinhonha ser ouvido. \u201cVamos nos reunir e definir nossas prioridades. Mas a \u00e1gua \u00e9 a quest\u00e3o principal. Se tivermos \u00e1gua, teremos oportunidades, traremos emprego e renda para c\u00e1\u201d, disse.           <\/p>\n<p>Coordenadora Regional do Movimento dos Atingidos por Barragens (MAB), Aline Aparecida Gomes acredita que a instala\u00e7\u00e3o dos F\u00f3runs aponta para uma nova postura do Governo de Minas Gerais, num momento em que os mineiros e as mineiras \u201cest\u00e3o esperan\u00e7osos pela participa\u00e7\u00e3o e instala\u00e7\u00e3o de verdade da democracia\u201d.<\/p>\n<p>\u201c\u00c9 bom saber que o Vale vai poder apresentar, al\u00e9m das demandas, as nossas riquezas culturais. N\u00f3s, do Vale do Jequitinhonha, viemos num processo hist\u00f3rico de organiza\u00e7\u00e3o popular. \u00c9 de fundamental import\u00e2ncia a participa\u00e7\u00e3o dos mineiros no processo de constru\u00e7\u00e3o pol\u00edtica no Estado, por este sempre ter negado o direito \u00e0 participa\u00e7\u00e3o popular\u201d, ressaltou.<\/p>\n<p>Representando a Assembleia Legislativa de Minas Gerais, o deputado estadual Jean Freire, que \u00e9 da regi\u00e3o, fez quest\u00e3o de destacar que o Vale do Jequitinhonha \u201cn\u00e3o \u00e9 a regi\u00e3o da mis\u00e9ria e, sim, a regi\u00e3o da falta de oportunidades\u201d. \u201cAcredito que para um governo dar certo \u00e9 preciso um trip\u00e9, formado por um Poder Executivo que ouve as pessoas &#8211; e que agora n\u00f3s temos -, representa\u00e7\u00e3o no Legislativo e, por fim, o povo, os movimentos sociais, o que teremos nesses F\u00f3runs\u201d, finalizou.<\/p>\n<p>Tamb\u00e9m participaram da solenidade de instala\u00e7\u00e3o do F\u00f3rum Regional de Governo \u2013 Territ\u00f3rio M\u00e9dio e Baixo Jequitinhonha o vice-governador Ant\u00f4nio Andrade, 10 secret\u00e1rios de Estado, deputados, prefeitos e l\u00edderes de diferentes movimentos sociais da regi\u00e3o.<\/p>\n<p>O presidente da Companhia Energ\u00e9tica de Minas Gerais (Cemig), Mauro Borges, liberou R$ 38,4 milh\u00f5es para obras de subesta\u00e7\u00e3o de Rio do Prado e linha de distribui\u00e7\u00e3o de Jequitinhonha a Rio do Prado.  Ele assinou, ainda, conv\u00eanio de coopera\u00e7\u00e3o entre a Cemig e o munic\u00edpio de Jequitinhonha para a realiza\u00e7\u00e3o de diagn\u00f3sticos ambientais. <\/p>\n<p><img decoding=\"async\" src=\"http:\/\/aconteceunovale.com.br\/portal\/wp-content\/uploads\/2015\/06\/territorio_jequi_1.jpg\" alt=\"\" \/><em>Pimentel participou do lan\u00e7amento do f\u00f3rum na cidade de Ara\u00e7ua\u00ed &#8211; Foto: Omar Freire\/Imprensa MG<\/em><br \/>\n<\/br><\/p>\n<p><img decoding=\"async\" src=\"http:\/\/aconteceunovale.com.br\/portal\/wp-content\/uploads\/2015\/06\/territorio_jequi_2.jpg\" alt=\"\" \/><em>Pimentel participou do lan\u00e7amento do f\u00f3rum na cidade de Ara\u00e7ua\u00ed &#8211; Foto: Omar Freire\/Imprensa MG<\/em><br \/>\n<\/br><\/p>\n<p><img decoding=\"async\" src=\"http:\/\/aconteceunovale.com.br\/portal\/wp-content\/uploads\/2015\/06\/territorio_jequi_3.jpg\" alt=\"\" \/><em>Pimentel participou do lan\u00e7amento do f\u00f3rum na cidade de Ara\u00e7ua\u00ed &#8211; Foto: Omar Freire\/Imprensa MG<\/em><br \/>\n<\/br><\/p>\n<p><em>(Fonte: Ag\u00eancia Minas)<\/em><\/p>\n","protected":false},"excerpt":{"rendered":"<p>Evento para cria\u00e7\u00e3o do grupo de trabalho do Territ\u00f3rio M\u00e9dio e Baixo Jequitinhonha contou com a participa\u00e7\u00e3o de mais de mil pessoas. O governador de Minas Gerais, Fernando Pimentel, afirmou nesta quinta-feira (18\/6) durante a abertura do F\u00f3rum Regional de Governo no Territ\u00f3rio M\u00e9dio e Baixo Jequitinhonha, em Ara\u00e7ua\u00ed, ser agora a vez de um [&hellip;]<\/p>\n","protected":false},"author":1,"featured_media":61581,"comment_status":"open","ping_status":"closed","sticky":false,"template":"","format":"standard","meta":{"amp_status":"","footnotes":""},"categories":[272530,120],"tags":[48874,48876,142,186,1385,48877,12826,48875,48873,17334,48872,391,389,572,455,42982,48878],"class_list":["post-61580","post","type-post","status-publish","format-standard","has-post-thumbnail","hentry","category-aracuai","category-jequi","tag-abertura-do-forum-regional-de-governo-no-territorio-medio-e-baixo-jequitinhonha","tag-aline-aparecida-gomes","tag-almenara","tag-aracuai","tag-armando-paixao","tag-coordenadora-regional-do-movimento-dos-atingidos-por-barragens","tag-fernando-pimentel","tag-forum-regional-de-governo-no-territorio-medio-e-baixo-jequitinhonha","tag-forum-regional-do-medio-e-baixo-jequitinhonha","tag-governador-de-minas-gerais","tag-governador-instala-forum-regional-do-medio-e-baixo-jequitinhonha-em-aracuai","tag-itaobim","tag-medina","tag-padre-paraiso","tag-pedra-azul","tag-prefeito-de-aracuai","tag-territorio-medio-e-baixo-jequitinhonha"],"yoast_head":"<!-- This site is optimized with the Yoast SEO plugin v28.3 - https:\/\/yoast.com\/product\/yoast-seo-wordpress\/ -->\n<title>Governador instala F\u00f3rum Regional do M\u00e9dio e Baixo Jequitinhonha em Ara\u00e7ua\u00ed - Aconteceu no Vale<\/title>\n<meta name=\"robots\" content=\"index, follow, max-snippet:-1, max-image-preview:large, max-video-preview:-1\" \/>\n<link rel=\"canonical\" href=\"https:\/\/aconteceunovale.com.br\/portal\/?p=61580\" \/>\n<meta property=\"og:locale\" content=\"pt_BR\" \/>\n<meta property=\"og:type\" content=\"article\" \/>\n<meta property=\"og:title\" content=\"Governador instala F\u00f3rum Regional do M\u00e9dio e Baixo Jequitinhonha em Ara\u00e7ua\u00ed - Aconteceu no Vale\" \/>\n<meta property=\"og:description\" content=\"Evento para cria\u00e7\u00e3o do grupo de trabalho do Territ\u00f3rio M\u00e9dio e Baixo Jequitinhonha contou com a participa\u00e7\u00e3o de mais de mil pessoas. O governador de Minas Gerais, Fernando Pimentel, afirmou nesta quinta-feira (18\/6) durante a abertura do F\u00f3rum Regional de Governo no Territ\u00f3rio M\u00e9dio e Baixo Jequitinhonha, em Ara\u00e7ua\u00ed, ser agora a vez de um [&hellip;]\" \/>\n<meta property=\"og:url\" content=\"https:\/\/aconteceunovale.com.br\/portal\/?p=61580\" \/>\n<meta property=\"og:site_name\" content=\"Aconteceu no Vale\" \/>\n<meta property=\"article:publisher\" content=\"https:\/\/www.facebook.com\/aconteceunovale\/\" \/>\n<meta property=\"article:published_time\" content=\"2015-06-18T22:44:22+00:00\" \/>\n<meta property=\"article:modified_time\" content=\"2026-09-02T15:19:55+00:00\" \/>\n<meta property=\"og:image\" content=\"https:\/\/aconteceunovale.com.br\/portal\/wp-content\/uploads\/2015\/06\/territorio_jequi_1.jpg\" \/>\n\t<meta property=\"og:image:width\" content=\"675\" \/>\n\t<meta property=\"og:image:height\" content=\"450\" \/>\n\t<meta property=\"og:image:type\" content=\"image\/jpeg\" \/>\n<meta name=\"author\" content=\"Aconteceu no Vale\" \/>\n<meta name=\"twitter:card\" content=\"summary_large_image\" \/>\n<meta name=\"twitter:creator\" content=\"@noticiadosvales\" \/>\n<meta name=\"twitter:site\" content=\"@noticiadosvales\" \/>\n<meta name=\"twitter:label1\" content=\"Escrito por\" \/>\n\t<meta name=\"twitter:data1\" content=\"Aconteceu no Vale\" \/>\n\t<meta name=\"twitter:label2\" content=\"Est. tempo de leitura\" \/>\n\t<meta name=\"twitter:data2\" content=\"5 minutos\" \/>\n<script type=\"application\/ld+json\" class=\"yoast-schema-graph\">{\"@context\":\"https:\\\/\\\/schema.org\",\"@graph\":[{\"@type\":\"Article\",\"@id\":\"https:\\\/\\\/aconteceunovale.com.br\\\/portal\\\/?p=61580#article\",\"isPartOf\":{\"@id\":\"https:\\\/\\\/aconteceunovale.com.br\\\/portal\\\/?p=61580\"},\"author\":{\"name\":\"Aconteceu no Vale\",\"@id\":\"https:\\\/\\\/aconteceunovale.com.br\\\/portal\\\/#\\\/schema\\\/person\\\/633529146f2c94272bef50ac2953d589\"},\"headline\":\"Governador instala F\u00f3rum Regional do M\u00e9dio e Baixo Jequitinhonha em Ara\u00e7ua\u00ed\",\"datePublished\":\"2015-06-18T22:44:22+00:00\",\"dateModified\":\"2026-09-02T15:19:55+00:00\",\"mainEntityOfPage\":{\"@id\":\"https:\\\/\\\/aconteceunovale.com.br\\\/portal\\\/?p=61580\"},\"wordCount\":1046,\"commentCount\":0,\"image\":{\"@id\":\"https:\\\/\\\/aconteceunovale.com.br\\\/portal\\\/?p=61580#primaryimage\"},\"thumbnailUrl\":\"https:\\\/\\\/aconteceunovale.com.br\\\/portal\\\/wp-content\\\/uploads\\\/2015\\\/06\\\/territorio_jequi_1.jpg\",\"keywords\":[\"abertura do F\u00f3rum Regional de Governo no Territ\u00f3rio M\u00e9dio e Baixo Jequitinhonha\",\"Aline Aparecida Gomes\",\"Almenara\",\"Ara\u00e7ua\u00ed\",\"Armando Paix\u00e3o\",\"Coordenadora Regional do Movimento dos Atingidos por Barragens\",\"Fernando Pimentel\",\"F\u00f3rum Regional de Governo no Territ\u00f3rio M\u00e9dio e Baixo Jequitinhonha\",\"F\u00f3rum Regional do M\u00e9dio e Baixo Jequitinhonha\",\"governador de minas gerais\",\"Governador instala F\u00f3rum Regional do M\u00e9dio e Baixo Jequitinhonha em Ara\u00e7ua\u00ed\",\"Itaobim\",\"Medina\",\"Padre Para\u00edso\",\"Pedra Azul\",\"prefeito de Ara\u00e7ua\u00ed\",\"Territ\u00f3rio M\u00e9dio e Baixo Jequitinhonha\"],\"articleSection\":[\"Ara\u00e7ua\u00ed\",\"Vale do Jequitinhonha\"],\"inLanguage\":\"pt-BR\",\"potentialAction\":[{\"@type\":\"CommentAction\",\"name\":\"Comment\",\"target\":[\"https:\\\/\\\/aconteceunovale.com.br\\\/portal\\\/?p=61580#respond\"]}]},{\"@type\":\"WebPage\",\"@id\":\"https:\\\/\\\/aconteceunovale.com.br\\\/portal\\\/?p=61580\",\"url\":\"https:\\\/\\\/aconteceunovale.com.br\\\/portal\\\/?p=61580\",\"name\":\"Governador instala F\u00f3rum Regional do M\u00e9dio e Baixo Jequitinhonha em Ara\u00e7ua\u00ed - Aconteceu no Vale\",\"isPartOf\":{\"@id\":\"https:\\\/\\\/aconteceunovale.com.br\\\/portal\\\/#website\"},\"primaryImageOfPage\":{\"@id\":\"https:\\\/\\\/aconteceunovale.com.br\\\/portal\\\/?p=61580#primaryimage\"},\"image\":{\"@id\":\"https:\\\/\\\/aconteceunovale.com.br\\\/portal\\\/?p=61580#primaryimage\"},\"thumbnailUrl\":\"https:\\\/\\\/aconteceunovale.com.br\\\/portal\\\/wp-content\\\/uploads\\\/2015\\\/06\\\/territorio_jequi_1.jpg\",\"datePublished\":\"2015-06-18T22:44:22+00:00\",\"dateModified\":\"2026-09-02T15:19:55+00:00\",\"author\":{\"@id\":\"https:\\\/\\\/aconteceunovale.com.br\\\/portal\\\/#\\\/schema\\\/person\\\/633529146f2c94272bef50ac2953d589\"},\"breadcrumb\":{\"@id\":\"https:\\\/\\\/aconteceunovale.com.br\\\/portal\\\/?p=61580#breadcrumb\"},\"inLanguage\":\"pt-BR\",\"potentialAction\":[{\"@type\":\"ReadAction\",\"target\":[\"https:\\\/\\\/aconteceunovale.com.br\\\/portal\\\/?p=61580\"]}]},{\"@type\":\"ImageObject\",\"inLanguage\":\"pt-BR\",\"@id\":\"https:\\\/\\\/aconteceunovale.com.br\\\/portal\\\/?p=61580#primaryimage\",\"url\":\"https:\\\/\\\/aconteceunovale.com.br\\\/portal\\\/wp-content\\\/uploads\\\/2015\\\/06\\\/territorio_jequi_1.jpg\",\"contentUrl\":\"https:\\\/\\\/aconteceunovale.com.br\\\/portal\\\/wp-content\\\/uploads\\\/2015\\\/06\\\/territorio_jequi_1.jpg\",\"width\":675,\"height\":450},{\"@type\":\"BreadcrumbList\",\"@id\":\"https:\\\/\\\/aconteceunovale.com.br\\\/portal\\\/?p=61580#breadcrumb\",\"itemListElement\":[{\"@type\":\"ListItem\",\"position\":1,\"name\":\"In\u00edcio\",\"item\":\"https:\\\/\\\/aconteceunovale.com.br\\\/portal\\\/\"},{\"@type\":\"ListItem\",\"position\":2,\"name\":\"Governador instala F\u00f3rum Regional do M\u00e9dio e Baixo Jequitinhonha em Ara\u00e7ua\u00ed\"}]},{\"@type\":\"WebSite\",\"@id\":\"https:\\\/\\\/aconteceunovale.com.br\\\/portal\\\/#website\",\"url\":\"https:\\\/\\\/aconteceunovale.com.br\\\/portal\\\/\",\"name\":\"Aconteceu no Vale\",\"description\":\"Portal de Not\u00edcias\",\"potentialAction\":[{\"@type\":\"SearchAction\",\"target\":{\"@type\":\"EntryPoint\",\"urlTemplate\":\"https:\\\/\\\/aconteceunovale.com.br\\\/portal\\\/?s={search_term_string}\"},\"query-input\":{\"@type\":\"PropertyValueSpecification\",\"valueRequired\":true,\"valueName\":\"search_term_string\"}}],\"inLanguage\":\"pt-BR\"},{\"@type\":\"Person\",\"@id\":\"https:\\\/\\\/aconteceunovale.com.br\\\/portal\\\/#\\\/schema\\\/person\\\/633529146f2c94272bef50ac2953d589\",\"name\":\"Aconteceu no Vale\",\"description\":\"Equipe de reportagem do Aconteceu no Vale, portal de not\u00edcias do Vale do Jequitinhonha, em Minas Gerais. Cobrimos as 51 cidades do Vale desde 2013. Sugest\u00f5es de pauta e pedidos de corre\u00e7\u00e3o: contato@aconteceunovale.com.br\",\"sameAs\":[\"http:\\\/\\\/www.aconteceunovale.com.br\"],\"url\":\"https:\\\/\\\/aconteceunovale.com.br\\\/portal\\\/?author=1\"}]}<\/script>\n<!-- \/ Yoast SEO plugin. -->","yoast_head_json":{"title":"Governador instala F\u00f3rum Regional do M\u00e9dio e Baixo Jequitinhonha em Ara\u00e7ua\u00ed - Aconteceu no Vale","robots":{"index":"index","follow":"follow","max-snippet":"max-snippet:-1","max-image-preview":"max-image-preview:large","max-video-preview":"max-video-preview:-1"},"canonical":"https:\/\/aconteceunovale.com.br\/portal\/?p=61580","og_locale":"pt_BR","og_type":"article","og_title":"Governador instala F\u00f3rum Regional do M\u00e9dio e Baixo Jequitinhonha em Ara\u00e7ua\u00ed - Aconteceu no Vale","og_description":"Evento para cria\u00e7\u00e3o do grupo de trabalho do Territ\u00f3rio M\u00e9dio e Baixo Jequitinhonha contou com a participa\u00e7\u00e3o de mais de mil pessoas. O governador de Minas Gerais, Fernando Pimentel, afirmou nesta quinta-feira (18\/6) durante a abertura do F\u00f3rum Regional de Governo no Territ\u00f3rio M\u00e9dio e Baixo Jequitinhonha, em Ara\u00e7ua\u00ed, ser agora a vez de um [&hellip;]","og_url":"https:\/\/aconteceunovale.com.br\/portal\/?p=61580","og_site_name":"Aconteceu no Vale","article_publisher":"https:\/\/www.facebook.com\/aconteceunovale\/","article_published_time":"2015-06-18T22:44:22+00:00","article_modified_time":"2026-09-02T15:19:55+00:00","og_image":[{"width":675,"height":450,"url":"https:\/\/aconteceunovale.com.br\/portal\/wp-content\/uploads\/2015\/06\/territorio_jequi_1.jpg","type":"image\/jpeg"}],"author":"Aconteceu no Vale","twitter_card":"summary_large_image","twitter_creator":"@noticiadosvales","twitter_site":"@noticiadosvales","twitter_misc":{"Escrito por":"Aconteceu no Vale","Est. tempo de leitura":"5 minutos"},"schema":{"@context":"https:\/\/schema.org","@graph":[{"@type":"Article","@id":"https:\/\/aconteceunovale.com.br\/portal\/?p=61580#article","isPartOf":{"@id":"https:\/\/aconteceunovale.com.br\/portal\/?p=61580"},"author":{"name":"Aconteceu no Vale","@id":"https:\/\/aconteceunovale.com.br\/portal\/#\/schema\/person\/633529146f2c94272bef50ac2953d589"},"headline":"Governador instala F\u00f3rum Regional do M\u00e9dio e Baixo Jequitinhonha em Ara\u00e7ua\u00ed","datePublished":"2015-06-18T22:44:22+00:00","dateModified":"2026-09-02T15:19:55+00:00","mainEntityOfPage":{"@id":"https:\/\/aconteceunovale.com.br\/portal\/?p=61580"},"wordCount":1046,"commentCount":0,"image":{"@id":"https:\/\/aconteceunovale.com.br\/portal\/?p=61580#primaryimage"},"thumbnailUrl":"https:\/\/aconteceunovale.com.br\/portal\/wp-content\/uploads\/2015\/06\/territorio_jequi_1.jpg","keywords":["abertura do F\u00f3rum Regional de Governo no Territ\u00f3rio M\u00e9dio e Baixo Jequitinhonha","Aline Aparecida Gomes","Almenara","Ara\u00e7ua\u00ed","Armando Paix\u00e3o","Coordenadora Regional do Movimento dos Atingidos por Barragens","Fernando Pimentel","F\u00f3rum Regional de Governo no Territ\u00f3rio M\u00e9dio e Baixo Jequitinhonha","F\u00f3rum Regional do M\u00e9dio e Baixo Jequitinhonha","governador de minas gerais","Governador instala F\u00f3rum Regional do M\u00e9dio e Baixo Jequitinhonha em Ara\u00e7ua\u00ed","Itaobim","Medina","Padre Para\u00edso","Pedra Azul","prefeito de Ara\u00e7ua\u00ed","Territ\u00f3rio M\u00e9dio e Baixo Jequitinhonha"],"articleSection":["Ara\u00e7ua\u00ed","Vale do Jequitinhonha"],"inLanguage":"pt-BR","potentialAction":[{"@type":"CommentAction","name":"Comment","target":["https:\/\/aconteceunovale.com.br\/portal\/?p=61580#respond"]}]},{"@type":"WebPage","@id":"https:\/\/aconteceunovale.com.br\/portal\/?p=61580","url":"https:\/\/aconteceunovale.com.br\/portal\/?p=61580","name":"Governador instala F\u00f3rum Regional do M\u00e9dio e Baixo Jequitinhonha em Ara\u00e7ua\u00ed - Aconteceu no Vale","isPartOf":{"@id":"https:\/\/aconteceunovale.com.br\/portal\/#website"},"primaryImageOfPage":{"@id":"https:\/\/aconteceunovale.com.br\/portal\/?p=61580#primaryimage"},"image":{"@id":"https:\/\/aconteceunovale.com.br\/portal\/?p=61580#primaryimage"},"thumbnailUrl":"https:\/\/aconteceunovale.com.br\/portal\/wp-content\/uploads\/2015\/06\/territorio_jequi_1.jpg","datePublished":"2015-06-18T22:44:22+00:00","dateModified":"2026-09-02T15:19:55+00:00","author":{"@id":"https:\/\/aconteceunovale.com.br\/portal\/#\/schema\/person\/633529146f2c94272bef50ac2953d589"},"breadcrumb":{"@id":"https:\/\/aconteceunovale.com.br\/portal\/?p=61580#breadcrumb"},"inLanguage":"pt-BR","potentialAction":[{"@type":"ReadAction","target":["https:\/\/aconteceunovale.com.br\/portal\/?p=61580"]}]},{"@type":"ImageObject","inLanguage":"pt-BR","@id":"https:\/\/aconteceunovale.com.br\/portal\/?p=61580#primaryimage","url":"https:\/\/aconteceunovale.com.br\/portal\/wp-content\/uploads\/2015\/06\/territorio_jequi_1.jpg","contentUrl":"https:\/\/aconteceunovale.com.br\/portal\/wp-content\/uploads\/2015\/06\/territorio_jequi_1.jpg","width":675,"height":450},{"@type":"BreadcrumbList","@id":"https:\/\/aconteceunovale.com.br\/portal\/?p=61580#breadcrumb","itemListElement":[{"@type":"ListItem","position":1,"name":"In\u00edcio","item":"https:\/\/aconteceunovale.com.br\/portal\/"},{"@type":"ListItem","position":2,"name":"Governador instala F\u00f3rum Regional do M\u00e9dio e Baixo Jequitinhonha em Ara\u00e7ua\u00ed"}]},{"@type":"WebSite","@id":"https:\/\/aconteceunovale.com.br\/portal\/#website","url":"https:\/\/aconteceunovale.com.br\/portal\/","name":"Aconteceu no Vale","description":"Portal de Not\u00edcias","potentialAction":[{"@type":"SearchAction","target":{"@type":"EntryPoint","urlTemplate":"https:\/\/aconteceunovale.com.br\/portal\/?s={search_term_string}"},"query-input":{"@type":"PropertyValueSpecification","valueRequired":true,"valueName":"search_term_string"}}],"inLanguage":"pt-BR"},{"@type":"Person","@id":"https:\/\/aconteceunovale.com.br\/portal\/#\/schema\/person\/633529146f2c94272bef50ac2953d589","name":"Aconteceu no Vale","description":"Equipe de reportagem do Aconteceu no Vale, portal de not\u00edcias do Vale do Jequitinhonha, em Minas Gerais. Cobrimos as 51 cidades do Vale desde 2013. Sugest\u00f5es de pauta e pedidos de corre\u00e7\u00e3o: contato@aconteceunovale.com.br","sameAs":["http:\/\/www.aconteceunovale.com.br"],"url":"https:\/\/aconteceunovale.com.br\/portal\/?author=1"}]}},"_links":{"self":[{"href":"https:\/\/aconteceunovale.com.br\/portal\/index.php?rest_route=\/wp\/v2\/posts\/61580","targetHints":{"allow":["GET"]}}],"collection":[{"href":"https:\/\/aconteceunovale.com.br\/portal\/index.php?rest_route=\/wp\/v2\/posts"}],"about":[{"href":"https:\/\/aconteceunovale.com.br\/portal\/index.php?rest_route=\/wp\/v2\/types\/post"}],"author":[{"embeddable":true,"href":"https:\/\/aconteceunovale.com.br\/portal\/index.php?rest_route=\/wp\/v2\/users\/1"}],"replies":[{"embeddable":true,"href":"https:\/\/aconteceunovale.com.br\/portal\/index.php?rest_route=%2Fwp%2Fv2%2Fcomments&post=61580"}],"version-history":[{"count":1,"href":"https:\/\/aconteceunovale.com.br\/portal\/index.php?rest_route=\/wp\/v2\/posts\/61580\/revisions"}],"predecessor-version":[{"id":199670,"href":"https:\/\/aconteceunovale.com.br\/portal\/index.php?rest_route=\/wp\/v2\/posts\/61580\/revisions\/199670"}],"wp:featuredmedia":[{"embeddable":true,"href":"https:\/\/aconteceunovale.com.br\/portal\/index.php?rest_route=\/wp\/v2\/media\/61581"}],"wp:attachment":[{"href":"https:\/\/aconteceunovale.com.br\/portal\/index.php?rest_route=%2Fwp%2Fv2%2Fmedia&parent=61580"}],"wp:term":[{"taxonomy":"category","embeddable":true,"href":"https:\/\/aconteceunovale.com.br\/portal\/index.php?rest_route=%2Fwp%2Fv2%2Fcategories&post=61580"},{"taxonomy":"post_tag","embeddable":true,"href":"https:\/\/aconteceunovale.com.br\/portal\/index.php?rest_route=%2Fwp%2Fv2%2Ftags&post=61580"}],"curies":[{"name":"wp","href":"https:\/\/api.w.org\/{rel}","templated":true}]}}