{"id":61577,"date":"2015-06-18T19:28:49","date_gmt":"2015-06-18T22:28:49","guid":{"rendered":"http:\/\/aconteceunovale.com.br\/portal\/?p=61577"},"modified":"2015-06-18T19:28:49","modified_gmt":"2015-06-18T22:28:49","slug":"pesquisadores-mineiros-apresentam-inovacoes-em-biotecnologia-para-a-cafeicultura","status":"publish","type":"post","link":"https:\/\/aconteceunovale.com.br\/portal\/?p=61577","title":{"rendered":"Pesquisadores mineiros apresentam inova\u00e7\u00f5es em biotecnologia para a cafeicultura"},"content":{"rendered":"<h4><strong><em>Simp\u00f3sio ir\u00e1 retratar os avan\u00e7os recentes da tecnologia alinhados \u00e0s oportunidades e desafios da cultura do caf\u00e9<\/em><\/strong><\/h4>\n<p>A\u00a0<a href=\"http:\/\/www.epamig.br\/\" target=\"_blank\">Empresa de Pesquisa Agropecu\u00e1ria de Minas Gerais (Epamig)<\/a>\u00a0ir\u00e1 apresentar produtos de origem biotecnol\u00f3gica para cafeicultura durante o 9\u00ba Simp\u00f3sio de Pesquisa dos Caf\u00e9s do Brasil, que ser\u00e1 realizado em Curitiba, entre 24 e 26 de junho. O evento ir\u00e1 retratar os avan\u00e7os recentes da pesquisa cafeeira alinhados \u00e0s oportunidades e desafios da cultura do caf\u00e9 no pa\u00eds e no mundo.<\/p>\n<p>Um dos estudos refere-se ao \u201cfungo do bem\u201d. Em 1989, pesquisadores da Epamig e da Universidade Federal de Lavras (Ufla) descobriram o fungo Cladosporium claridospoides durante investiga\u00e7\u00f5es que buscavam compreender a influ\u00eancia de microrganismos sobre a qualidade do caf\u00e9. De acordo com a pesquisadora da EPAMIG Sara Chalfoun, o &#8220;fungo do bem&#8221; combate outros fungos prejudiciais \u00e0 qualidade do caf\u00e9.<\/p>\n<p>&#8220;Percebemos que o fungo Cladosporium apresentava a\u00e7\u00e3o antag\u00f4nica sobre os microrganismos prejudiciais \u00e0 qualidade do caf\u00e9 por competir com os mesmos por espa\u00e7o e nutrientes al\u00e9m de exercer efeitos de antibiose e hiperparasitismo\u201d explica a coordenadora.<\/p>\n<p>Desde 2004, pesquisadores, a partir de isolados purificados do fungo, desenvolveram m\u00e9todos para a sua multiplica\u00e7\u00e3o massal visando a aplica\u00e7\u00e3o em cafezais, em forma de biodefensivo. Devidamente patenteado, o produto est\u00e1 em processo de registro comercial, mas j\u00e1 \u00e9 aplicado, em regime de teste, nas lavouras de todo o Estado.<\/p>\n<p>&#8220;O produto consiste de uma suspens\u00e3o concentrada do fungo, purificado e multiplicado, que agregado \u00e0 subst\u00e2ncia confere ader\u00eancia ao produto&#8221;, explica Chalfoun. O produto n\u00e3o recebe aditivos qu\u00edmicos em sua composi\u00e7\u00e3o.<\/p>\n<p>Estudos mostraram que em lavouras cafeeiras, em regi\u00f5es \u00famidas, o produtor rural pode valorizar a safra em no m\u00ednimo 30% com a utiliza\u00e7\u00e3o desse fungo, que influencia diretamente na qualidade sensorial da bebida.<\/p>\n<p>A pesquisadora Sara Chalfoun tamb\u00e9m ir\u00e1 apresentar outros estudos, durante o Simp\u00f3sio: uma combina\u00e7\u00e3o de enzimas capaz de acelerar o processo de retirada da mucilagem do caf\u00e9, al\u00e9m de bioinseticida e bionematicida\u00a0 que garantem sustentabilidade e mais qualidade ao agroneg\u00f3cio caf\u00e9.<\/p>\n<p><img decoding=\"async\" src=\"http:\/\/aconteceunovale.com.br\/portal\/wp-content\/uploads\/2015\/06\/pesquisa-apresenta-fungo-do-bem-e-outras-inovacoes-em-biotecnologia-para-a-cafeicultura.jpg\" alt=\"\" \/><em>Incubadora TBio desenvolve bioprodutos para a cafeicultura em Lavras &#8211; Foto: Erasmo Reis\/Epamig<\/em><br \/>\n<\/br><\/p>\n<p><strong>Simp\u00f3sio de Pesquisa<\/strong><\/p>\n<p>Oito pain\u00e9is comp\u00f5em a programa\u00e7\u00e3o do 9\u00ba Simp\u00f3sio de Pesquisa dos Caf\u00e9s do Brasil\u00a0 com os seguintes temas: Cafeicultura de montanha; Transfer\u00eancia de tecnologias na cafeicultura; Tend\u00eancias do consumo de caf\u00e9; Mecaniza\u00e7\u00e3o e gen\u00e9tica do caf\u00e9 conillon; Gest\u00e3o sustent\u00e1vel da \u00e1gua na cafeicultura; Diagn\u00f3stico e progn\u00f3sticos para pr\u00f3xima d\u00e9cada; Altera\u00e7\u00f5es clim\u00e1ticas e a cafeicultura; Projeto de integra\u00e7\u00e3o de caf\u00e9s especiais e agrega\u00e7\u00e3o de qualidade ao caf\u00e9; e Indica\u00e7\u00f5es geogr\u00e1ficas: agregando valor ao produto.<\/p>\n<p>O evento ainda ter\u00e1 cinco sess\u00f5es t\u00e9cnicas com os seguintes temas: Toler\u00e2ncia \u00e0 seca e biotecnologia; Produtos de origem biotecnol\u00f3gica aplicados na cadeia produtiva do caf\u00e9; Os novos desafios da cafeicultura familiar brasileira; Nutri\u00e7\u00e3o equilibrada do cafeeiro e Opi\u00f3ides do caf\u00e9: identifica\u00e7\u00e3o, caracteriza\u00e7\u00e3o e potenciais aplica\u00e7\u00f5es.<\/p>\n<p>O objetivo do simp\u00f3sio \u00e9 apresentar resultados recentes das pesquisas realizadas no \u00e2mbito do Cons\u00f3rcio Pesquisa Caf\u00e9 e ainda promover ampla discuss\u00e3o da comunidade cient\u00edfica com os diversos setores da cadeia produtiva do caf\u00e9 para garantir aumento da competitividade, melhoria da qualidade do produto e sustentabilidade do setor. As inscri\u00e7\u00f5es s\u00e3o gratuitas e podem ser feitas pelo site do evento:<a href=\"http:\/\/www.simposiocafe.sapc.embrapa.br\/\" target=\"_blank\">http:\/\/www.simposiocafe.sapc.embrapa.br<\/a>. (Ag\u00eancia Minas)<\/p>\n","protected":false},"excerpt":{"rendered":"<p>Simp\u00f3sio ir\u00e1 retratar os avan\u00e7os recentes da tecnologia alinhados \u00e0s oportunidades e desafios da cultura do caf\u00e9 A\u00a0Empresa de Pesquisa Agropecu\u00e1ria de Minas Gerais (Epamig)\u00a0ir\u00e1 apresentar produtos de origem biotecnol\u00f3gica para cafeicultura durante o 9\u00ba Simp\u00f3sio de Pesquisa dos Caf\u00e9s do Brasil, que ser\u00e1 realizado em Curitiba, entre 24 e 26 de junho. O evento [&hellip;]<\/p>\n","protected":false},"author":1,"featured_media":61578,"comment_status":"open","ping_status":"closed","sticky":false,"template":"","format":"standard","meta":{"amp_status":"","footnotes":""},"categories":[123],"tags":[48862,48871,48868,48866,48867,48869,48861,48864,48870,48859,48865,48863,48860],"class_list":["post-61577","post","type-post","status-publish","format-standard","has-post-thumbnail","hentry","category-gerais","tag-9o-simposio-de-pesquisa-dos-cafes-do-brasil","tag-biotecnologia-para-a-cafeicultura","tag-fungo-cladosporium","tag-fungo-do-bem-epamig","tag-fungo-do-bem-para-o-cafe","tag-incubadora-tbio-desenvolve-bioprodutos-para-a-cafeicultura-em-biofabrica-instalada-em-lavras","tag-novas-tecnologias-para-cafeicultura","tag-pesquisadora-da-epamig","tag-pesquisadores-mineiros-apresentam-inovacoes-em-biotecnologia-para-a-cafeicultura","tag-produtos-de-origem-biotecnologica-para-cafeicultura","tag-sara-chalfoun","tag-simposio-de-pesquisa-dos-cafes-do-brasil","tag-tecnologia-para-cafeicultura"],"yoast_head":"<!-- This site is optimized with the Yoast SEO plugin v28.3 - https:\/\/yoast.com\/product\/yoast-seo-wordpress\/ -->\n<title>Pesquisadores mineiros apresentam inova\u00e7\u00f5es em biotecnologia para a cafeicultura - Aconteceu no Vale<\/title>\n<meta name=\"robots\" content=\"index, follow, max-snippet:-1, max-image-preview:large, max-video-preview:-1\" \/>\n<link rel=\"canonical\" href=\"https:\/\/aconteceunovale.com.br\/portal\/?p=61577\" \/>\n<meta property=\"og:locale\" content=\"pt_BR\" \/>\n<meta property=\"og:type\" content=\"article\" \/>\n<meta property=\"og:title\" content=\"Pesquisadores mineiros apresentam inova\u00e7\u00f5es em biotecnologia para a cafeicultura - Aconteceu no Vale\" \/>\n<meta property=\"og:description\" content=\"Simp\u00f3sio ir\u00e1 retratar os avan\u00e7os recentes da tecnologia alinhados \u00e0s oportunidades e desafios da cultura do caf\u00e9 A\u00a0Empresa de Pesquisa Agropecu\u00e1ria de Minas Gerais (Epamig)\u00a0ir\u00e1 apresentar produtos de origem biotecnol\u00f3gica para cafeicultura durante o 9\u00ba Simp\u00f3sio de Pesquisa dos Caf\u00e9s do Brasil, que ser\u00e1 realizado em Curitiba, entre 24 e 26 de junho. O evento [&hellip;]\" \/>\n<meta property=\"og:url\" content=\"https:\/\/aconteceunovale.com.br\/portal\/?p=61577\" \/>\n<meta property=\"og:site_name\" content=\"Aconteceu no Vale\" \/>\n<meta property=\"article:publisher\" content=\"https:\/\/www.facebook.com\/aconteceunovale\/\" \/>\n<meta property=\"article:published_time\" content=\"2015-06-18T22:28:49+00:00\" \/>\n<meta property=\"og:image\" content=\"https:\/\/aconteceunovale.com.br\/portal\/wp-content\/uploads\/2015\/06\/pesquisa-apresenta-fungo-do-bem-e-outras-inovacoes-em-biotecnologia-para-a-cafeicultura.jpg\" \/>\n\t<meta property=\"og:image:width\" content=\"678\" \/>\n\t<meta property=\"og:image:height\" content=\"427\" \/>\n\t<meta property=\"og:image:type\" content=\"image\/jpeg\" \/>\n<meta name=\"author\" content=\"Aconteceu no Vale\" \/>\n<meta name=\"twitter:card\" content=\"summary_large_image\" \/>\n<meta name=\"twitter:creator\" content=\"@noticiadosvales\" \/>\n<meta name=\"twitter:site\" content=\"@noticiadosvales\" \/>\n<meta name=\"twitter:label1\" content=\"Escrito por\" \/>\n\t<meta name=\"twitter:data1\" content=\"Aconteceu no Vale\" \/>\n\t<meta name=\"twitter:label2\" content=\"Est. tempo de leitura\" \/>\n\t<meta name=\"twitter:data2\" content=\"3 minutos\" \/>\n<script type=\"application\/ld+json\" class=\"yoast-schema-graph\">{\"@context\":\"https:\\\/\\\/schema.org\",\"@graph\":[{\"@type\":\"Article\",\"@id\":\"https:\\\/\\\/aconteceunovale.com.br\\\/portal\\\/?p=61577#article\",\"isPartOf\":{\"@id\":\"https:\\\/\\\/aconteceunovale.com.br\\\/portal\\\/?p=61577\"},\"author\":{\"name\":\"Aconteceu no Vale\",\"@id\":\"https:\\\/\\\/aconteceunovale.com.br\\\/portal\\\/#\\\/schema\\\/person\\\/633529146f2c94272bef50ac2953d589\"},\"headline\":\"Pesquisadores mineiros apresentam inova\u00e7\u00f5es em biotecnologia para a cafeicultura\",\"datePublished\":\"2015-06-18T22:28:49+00:00\",\"mainEntityOfPage\":{\"@id\":\"https:\\\/\\\/aconteceunovale.com.br\\\/portal\\\/?p=61577\"},\"wordCount\":601,\"commentCount\":0,\"image\":{\"@id\":\"https:\\\/\\\/aconteceunovale.com.br\\\/portal\\\/?p=61577#primaryimage\"},\"thumbnailUrl\":\"https:\\\/\\\/aconteceunovale.com.br\\\/portal\\\/wp-content\\\/uploads\\\/2015\\\/06\\\/pesquisa-apresenta-fungo-do-bem-e-outras-inovacoes-em-biotecnologia-para-a-cafeicultura.jpg\",\"keywords\":[\"9\u00ba Simp\u00f3sio de Pesquisa dos Caf\u00e9s do Brasil\",\"biotecnologia para a cafeicultura\",\"fungo Cladosporium\",\"fungo do bem Epamig\",\"fungo do bem para o caf\u00e9\",\"Incubadora TBio desenvolve bioprodutos para a cafeicultura em biof\u00e1brica instalada em Lavras\",\"novas tecnologias para cafeicultura\",\"pesquisadora da EPAMIG\",\"Pesquisadores mineiros apresentam inova\u00e7\u00f5es em biotecnologia para a cafeicultura\",\"produtos de origem biotecnol\u00f3gica para cafeicultura\",\"Sara Chalfoun\",\"Simp\u00f3sio de Pesquisa dos Caf\u00e9s do Brasil\",\"tecnologia para cafeicultura\"],\"articleSection\":[\"Minas Gerais\"],\"inLanguage\":\"pt-BR\",\"potentialAction\":[{\"@type\":\"CommentAction\",\"name\":\"Comment\",\"target\":[\"https:\\\/\\\/aconteceunovale.com.br\\\/portal\\\/?p=61577#respond\"]}]},{\"@type\":\"WebPage\",\"@id\":\"https:\\\/\\\/aconteceunovale.com.br\\\/portal\\\/?p=61577\",\"url\":\"https:\\\/\\\/aconteceunovale.com.br\\\/portal\\\/?p=61577\",\"name\":\"Pesquisadores mineiros apresentam inova\u00e7\u00f5es em biotecnologia para a cafeicultura - Aconteceu no Vale\",\"isPartOf\":{\"@id\":\"https:\\\/\\\/aconteceunovale.com.br\\\/portal\\\/#website\"},\"primaryImageOfPage\":{\"@id\":\"https:\\\/\\\/aconteceunovale.com.br\\\/portal\\\/?p=61577#primaryimage\"},\"image\":{\"@id\":\"https:\\\/\\\/aconteceunovale.com.br\\\/portal\\\/?p=61577#primaryimage\"},\"thumbnailUrl\":\"https:\\\/\\\/aconteceunovale.com.br\\\/portal\\\/wp-content\\\/uploads\\\/2015\\\/06\\\/pesquisa-apresenta-fungo-do-bem-e-outras-inovacoes-em-biotecnologia-para-a-cafeicultura.jpg\",\"datePublished\":\"2015-06-18T22:28:49+00:00\",\"author\":{\"@id\":\"https:\\\/\\\/aconteceunovale.com.br\\\/portal\\\/#\\\/schema\\\/person\\\/633529146f2c94272bef50ac2953d589\"},\"breadcrumb\":{\"@id\":\"https:\\\/\\\/aconteceunovale.com.br\\\/portal\\\/?p=61577#breadcrumb\"},\"inLanguage\":\"pt-BR\",\"potentialAction\":[{\"@type\":\"ReadAction\",\"target\":[\"https:\\\/\\\/aconteceunovale.com.br\\\/portal\\\/?p=61577\"]}]},{\"@type\":\"ImageObject\",\"inLanguage\":\"pt-BR\",\"@id\":\"https:\\\/\\\/aconteceunovale.com.br\\\/portal\\\/?p=61577#primaryimage\",\"url\":\"https:\\\/\\\/aconteceunovale.com.br\\\/portal\\\/wp-content\\\/uploads\\\/2015\\\/06\\\/pesquisa-apresenta-fungo-do-bem-e-outras-inovacoes-em-biotecnologia-para-a-cafeicultura.jpg\",\"contentUrl\":\"https:\\\/\\\/aconteceunovale.com.br\\\/portal\\\/wp-content\\\/uploads\\\/2015\\\/06\\\/pesquisa-apresenta-fungo-do-bem-e-outras-inovacoes-em-biotecnologia-para-a-cafeicultura.jpg\",\"width\":678,\"height\":427},{\"@type\":\"BreadcrumbList\",\"@id\":\"https:\\\/\\\/aconteceunovale.com.br\\\/portal\\\/?p=61577#breadcrumb\",\"itemListElement\":[{\"@type\":\"ListItem\",\"position\":1,\"name\":\"In\u00edcio\",\"item\":\"https:\\\/\\\/aconteceunovale.com.br\\\/portal\\\/\"},{\"@type\":\"ListItem\",\"position\":2,\"name\":\"Pesquisadores mineiros apresentam inova\u00e7\u00f5es em biotecnologia para a cafeicultura\"}]},{\"@type\":\"WebSite\",\"@id\":\"https:\\\/\\\/aconteceunovale.com.br\\\/portal\\\/#website\",\"url\":\"https:\\\/\\\/aconteceunovale.com.br\\\/portal\\\/\",\"name\":\"Aconteceu no Vale\",\"description\":\"Portal de Not\u00edcias\",\"potentialAction\":[{\"@type\":\"SearchAction\",\"target\":{\"@type\":\"EntryPoint\",\"urlTemplate\":\"https:\\\/\\\/aconteceunovale.com.br\\\/portal\\\/?s={search_term_string}\"},\"query-input\":{\"@type\":\"PropertyValueSpecification\",\"valueRequired\":true,\"valueName\":\"search_term_string\"}}],\"inLanguage\":\"pt-BR\"},{\"@type\":\"Person\",\"@id\":\"https:\\\/\\\/aconteceunovale.com.br\\\/portal\\\/#\\\/schema\\\/person\\\/633529146f2c94272bef50ac2953d589\",\"name\":\"Aconteceu no Vale\",\"description\":\"Equipe de reportagem do Aconteceu no Vale, portal de not\u00edcias do Vale do Jequitinhonha, em Minas Gerais. Cobrimos as 51 cidades do Vale desde 2013. Sugest\u00f5es de pauta e pedidos de corre\u00e7\u00e3o: contato@aconteceunovale.com.br\",\"sameAs\":[\"http:\\\/\\\/www.aconteceunovale.com.br\"],\"url\":\"https:\\\/\\\/aconteceunovale.com.br\\\/portal\\\/?author=1\"}]}<\/script>\n<!-- \/ Yoast SEO plugin. -->","yoast_head_json":{"title":"Pesquisadores mineiros apresentam inova\u00e7\u00f5es em biotecnologia para a cafeicultura - Aconteceu no Vale","robots":{"index":"index","follow":"follow","max-snippet":"max-snippet:-1","max-image-preview":"max-image-preview:large","max-video-preview":"max-video-preview:-1"},"canonical":"https:\/\/aconteceunovale.com.br\/portal\/?p=61577","og_locale":"pt_BR","og_type":"article","og_title":"Pesquisadores mineiros apresentam inova\u00e7\u00f5es em biotecnologia para a cafeicultura - Aconteceu no Vale","og_description":"Simp\u00f3sio ir\u00e1 retratar os avan\u00e7os recentes da tecnologia alinhados \u00e0s oportunidades e desafios da cultura do caf\u00e9 A\u00a0Empresa de Pesquisa Agropecu\u00e1ria de Minas Gerais (Epamig)\u00a0ir\u00e1 apresentar produtos de origem biotecnol\u00f3gica para cafeicultura durante o 9\u00ba Simp\u00f3sio de Pesquisa dos Caf\u00e9s do Brasil, que ser\u00e1 realizado em Curitiba, entre 24 e 26 de junho. O evento [&hellip;]","og_url":"https:\/\/aconteceunovale.com.br\/portal\/?p=61577","og_site_name":"Aconteceu no Vale","article_publisher":"https:\/\/www.facebook.com\/aconteceunovale\/","article_published_time":"2015-06-18T22:28:49+00:00","og_image":[{"width":678,"height":427,"url":"https:\/\/aconteceunovale.com.br\/portal\/wp-content\/uploads\/2015\/06\/pesquisa-apresenta-fungo-do-bem-e-outras-inovacoes-em-biotecnologia-para-a-cafeicultura.jpg","type":"image\/jpeg"}],"author":"Aconteceu no Vale","twitter_card":"summary_large_image","twitter_creator":"@noticiadosvales","twitter_site":"@noticiadosvales","twitter_misc":{"Escrito por":"Aconteceu no Vale","Est. tempo de leitura":"3 minutos"},"schema":{"@context":"https:\/\/schema.org","@graph":[{"@type":"Article","@id":"https:\/\/aconteceunovale.com.br\/portal\/?p=61577#article","isPartOf":{"@id":"https:\/\/aconteceunovale.com.br\/portal\/?p=61577"},"author":{"name":"Aconteceu no Vale","@id":"https:\/\/aconteceunovale.com.br\/portal\/#\/schema\/person\/633529146f2c94272bef50ac2953d589"},"headline":"Pesquisadores mineiros apresentam inova\u00e7\u00f5es em biotecnologia para a cafeicultura","datePublished":"2015-06-18T22:28:49+00:00","mainEntityOfPage":{"@id":"https:\/\/aconteceunovale.com.br\/portal\/?p=61577"},"wordCount":601,"commentCount":0,"image":{"@id":"https:\/\/aconteceunovale.com.br\/portal\/?p=61577#primaryimage"},"thumbnailUrl":"https:\/\/aconteceunovale.com.br\/portal\/wp-content\/uploads\/2015\/06\/pesquisa-apresenta-fungo-do-bem-e-outras-inovacoes-em-biotecnologia-para-a-cafeicultura.jpg","keywords":["9\u00ba Simp\u00f3sio de Pesquisa dos Caf\u00e9s do Brasil","biotecnologia para a cafeicultura","fungo Cladosporium","fungo do bem Epamig","fungo do bem para o caf\u00e9","Incubadora TBio desenvolve bioprodutos para a cafeicultura em biof\u00e1brica instalada em Lavras","novas tecnologias para cafeicultura","pesquisadora da EPAMIG","Pesquisadores mineiros apresentam inova\u00e7\u00f5es em biotecnologia para a cafeicultura","produtos de origem biotecnol\u00f3gica para cafeicultura","Sara Chalfoun","Simp\u00f3sio de Pesquisa dos Caf\u00e9s do Brasil","tecnologia para cafeicultura"],"articleSection":["Minas Gerais"],"inLanguage":"pt-BR","potentialAction":[{"@type":"CommentAction","name":"Comment","target":["https:\/\/aconteceunovale.com.br\/portal\/?p=61577#respond"]}]},{"@type":"WebPage","@id":"https:\/\/aconteceunovale.com.br\/portal\/?p=61577","url":"https:\/\/aconteceunovale.com.br\/portal\/?p=61577","name":"Pesquisadores mineiros apresentam inova\u00e7\u00f5es em biotecnologia para a cafeicultura - Aconteceu no Vale","isPartOf":{"@id":"https:\/\/aconteceunovale.com.br\/portal\/#website"},"primaryImageOfPage":{"@id":"https:\/\/aconteceunovale.com.br\/portal\/?p=61577#primaryimage"},"image":{"@id":"https:\/\/aconteceunovale.com.br\/portal\/?p=61577#primaryimage"},"thumbnailUrl":"https:\/\/aconteceunovale.com.br\/portal\/wp-content\/uploads\/2015\/06\/pesquisa-apresenta-fungo-do-bem-e-outras-inovacoes-em-biotecnologia-para-a-cafeicultura.jpg","datePublished":"2015-06-18T22:28:49+00:00","author":{"@id":"https:\/\/aconteceunovale.com.br\/portal\/#\/schema\/person\/633529146f2c94272bef50ac2953d589"},"breadcrumb":{"@id":"https:\/\/aconteceunovale.com.br\/portal\/?p=61577#breadcrumb"},"inLanguage":"pt-BR","potentialAction":[{"@type":"ReadAction","target":["https:\/\/aconteceunovale.com.br\/portal\/?p=61577"]}]},{"@type":"ImageObject","inLanguage":"pt-BR","@id":"https:\/\/aconteceunovale.com.br\/portal\/?p=61577#primaryimage","url":"https:\/\/aconteceunovale.com.br\/portal\/wp-content\/uploads\/2015\/06\/pesquisa-apresenta-fungo-do-bem-e-outras-inovacoes-em-biotecnologia-para-a-cafeicultura.jpg","contentUrl":"https:\/\/aconteceunovale.com.br\/portal\/wp-content\/uploads\/2015\/06\/pesquisa-apresenta-fungo-do-bem-e-outras-inovacoes-em-biotecnologia-para-a-cafeicultura.jpg","width":678,"height":427},{"@type":"BreadcrumbList","@id":"https:\/\/aconteceunovale.com.br\/portal\/?p=61577#breadcrumb","itemListElement":[{"@type":"ListItem","position":1,"name":"In\u00edcio","item":"https:\/\/aconteceunovale.com.br\/portal\/"},{"@type":"ListItem","position":2,"name":"Pesquisadores mineiros apresentam inova\u00e7\u00f5es em biotecnologia para a cafeicultura"}]},{"@type":"WebSite","@id":"https:\/\/aconteceunovale.com.br\/portal\/#website","url":"https:\/\/aconteceunovale.com.br\/portal\/","name":"Aconteceu no Vale","description":"Portal de Not\u00edcias","potentialAction":[{"@type":"SearchAction","target":{"@type":"EntryPoint","urlTemplate":"https:\/\/aconteceunovale.com.br\/portal\/?s={search_term_string}"},"query-input":{"@type":"PropertyValueSpecification","valueRequired":true,"valueName":"search_term_string"}}],"inLanguage":"pt-BR"},{"@type":"Person","@id":"https:\/\/aconteceunovale.com.br\/portal\/#\/schema\/person\/633529146f2c94272bef50ac2953d589","name":"Aconteceu no Vale","description":"Equipe de reportagem do Aconteceu no Vale, portal de not\u00edcias do Vale do Jequitinhonha, em Minas Gerais. Cobrimos as 51 cidades do Vale desde 2013. Sugest\u00f5es de pauta e pedidos de corre\u00e7\u00e3o: contato@aconteceunovale.com.br","sameAs":["http:\/\/www.aconteceunovale.com.br"],"url":"https:\/\/aconteceunovale.com.br\/portal\/?author=1"}]}},"_links":{"self":[{"href":"https:\/\/aconteceunovale.com.br\/portal\/index.php?rest_route=\/wp\/v2\/posts\/61577","targetHints":{"allow":["GET"]}}],"collection":[{"href":"https:\/\/aconteceunovale.com.br\/portal\/index.php?rest_route=\/wp\/v2\/posts"}],"about":[{"href":"https:\/\/aconteceunovale.com.br\/portal\/index.php?rest_route=\/wp\/v2\/types\/post"}],"author":[{"embeddable":true,"href":"https:\/\/aconteceunovale.com.br\/portal\/index.php?rest_route=\/wp\/v2\/users\/1"}],"replies":[{"embeddable":true,"href":"https:\/\/aconteceunovale.com.br\/portal\/index.php?rest_route=%2Fwp%2Fv2%2Fcomments&post=61577"}],"version-history":[{"count":0,"href":"https:\/\/aconteceunovale.com.br\/portal\/index.php?rest_route=\/wp\/v2\/posts\/61577\/revisions"}],"wp:featuredmedia":[{"embeddable":true,"href":"https:\/\/aconteceunovale.com.br\/portal\/index.php?rest_route=\/wp\/v2\/media\/61578"}],"wp:attachment":[{"href":"https:\/\/aconteceunovale.com.br\/portal\/index.php?rest_route=%2Fwp%2Fv2%2Fmedia&parent=61577"}],"wp:term":[{"taxonomy":"category","embeddable":true,"href":"https:\/\/aconteceunovale.com.br\/portal\/index.php?rest_route=%2Fwp%2Fv2%2Fcategories&post=61577"},{"taxonomy":"post_tag","embeddable":true,"href":"https:\/\/aconteceunovale.com.br\/portal\/index.php?rest_route=%2Fwp%2Fv2%2Ftags&post=61577"}],"curies":[{"name":"wp","href":"https:\/\/api.w.org\/{rel}","templated":true}]}}