{"id":61571,"date":"2015-06-18T18:50:23","date_gmt":"2015-06-18T21:50:23","guid":{"rendered":"http:\/\/aconteceunovale.com.br\/portal\/?p=61571"},"modified":"2015-06-18T18:50:23","modified_gmt":"2015-06-18T21:50:23","slug":"operacao-da-pf-desarticula-quadrilha-liderada-por-advogado-na-zona-da-mata-mineira","status":"publish","type":"post","link":"https:\/\/aconteceunovale.com.br\/portal\/?p=61571","title":{"rendered":"Opera\u00e7\u00e3o da PF desarticula quadrilha liderada por advogado na Zona da Mata Mineira"},"content":{"rendered":"<p>A Pol\u00edcia Federal deflagrou, na madrugada de hoje (18\/6), deflagrou a Opera\u00e7\u00e3o Teia, para desarticular um grupo criminoso que atuava no tr\u00e1fico de drogas, em Minas Gerais. Essa opera\u00e7\u00e3o \u00e9 resultado do trabalho conjunto com a Pol\u00edcia Civil, Pol\u00edcia Militar e Secretaria Estadual de Defesa Social de Minas Gerais, todos componentes da For\u00e7a Integrada de Combate ao Crime Organizado.<\/p>\n<p>Foram cumpridos nove mandados de pris\u00e3o preventiva, 13 mandados de busca e apreens\u00e3o, al\u00e9m de sequestro de bens e valores dos criminosos, que eram capitaneados por um advogado que atuava ativamente no tr\u00e1fico de drogas e liderava o bando. Os mandados foram cumpridos em Juiz de Fora, Cataguases, Leopoldina e Ub\u00e1, todas em Minas.<\/p>\n<p>A investiga\u00e7\u00e3o durou dois meses, durante os quais foram presas quatro pessoas em flagrante delito e apreendidos 20 quilos de drogas. Os criminosos responder\u00e3o por tr\u00e1fico de drogas e associa\u00e7\u00e3o para o tr\u00e1fico, podendo cumprir at\u00e9 25 anos de reclus\u00e3o. (Pol\u00edcia Federal)<\/p>\n","protected":false},"excerpt":{"rendered":"<p>A Pol\u00edcia Federal deflagrou, na madrugada de hoje (18\/6), deflagrou a Opera\u00e7\u00e3o Teia, para desarticular um grupo criminoso que atuava no tr\u00e1fico de drogas, em Minas Gerais. Essa opera\u00e7\u00e3o \u00e9 resultado do trabalho conjunto com a Pol\u00edcia Civil, Pol\u00edcia Militar e Secretaria Estadual de Defesa Social de Minas Gerais, todos componentes da For\u00e7a Integrada de [&hellip;]<\/p>\n","protected":false},"author":1,"featured_media":61572,"comment_status":"open","ping_status":"closed","sticky":false,"template":"","format":"standard","meta":{"amp_status":"","footnotes":""},"categories":[123],"tags":[1503,48850,206,208,48855,48853,48854,48851,48852],"class_list":["post-61571","post","type-post","status-publish","format-standard","has-post-thumbnail","hentry","category-gerais","tag-cataguases","tag-e-uba","tag-juiz-de-fora","tag-leopoldina","tag-operacao-da-pf-desarticula-quadrilha-liderada-por-advogado-na-zona-da-mata-mineira","tag-operacao-da-pf-na-zona-da-mata","tag-operacao-da-policia-federal-combate-trafico-de-drogas-na-zona-da-mata-mineira","tag-operacao-teia","tag-operacao-teia-da-policia-federal"],"yoast_head":"<!-- This site is optimized with the Yoast SEO plugin v28.3 - https:\/\/yoast.com\/product\/yoast-seo-wordpress\/ -->\n<title>Opera\u00e7\u00e3o da PF desarticula quadrilha liderada por advogado na Zona da Mata Mineira - Aconteceu no Vale<\/title>\n<meta name=\"robots\" content=\"index, follow, max-snippet:-1, max-image-preview:large, max-video-preview:-1\" \/>\n<link rel=\"canonical\" href=\"https:\/\/aconteceunovale.com.br\/portal\/?p=61571\" \/>\n<meta property=\"og:locale\" content=\"pt_BR\" \/>\n<meta property=\"og:type\" content=\"article\" \/>\n<meta property=\"og:title\" content=\"Opera\u00e7\u00e3o da PF desarticula quadrilha liderada por advogado na Zona da Mata Mineira - Aconteceu no Vale\" \/>\n<meta property=\"og:description\" content=\"A Pol\u00edcia Federal deflagrou, na madrugada de hoje (18\/6), deflagrou a Opera\u00e7\u00e3o Teia, para desarticular um grupo criminoso que atuava no tr\u00e1fico de drogas, em Minas Gerais. Essa opera\u00e7\u00e3o \u00e9 resultado do trabalho conjunto com a Pol\u00edcia Civil, Pol\u00edcia Militar e Secretaria Estadual de Defesa Social de Minas Gerais, todos componentes da For\u00e7a Integrada de [&hellip;]\" \/>\n<meta property=\"og:url\" content=\"https:\/\/aconteceunovale.com.br\/portal\/?p=61571\" \/>\n<meta property=\"og:site_name\" content=\"Aconteceu no Vale\" \/>\n<meta property=\"article:publisher\" content=\"https:\/\/www.facebook.com\/aconteceunovale\/\" \/>\n<meta property=\"article:published_time\" content=\"2015-06-18T21:50:23+00:00\" \/>\n<meta property=\"og:image\" content=\"https:\/\/aconteceunovale.com.br\/portal\/wp-content\/uploads\/2015\/06\/operacao_pf.png\" \/>\n\t<meta property=\"og:image:width\" content=\"600\" \/>\n\t<meta property=\"og:image:height\" content=\"400\" \/>\n\t<meta property=\"og:image:type\" content=\"image\/png\" \/>\n<meta name=\"author\" content=\"Aconteceu no Vale\" \/>\n<meta name=\"twitter:card\" content=\"summary_large_image\" \/>\n<meta name=\"twitter:creator\" content=\"@noticiadosvales\" \/>\n<meta name=\"twitter:site\" content=\"@noticiadosvales\" \/>\n<meta name=\"twitter:label1\" content=\"Escrito por\" \/>\n\t<meta name=\"twitter:data1\" content=\"Aconteceu no Vale\" \/>\n\t<meta name=\"twitter:label2\" content=\"Est. tempo de leitura\" \/>\n\t<meta name=\"twitter:data2\" content=\"1 minuto\" \/>\n<script type=\"application\/ld+json\" class=\"yoast-schema-graph\">{\"@context\":\"https:\\\/\\\/schema.org\",\"@graph\":[{\"@type\":\"Article\",\"@id\":\"https:\\\/\\\/aconteceunovale.com.br\\\/portal\\\/?p=61571#article\",\"isPartOf\":{\"@id\":\"https:\\\/\\\/aconteceunovale.com.br\\\/portal\\\/?p=61571\"},\"author\":{\"name\":\"Aconteceu no Vale\",\"@id\":\"https:\\\/\\\/aconteceunovale.com.br\\\/portal\\\/#\\\/schema\\\/person\\\/633529146f2c94272bef50ac2953d589\"},\"headline\":\"Opera\u00e7\u00e3o da PF desarticula quadrilha liderada por advogado na Zona da Mata Mineira\",\"datePublished\":\"2015-06-18T21:50:23+00:00\",\"mainEntityOfPage\":{\"@id\":\"https:\\\/\\\/aconteceunovale.com.br\\\/portal\\\/?p=61571\"},\"wordCount\":182,\"commentCount\":0,\"image\":{\"@id\":\"https:\\\/\\\/aconteceunovale.com.br\\\/portal\\\/?p=61571#primaryimage\"},\"thumbnailUrl\":\"https:\\\/\\\/aconteceunovale.com.br\\\/portal\\\/wp-content\\\/uploads\\\/2015\\\/06\\\/operacao_pf.png\",\"keywords\":[\"Cataguases\",\"e Ub\u00e1\",\"Juiz de Fora\",\"Leopoldina\",\"Opera\u00e7\u00e3o da PF desarticula quadrilha liderada por advogado na Zona da Mata Mineira\",\"Opera\u00e7\u00e3o da PF na Zona da Mata\",\"Opera\u00e7\u00e3o da Pol\u00edcia Federal combate tr\u00e1fico de drogas na Zona da Mata Mineira\",\"Opera\u00e7\u00e3o Teia\",\"Opera\u00e7\u00e3o Teia da Pol\u00edcia Federal\"],\"articleSection\":[\"Minas Gerais\"],\"inLanguage\":\"pt-BR\",\"potentialAction\":[{\"@type\":\"CommentAction\",\"name\":\"Comment\",\"target\":[\"https:\\\/\\\/aconteceunovale.com.br\\\/portal\\\/?p=61571#respond\"]}]},{\"@type\":\"WebPage\",\"@id\":\"https:\\\/\\\/aconteceunovale.com.br\\\/portal\\\/?p=61571\",\"url\":\"https:\\\/\\\/aconteceunovale.com.br\\\/portal\\\/?p=61571\",\"name\":\"Opera\u00e7\u00e3o da PF desarticula quadrilha liderada por advogado na Zona da Mata Mineira - Aconteceu no Vale\",\"isPartOf\":{\"@id\":\"https:\\\/\\\/aconteceunovale.com.br\\\/portal\\\/#website\"},\"primaryImageOfPage\":{\"@id\":\"https:\\\/\\\/aconteceunovale.com.br\\\/portal\\\/?p=61571#primaryimage\"},\"image\":{\"@id\":\"https:\\\/\\\/aconteceunovale.com.br\\\/portal\\\/?p=61571#primaryimage\"},\"thumbnailUrl\":\"https:\\\/\\\/aconteceunovale.com.br\\\/portal\\\/wp-content\\\/uploads\\\/2015\\\/06\\\/operacao_pf.png\",\"datePublished\":\"2015-06-18T21:50:23+00:00\",\"author\":{\"@id\":\"https:\\\/\\\/aconteceunovale.com.br\\\/portal\\\/#\\\/schema\\\/person\\\/633529146f2c94272bef50ac2953d589\"},\"breadcrumb\":{\"@id\":\"https:\\\/\\\/aconteceunovale.com.br\\\/portal\\\/?p=61571#breadcrumb\"},\"inLanguage\":\"pt-BR\",\"potentialAction\":[{\"@type\":\"ReadAction\",\"target\":[\"https:\\\/\\\/aconteceunovale.com.br\\\/portal\\\/?p=61571\"]}]},{\"@type\":\"ImageObject\",\"inLanguage\":\"pt-BR\",\"@id\":\"https:\\\/\\\/aconteceunovale.com.br\\\/portal\\\/?p=61571#primaryimage\",\"url\":\"https:\\\/\\\/aconteceunovale.com.br\\\/portal\\\/wp-content\\\/uploads\\\/2015\\\/06\\\/operacao_pf.png\",\"contentUrl\":\"https:\\\/\\\/aconteceunovale.com.br\\\/portal\\\/wp-content\\\/uploads\\\/2015\\\/06\\\/operacao_pf.png\",\"width\":600,\"height\":400},{\"@type\":\"BreadcrumbList\",\"@id\":\"https:\\\/\\\/aconteceunovale.com.br\\\/portal\\\/?p=61571#breadcrumb\",\"itemListElement\":[{\"@type\":\"ListItem\",\"position\":1,\"name\":\"In\u00edcio\",\"item\":\"https:\\\/\\\/aconteceunovale.com.br\\\/portal\\\/\"},{\"@type\":\"ListItem\",\"position\":2,\"name\":\"Opera\u00e7\u00e3o da PF desarticula quadrilha liderada por advogado na Zona da Mata Mineira\"}]},{\"@type\":\"WebSite\",\"@id\":\"https:\\\/\\\/aconteceunovale.com.br\\\/portal\\\/#website\",\"url\":\"https:\\\/\\\/aconteceunovale.com.br\\\/portal\\\/\",\"name\":\"Aconteceu no Vale\",\"description\":\"Portal de Not\u00edcias\",\"potentialAction\":[{\"@type\":\"SearchAction\",\"target\":{\"@type\":\"EntryPoint\",\"urlTemplate\":\"https:\\\/\\\/aconteceunovale.com.br\\\/portal\\\/?s={search_term_string}\"},\"query-input\":{\"@type\":\"PropertyValueSpecification\",\"valueRequired\":true,\"valueName\":\"search_term_string\"}}],\"inLanguage\":\"pt-BR\"},{\"@type\":\"Person\",\"@id\":\"https:\\\/\\\/aconteceunovale.com.br\\\/portal\\\/#\\\/schema\\\/person\\\/633529146f2c94272bef50ac2953d589\",\"name\":\"Aconteceu no Vale\",\"description\":\"Equipe de reportagem do Aconteceu no Vale, portal de not\u00edcias do Vale do Jequitinhonha, em Minas Gerais. Cobrimos as 51 cidades do Vale desde 2013. Sugest\u00f5es de pauta e pedidos de corre\u00e7\u00e3o: contato@aconteceunovale.com.br\",\"sameAs\":[\"http:\\\/\\\/www.aconteceunovale.com.br\"],\"url\":\"https:\\\/\\\/aconteceunovale.com.br\\\/portal\\\/?author=1\"}]}<\/script>\n<!-- \/ Yoast SEO plugin. -->","yoast_head_json":{"title":"Opera\u00e7\u00e3o da PF desarticula quadrilha liderada por advogado na Zona da Mata Mineira - Aconteceu no Vale","robots":{"index":"index","follow":"follow","max-snippet":"max-snippet:-1","max-image-preview":"max-image-preview:large","max-video-preview":"max-video-preview:-1"},"canonical":"https:\/\/aconteceunovale.com.br\/portal\/?p=61571","og_locale":"pt_BR","og_type":"article","og_title":"Opera\u00e7\u00e3o da PF desarticula quadrilha liderada por advogado na Zona da Mata Mineira - Aconteceu no Vale","og_description":"A Pol\u00edcia Federal deflagrou, na madrugada de hoje (18\/6), deflagrou a Opera\u00e7\u00e3o Teia, para desarticular um grupo criminoso que atuava no tr\u00e1fico de drogas, em Minas Gerais. Essa opera\u00e7\u00e3o \u00e9 resultado do trabalho conjunto com a Pol\u00edcia Civil, Pol\u00edcia Militar e Secretaria Estadual de Defesa Social de Minas Gerais, todos componentes da For\u00e7a Integrada de [&hellip;]","og_url":"https:\/\/aconteceunovale.com.br\/portal\/?p=61571","og_site_name":"Aconteceu no Vale","article_publisher":"https:\/\/www.facebook.com\/aconteceunovale\/","article_published_time":"2015-06-18T21:50:23+00:00","og_image":[{"width":600,"height":400,"url":"https:\/\/aconteceunovale.com.br\/portal\/wp-content\/uploads\/2015\/06\/operacao_pf.png","type":"image\/png"}],"author":"Aconteceu no Vale","twitter_card":"summary_large_image","twitter_creator":"@noticiadosvales","twitter_site":"@noticiadosvales","twitter_misc":{"Escrito por":"Aconteceu no Vale","Est. tempo de leitura":"1 minuto"},"schema":{"@context":"https:\/\/schema.org","@graph":[{"@type":"Article","@id":"https:\/\/aconteceunovale.com.br\/portal\/?p=61571#article","isPartOf":{"@id":"https:\/\/aconteceunovale.com.br\/portal\/?p=61571"},"author":{"name":"Aconteceu no Vale","@id":"https:\/\/aconteceunovale.com.br\/portal\/#\/schema\/person\/633529146f2c94272bef50ac2953d589"},"headline":"Opera\u00e7\u00e3o da PF desarticula quadrilha liderada por advogado na Zona da Mata Mineira","datePublished":"2015-06-18T21:50:23+00:00","mainEntityOfPage":{"@id":"https:\/\/aconteceunovale.com.br\/portal\/?p=61571"},"wordCount":182,"commentCount":0,"image":{"@id":"https:\/\/aconteceunovale.com.br\/portal\/?p=61571#primaryimage"},"thumbnailUrl":"https:\/\/aconteceunovale.com.br\/portal\/wp-content\/uploads\/2015\/06\/operacao_pf.png","keywords":["Cataguases","e Ub\u00e1","Juiz de Fora","Leopoldina","Opera\u00e7\u00e3o da PF desarticula quadrilha liderada por advogado na Zona da Mata Mineira","Opera\u00e7\u00e3o da PF na Zona da Mata","Opera\u00e7\u00e3o da Pol\u00edcia Federal combate tr\u00e1fico de drogas na Zona da Mata Mineira","Opera\u00e7\u00e3o Teia","Opera\u00e7\u00e3o Teia da Pol\u00edcia Federal"],"articleSection":["Minas Gerais"],"inLanguage":"pt-BR","potentialAction":[{"@type":"CommentAction","name":"Comment","target":["https:\/\/aconteceunovale.com.br\/portal\/?p=61571#respond"]}]},{"@type":"WebPage","@id":"https:\/\/aconteceunovale.com.br\/portal\/?p=61571","url":"https:\/\/aconteceunovale.com.br\/portal\/?p=61571","name":"Opera\u00e7\u00e3o da PF desarticula quadrilha liderada por advogado na Zona da Mata Mineira - Aconteceu no Vale","isPartOf":{"@id":"https:\/\/aconteceunovale.com.br\/portal\/#website"},"primaryImageOfPage":{"@id":"https:\/\/aconteceunovale.com.br\/portal\/?p=61571#primaryimage"},"image":{"@id":"https:\/\/aconteceunovale.com.br\/portal\/?p=61571#primaryimage"},"thumbnailUrl":"https:\/\/aconteceunovale.com.br\/portal\/wp-content\/uploads\/2015\/06\/operacao_pf.png","datePublished":"2015-06-18T21:50:23+00:00","author":{"@id":"https:\/\/aconteceunovale.com.br\/portal\/#\/schema\/person\/633529146f2c94272bef50ac2953d589"},"breadcrumb":{"@id":"https:\/\/aconteceunovale.com.br\/portal\/?p=61571#breadcrumb"},"inLanguage":"pt-BR","potentialAction":[{"@type":"ReadAction","target":["https:\/\/aconteceunovale.com.br\/portal\/?p=61571"]}]},{"@type":"ImageObject","inLanguage":"pt-BR","@id":"https:\/\/aconteceunovale.com.br\/portal\/?p=61571#primaryimage","url":"https:\/\/aconteceunovale.com.br\/portal\/wp-content\/uploads\/2015\/06\/operacao_pf.png","contentUrl":"https:\/\/aconteceunovale.com.br\/portal\/wp-content\/uploads\/2015\/06\/operacao_pf.png","width":600,"height":400},{"@type":"BreadcrumbList","@id":"https:\/\/aconteceunovale.com.br\/portal\/?p=61571#breadcrumb","itemListElement":[{"@type":"ListItem","position":1,"name":"In\u00edcio","item":"https:\/\/aconteceunovale.com.br\/portal\/"},{"@type":"ListItem","position":2,"name":"Opera\u00e7\u00e3o da PF desarticula quadrilha liderada por advogado na Zona da Mata Mineira"}]},{"@type":"WebSite","@id":"https:\/\/aconteceunovale.com.br\/portal\/#website","url":"https:\/\/aconteceunovale.com.br\/portal\/","name":"Aconteceu no Vale","description":"Portal de Not\u00edcias","potentialAction":[{"@type":"SearchAction","target":{"@type":"EntryPoint","urlTemplate":"https:\/\/aconteceunovale.com.br\/portal\/?s={search_term_string}"},"query-input":{"@type":"PropertyValueSpecification","valueRequired":true,"valueName":"search_term_string"}}],"inLanguage":"pt-BR"},{"@type":"Person","@id":"https:\/\/aconteceunovale.com.br\/portal\/#\/schema\/person\/633529146f2c94272bef50ac2953d589","name":"Aconteceu no Vale","description":"Equipe de reportagem do Aconteceu no Vale, portal de not\u00edcias do Vale do Jequitinhonha, em Minas Gerais. Cobrimos as 51 cidades do Vale desde 2013. Sugest\u00f5es de pauta e pedidos de corre\u00e7\u00e3o: contato@aconteceunovale.com.br","sameAs":["http:\/\/www.aconteceunovale.com.br"],"url":"https:\/\/aconteceunovale.com.br\/portal\/?author=1"}]}},"_links":{"self":[{"href":"https:\/\/aconteceunovale.com.br\/portal\/index.php?rest_route=\/wp\/v2\/posts\/61571","targetHints":{"allow":["GET"]}}],"collection":[{"href":"https:\/\/aconteceunovale.com.br\/portal\/index.php?rest_route=\/wp\/v2\/posts"}],"about":[{"href":"https:\/\/aconteceunovale.com.br\/portal\/index.php?rest_route=\/wp\/v2\/types\/post"}],"author":[{"embeddable":true,"href":"https:\/\/aconteceunovale.com.br\/portal\/index.php?rest_route=\/wp\/v2\/users\/1"}],"replies":[{"embeddable":true,"href":"https:\/\/aconteceunovale.com.br\/portal\/index.php?rest_route=%2Fwp%2Fv2%2Fcomments&post=61571"}],"version-history":[{"count":0,"href":"https:\/\/aconteceunovale.com.br\/portal\/index.php?rest_route=\/wp\/v2\/posts\/61571\/revisions"}],"wp:featuredmedia":[{"embeddable":true,"href":"https:\/\/aconteceunovale.com.br\/portal\/index.php?rest_route=\/wp\/v2\/media\/61572"}],"wp:attachment":[{"href":"https:\/\/aconteceunovale.com.br\/portal\/index.php?rest_route=%2Fwp%2Fv2%2Fmedia&parent=61571"}],"wp:term":[{"taxonomy":"category","embeddable":true,"href":"https:\/\/aconteceunovale.com.br\/portal\/index.php?rest_route=%2Fwp%2Fv2%2Fcategories&post=61571"},{"taxonomy":"post_tag","embeddable":true,"href":"https:\/\/aconteceunovale.com.br\/portal\/index.php?rest_route=%2Fwp%2Fv2%2Ftags&post=61571"}],"curies":[{"name":"wp","href":"https:\/\/api.w.org\/{rel}","templated":true}]}}