{"id":61547,"date":"2015-06-18T17:24:59","date_gmt":"2015-06-18T20:24:59","guid":{"rendered":"http:\/\/aconteceunovale.com.br\/portal\/?p=61547"},"modified":"2015-06-18T17:24:59","modified_gmt":"2015-06-18T20:24:59","slug":"leo-magalhaes-recebe-homenagem-no-batalhao-da-pm-em-teofilo-otoni","status":"publish","type":"post","link":"https:\/\/aconteceunovale.com.br\/portal\/?p=61547","title":{"rendered":"L\u00e9o Magalh\u00e3es recebe homenagem no Batalh\u00e3o da PM em Te\u00f3filo Otoni"},"content":{"rendered":"<p>O cantor L\u00e9o Magalh\u00e3es fez uma visita \u00e0 Banda de M\u00fasica da 15\u00aa Regi\u00e3o de Pol\u00edcia Militar na manh\u00e3 desta quarta-feira (17), na sede do 19\u00ba Batalh\u00e3o. Carism\u00e1tico, o cantor chegou discreto ao lado da m\u00e3e, do irm\u00e3o Fred, e do seu fiel assessor e amigo Paulinho Brant, por\u00e9m, bastaram alguns passos, para que fosse recebido com muitos abra\u00e7os e palavras de carinho. <\/p>\n<p>Ap\u00f3s atender a acolhida dos militares e funcion\u00e1rios do 19\u00baBPM, o m\u00fasico dirigiu-se at\u00e9 a sala da Banda de M\u00fasica da 15\u00aaRPM. No local, o cantor pode ouvir a execu\u00e7\u00e3o de sucessos da musica nacional. E, claro, tamb\u00e9m soltou a voz acompanhado dos m\u00fasicos. Um momento de muita emo\u00e7\u00e3o para os presentes. <\/p>\n<p>Ao t\u00e9rmino da apresenta\u00e7\u00e3o, o comandante da 15\u00aa RPM coronel Aroldo Pinheiro agradeceu a visita de L\u00e9o Magalh\u00e3es, desejando muito sucesso em sua carreira. A confraterniza\u00e7\u00e3o, por sinal, teve um tom especial. No pr\u00f3ximo dia 19 de junho, sexta-feira, o cantor comemora mais um anivers\u00e1rio. A data foi lembrada e o cantor recebeu os devidos parab\u00e9ns de todos. Uma confraterniza\u00e7\u00e3o que culminou com uma bela homenagem ao aniversariante L\u00e9o Magalh\u00e3es.<\/p>\n<p><img decoding=\"async\" src=\"http:\/\/aconteceunovale.com.br\/portal\/wp-content\/uploads\/2015\/06\/leo_magalhaes_teofilo_otoni_1.jpg\" alt=\"\" \/><em>Recep\u00e7\u00e3o ao cantor L\u00e9o Magalh\u00e3es &#8211; Foto: Reprodu\u00e7\u00e3o \/ Di\u00e1rio de Te\u00f3filo Otoni<\/em><br \/>\n<\/br><\/p>\n<p><img decoding=\"async\" src=\"http:\/\/aconteceunovale.com.br\/portal\/wp-content\/uploads\/2015\/06\/leo_magalhaes_teofilo_otoni_2.jpg\" alt=\"\" \/><em>L\u00e9o Magalh\u00e3es soltou a voz acompanhado do tecladista da banda de m\u00fasica do 19\u00b0 BPM &#8211; Foto: Reprodu\u00e7\u00e3o \/ Di\u00e1rio de Te\u00f3filo Otoni<\/em><br \/>\n<\/br><\/p>\n<p><img decoding=\"async\" src=\"http:\/\/aconteceunovale.com.br\/portal\/wp-content\/uploads\/2015\/06\/leo_magalhaes_teofilo_otoni_3.jpg\" alt=\"\" \/><em>Sauda\u00e7\u00e3o do comandante da 15\u00aaRPM, coronel Aroldo &#8211; Foto: Reprodu\u00e7\u00e3o \/ Di\u00e1rio de Te\u00f3filo Otoni<\/em><br \/>\n<\/br><\/p>\n<p><img decoding=\"async\" src=\"http:\/\/aconteceunovale.com.br\/portal\/wp-content\/uploads\/2015\/06\/leo_magalhaes_teofilo_otoni_4.jpg\" alt=\"\" \/><em>Apresenta\u00e7\u00e3o da Banda de M\u00fasica da 15\u00aaRPM &#8211; Foto: Reprodu\u00e7\u00e3o \/ Di\u00e1rio de Te\u00f3filo Otoni<\/em><br \/>\n<\/br><\/p>\n<p><img decoding=\"async\" src=\"http:\/\/aconteceunovale.com.br\/portal\/wp-content\/uploads\/2015\/06\/leo_magalhaes_teofilo_otoni_5.jpg\" alt=\"\" \/><em>Militares da banda com o cantor L\u00e9o Magalh\u00e3es &#8211; Foto: Reprodu\u00e7\u00e3o \/ Di\u00e1rio de Te\u00f3filo Otoni<\/em><br \/>\n<\/br><\/p>\n<p><img decoding=\"async\" src=\"http:\/\/aconteceunovale.com.br\/portal\/wp-content\/uploads\/2015\/06\/leo_magalhaes_teofilo_otoni_6.jpg\" alt=\"\" \/><em>Cantor sentiu-se a vontade com a \u00f3tima recep\u00e7\u00e3o &#8211; Foto: Reprodu\u00e7\u00e3o \/ Di\u00e1rio de Te\u00f3filo Otoni<\/em><br \/>\n<\/br><\/p>\n<p><img decoding=\"async\" src=\"http:\/\/aconteceunovale.com.br\/portal\/wp-content\/uploads\/2015\/06\/leo_magalhaes_teofilo_otoni_7.jpg\" alt=\"\" \/><em>Comandante da 15\u00aaRPM, coronel Pinheiro, L\u00e9o Magalh\u00e3es, tenente Nath\u00e1lia e o assessor especial do Governo, Jorge Arcanjo &#8211; Foto: Reprodu\u00e7\u00e3o \/ Di\u00e1rio de Te\u00f3filo Otoni<\/em><br \/>\n<\/br><\/p>\n<p><em>(Fonte: Di\u00e1rio de Te\u00f3filo Otoni)<\/em><\/p>\n","protected":false},"excerpt":{"rendered":"<p>O cantor L\u00e9o Magalh\u00e3es fez uma visita \u00e0 Banda de M\u00fasica da 15\u00aa Regi\u00e3o de Pol\u00edcia Militar na manh\u00e3 desta quarta-feira (17), na sede do 19\u00ba Batalh\u00e3o. Carism\u00e1tico, o cantor chegou discreto ao lado da m\u00e3e, do irm\u00e3o Fred, e do seu fiel assessor e amigo Paulinho Brant, por\u00e9m, bastaram alguns passos, para que fosse [&hellip;]<\/p>\n","protected":false},"author":1,"featured_media":61553,"comment_status":"open","ping_status":"closed","sticky":false,"template":"","format":"standard","meta":{"amp_status":"","footnotes":""},"categories":[122],"tags":[32359,48820,48821,804,48819,164],"class_list":["post-61547","post","type-post","status-publish","format-standard","has-post-thumbnail","hentry","category-mucuri","tag-15a-regiao-de-policia-militar","tag-batalhao-da-pm-de-teofilo-otoni-homenageia-leo-magalhaes","tag-coronel-aroldo-pinheiro","tag-leo-magalhaes","tag-leo-magalhaes-recebe-homenagem-no-batalhao-da-pm-em-teofilo-otoni","tag-teofilo-otoni"],"yoast_head":"<!-- This site is optimized with the Yoast SEO plugin v28.3 - https:\/\/yoast.com\/product\/yoast-seo-wordpress\/ -->\n<title>L\u00e9o Magalh\u00e3es recebe homenagem no Batalh\u00e3o da PM em Te\u00f3filo Otoni - Aconteceu no Vale<\/title>\n<meta name=\"robots\" content=\"index, follow, max-snippet:-1, max-image-preview:large, max-video-preview:-1\" \/>\n<link rel=\"canonical\" href=\"https:\/\/aconteceunovale.com.br\/portal\/?p=61547\" \/>\n<meta property=\"og:locale\" content=\"pt_BR\" \/>\n<meta property=\"og:type\" content=\"article\" \/>\n<meta property=\"og:title\" content=\"L\u00e9o Magalh\u00e3es recebe homenagem no Batalh\u00e3o da PM em Te\u00f3filo Otoni - Aconteceu no Vale\" \/>\n<meta property=\"og:description\" content=\"O cantor L\u00e9o Magalh\u00e3es fez uma visita \u00e0 Banda de M\u00fasica da 15\u00aa Regi\u00e3o de Pol\u00edcia Militar na manh\u00e3 desta quarta-feira (17), na sede do 19\u00ba Batalh\u00e3o. Carism\u00e1tico, o cantor chegou discreto ao lado da m\u00e3e, do irm\u00e3o Fred, e do seu fiel assessor e amigo Paulinho Brant, por\u00e9m, bastaram alguns passos, para que fosse [&hellip;]\" \/>\n<meta property=\"og:url\" content=\"https:\/\/aconteceunovale.com.br\/portal\/?p=61547\" \/>\n<meta property=\"og:site_name\" content=\"Aconteceu no Vale\" \/>\n<meta property=\"article:publisher\" content=\"https:\/\/www.facebook.com\/aconteceunovale\/\" \/>\n<meta property=\"article:published_time\" content=\"2015-06-18T20:24:59+00:00\" \/>\n<meta property=\"og:image\" content=\"https:\/\/aconteceunovale.com.br\/portal\/wp-content\/uploads\/2015\/06\/leo_magalhaes_teofilo_otoni_6.jpg\" \/>\n\t<meta property=\"og:image:width\" content=\"678\" \/>\n\t<meta property=\"og:image:height\" content=\"375\" \/>\n\t<meta property=\"og:image:type\" content=\"image\/jpeg\" \/>\n<meta name=\"author\" content=\"Aconteceu no Vale\" \/>\n<meta name=\"twitter:card\" content=\"summary_large_image\" \/>\n<meta name=\"twitter:creator\" content=\"@noticiadosvales\" \/>\n<meta name=\"twitter:site\" content=\"@noticiadosvales\" \/>\n<meta name=\"twitter:label1\" content=\"Escrito por\" \/>\n\t<meta name=\"twitter:data1\" content=\"Aconteceu no Vale\" \/>\n\t<meta name=\"twitter:label2\" content=\"Est. tempo de leitura\" \/>\n\t<meta name=\"twitter:data2\" content=\"2 minutos\" \/>\n<script type=\"application\/ld+json\" class=\"yoast-schema-graph\">{\"@context\":\"https:\\\/\\\/schema.org\",\"@graph\":[{\"@type\":\"Article\",\"@id\":\"https:\\\/\\\/aconteceunovale.com.br\\\/portal\\\/?p=61547#article\",\"isPartOf\":{\"@id\":\"https:\\\/\\\/aconteceunovale.com.br\\\/portal\\\/?p=61547\"},\"author\":{\"name\":\"Aconteceu no Vale\",\"@id\":\"https:\\\/\\\/aconteceunovale.com.br\\\/portal\\\/#\\\/schema\\\/person\\\/633529146f2c94272bef50ac2953d589\"},\"headline\":\"L\u00e9o Magalh\u00e3es recebe homenagem no Batalh\u00e3o da PM em Te\u00f3filo Otoni\",\"datePublished\":\"2015-06-18T20:24:59+00:00\",\"mainEntityOfPage\":{\"@id\":\"https:\\\/\\\/aconteceunovale.com.br\\\/portal\\\/?p=61547\"},\"wordCount\":382,\"commentCount\":0,\"image\":{\"@id\":\"https:\\\/\\\/aconteceunovale.com.br\\\/portal\\\/?p=61547#primaryimage\"},\"thumbnailUrl\":\"https:\\\/\\\/aconteceunovale.com.br\\\/portal\\\/wp-content\\\/uploads\\\/2015\\\/06\\\/leo_magalhaes_teofilo_otoni_6.jpg\",\"keywords\":[\"15\u00aa Regi\u00e3o de Pol\u00edcia Militar\",\"Batalh\u00e3o da PM de Te\u00f3filo Otoni homenageia L\u00e9o Magalh\u00e3es\",\"coronel Aroldo Pinheiro\",\"l\u00e9o magalh\u00e3es\",\"L\u00e9o Magalh\u00e3es recebe homenagem no Batalh\u00e3o da PM em Te\u00f3filo Otoni\",\"Te\u00f3filo Otoni\"],\"articleSection\":[\"Vale do Mucuri\"],\"inLanguage\":\"pt-BR\",\"potentialAction\":[{\"@type\":\"CommentAction\",\"name\":\"Comment\",\"target\":[\"https:\\\/\\\/aconteceunovale.com.br\\\/portal\\\/?p=61547#respond\"]}]},{\"@type\":\"WebPage\",\"@id\":\"https:\\\/\\\/aconteceunovale.com.br\\\/portal\\\/?p=61547\",\"url\":\"https:\\\/\\\/aconteceunovale.com.br\\\/portal\\\/?p=61547\",\"name\":\"L\u00e9o Magalh\u00e3es recebe homenagem no Batalh\u00e3o da PM em Te\u00f3filo Otoni - Aconteceu no Vale\",\"isPartOf\":{\"@id\":\"https:\\\/\\\/aconteceunovale.com.br\\\/portal\\\/#website\"},\"primaryImageOfPage\":{\"@id\":\"https:\\\/\\\/aconteceunovale.com.br\\\/portal\\\/?p=61547#primaryimage\"},\"image\":{\"@id\":\"https:\\\/\\\/aconteceunovale.com.br\\\/portal\\\/?p=61547#primaryimage\"},\"thumbnailUrl\":\"https:\\\/\\\/aconteceunovale.com.br\\\/portal\\\/wp-content\\\/uploads\\\/2015\\\/06\\\/leo_magalhaes_teofilo_otoni_6.jpg\",\"datePublished\":\"2015-06-18T20:24:59+00:00\",\"author\":{\"@id\":\"https:\\\/\\\/aconteceunovale.com.br\\\/portal\\\/#\\\/schema\\\/person\\\/633529146f2c94272bef50ac2953d589\"},\"breadcrumb\":{\"@id\":\"https:\\\/\\\/aconteceunovale.com.br\\\/portal\\\/?p=61547#breadcrumb\"},\"inLanguage\":\"pt-BR\",\"potentialAction\":[{\"@type\":\"ReadAction\",\"target\":[\"https:\\\/\\\/aconteceunovale.com.br\\\/portal\\\/?p=61547\"]}]},{\"@type\":\"ImageObject\",\"inLanguage\":\"pt-BR\",\"@id\":\"https:\\\/\\\/aconteceunovale.com.br\\\/portal\\\/?p=61547#primaryimage\",\"url\":\"https:\\\/\\\/aconteceunovale.com.br\\\/portal\\\/wp-content\\\/uploads\\\/2015\\\/06\\\/leo_magalhaes_teofilo_otoni_6.jpg\",\"contentUrl\":\"https:\\\/\\\/aconteceunovale.com.br\\\/portal\\\/wp-content\\\/uploads\\\/2015\\\/06\\\/leo_magalhaes_teofilo_otoni_6.jpg\",\"width\":678,\"height\":375},{\"@type\":\"BreadcrumbList\",\"@id\":\"https:\\\/\\\/aconteceunovale.com.br\\\/portal\\\/?p=61547#breadcrumb\",\"itemListElement\":[{\"@type\":\"ListItem\",\"position\":1,\"name\":\"In\u00edcio\",\"item\":\"https:\\\/\\\/aconteceunovale.com.br\\\/portal\\\/\"},{\"@type\":\"ListItem\",\"position\":2,\"name\":\"L\u00e9o Magalh\u00e3es recebe homenagem no Batalh\u00e3o da PM em Te\u00f3filo Otoni\"}]},{\"@type\":\"WebSite\",\"@id\":\"https:\\\/\\\/aconteceunovale.com.br\\\/portal\\\/#website\",\"url\":\"https:\\\/\\\/aconteceunovale.com.br\\\/portal\\\/\",\"name\":\"Aconteceu no Vale\",\"description\":\"Portal de Not\u00edcias\",\"potentialAction\":[{\"@type\":\"SearchAction\",\"target\":{\"@type\":\"EntryPoint\",\"urlTemplate\":\"https:\\\/\\\/aconteceunovale.com.br\\\/portal\\\/?s={search_term_string}\"},\"query-input\":{\"@type\":\"PropertyValueSpecification\",\"valueRequired\":true,\"valueName\":\"search_term_string\"}}],\"inLanguage\":\"pt-BR\"},{\"@type\":\"Person\",\"@id\":\"https:\\\/\\\/aconteceunovale.com.br\\\/portal\\\/#\\\/schema\\\/person\\\/633529146f2c94272bef50ac2953d589\",\"name\":\"Aconteceu no Vale\",\"description\":\"Equipe de reportagem do Aconteceu no Vale, portal de not\u00edcias do Vale do Jequitinhonha, em Minas Gerais. Cobrimos as 51 cidades do Vale desde 2013. Sugest\u00f5es de pauta e pedidos de corre\u00e7\u00e3o: contato@aconteceunovale.com.br\",\"sameAs\":[\"http:\\\/\\\/www.aconteceunovale.com.br\"],\"url\":\"https:\\\/\\\/aconteceunovale.com.br\\\/portal\\\/?author=1\"}]}<\/script>\n<!-- \/ Yoast SEO plugin. -->","yoast_head_json":{"title":"L\u00e9o Magalh\u00e3es recebe homenagem no Batalh\u00e3o da PM em Te\u00f3filo Otoni - Aconteceu no Vale","robots":{"index":"index","follow":"follow","max-snippet":"max-snippet:-1","max-image-preview":"max-image-preview:large","max-video-preview":"max-video-preview:-1"},"canonical":"https:\/\/aconteceunovale.com.br\/portal\/?p=61547","og_locale":"pt_BR","og_type":"article","og_title":"L\u00e9o Magalh\u00e3es recebe homenagem no Batalh\u00e3o da PM em Te\u00f3filo Otoni - Aconteceu no Vale","og_description":"O cantor L\u00e9o Magalh\u00e3es fez uma visita \u00e0 Banda de M\u00fasica da 15\u00aa Regi\u00e3o de Pol\u00edcia Militar na manh\u00e3 desta quarta-feira (17), na sede do 19\u00ba Batalh\u00e3o. Carism\u00e1tico, o cantor chegou discreto ao lado da m\u00e3e, do irm\u00e3o Fred, e do seu fiel assessor e amigo Paulinho Brant, por\u00e9m, bastaram alguns passos, para que fosse [&hellip;]","og_url":"https:\/\/aconteceunovale.com.br\/portal\/?p=61547","og_site_name":"Aconteceu no Vale","article_publisher":"https:\/\/www.facebook.com\/aconteceunovale\/","article_published_time":"2015-06-18T20:24:59+00:00","og_image":[{"width":678,"height":375,"url":"https:\/\/aconteceunovale.com.br\/portal\/wp-content\/uploads\/2015\/06\/leo_magalhaes_teofilo_otoni_6.jpg","type":"image\/jpeg"}],"author":"Aconteceu no Vale","twitter_card":"summary_large_image","twitter_creator":"@noticiadosvales","twitter_site":"@noticiadosvales","twitter_misc":{"Escrito por":"Aconteceu no Vale","Est. tempo de leitura":"2 minutos"},"schema":{"@context":"https:\/\/schema.org","@graph":[{"@type":"Article","@id":"https:\/\/aconteceunovale.com.br\/portal\/?p=61547#article","isPartOf":{"@id":"https:\/\/aconteceunovale.com.br\/portal\/?p=61547"},"author":{"name":"Aconteceu no Vale","@id":"https:\/\/aconteceunovale.com.br\/portal\/#\/schema\/person\/633529146f2c94272bef50ac2953d589"},"headline":"L\u00e9o Magalh\u00e3es recebe homenagem no Batalh\u00e3o da PM em Te\u00f3filo Otoni","datePublished":"2015-06-18T20:24:59+00:00","mainEntityOfPage":{"@id":"https:\/\/aconteceunovale.com.br\/portal\/?p=61547"},"wordCount":382,"commentCount":0,"image":{"@id":"https:\/\/aconteceunovale.com.br\/portal\/?p=61547#primaryimage"},"thumbnailUrl":"https:\/\/aconteceunovale.com.br\/portal\/wp-content\/uploads\/2015\/06\/leo_magalhaes_teofilo_otoni_6.jpg","keywords":["15\u00aa Regi\u00e3o de Pol\u00edcia Militar","Batalh\u00e3o da PM de Te\u00f3filo Otoni homenageia L\u00e9o Magalh\u00e3es","coronel Aroldo Pinheiro","l\u00e9o magalh\u00e3es","L\u00e9o Magalh\u00e3es recebe homenagem no Batalh\u00e3o da PM em Te\u00f3filo Otoni","Te\u00f3filo Otoni"],"articleSection":["Vale do Mucuri"],"inLanguage":"pt-BR","potentialAction":[{"@type":"CommentAction","name":"Comment","target":["https:\/\/aconteceunovale.com.br\/portal\/?p=61547#respond"]}]},{"@type":"WebPage","@id":"https:\/\/aconteceunovale.com.br\/portal\/?p=61547","url":"https:\/\/aconteceunovale.com.br\/portal\/?p=61547","name":"L\u00e9o Magalh\u00e3es recebe homenagem no Batalh\u00e3o da PM em Te\u00f3filo Otoni - Aconteceu no Vale","isPartOf":{"@id":"https:\/\/aconteceunovale.com.br\/portal\/#website"},"primaryImageOfPage":{"@id":"https:\/\/aconteceunovale.com.br\/portal\/?p=61547#primaryimage"},"image":{"@id":"https:\/\/aconteceunovale.com.br\/portal\/?p=61547#primaryimage"},"thumbnailUrl":"https:\/\/aconteceunovale.com.br\/portal\/wp-content\/uploads\/2015\/06\/leo_magalhaes_teofilo_otoni_6.jpg","datePublished":"2015-06-18T20:24:59+00:00","author":{"@id":"https:\/\/aconteceunovale.com.br\/portal\/#\/schema\/person\/633529146f2c94272bef50ac2953d589"},"breadcrumb":{"@id":"https:\/\/aconteceunovale.com.br\/portal\/?p=61547#breadcrumb"},"inLanguage":"pt-BR","potentialAction":[{"@type":"ReadAction","target":["https:\/\/aconteceunovale.com.br\/portal\/?p=61547"]}]},{"@type":"ImageObject","inLanguage":"pt-BR","@id":"https:\/\/aconteceunovale.com.br\/portal\/?p=61547#primaryimage","url":"https:\/\/aconteceunovale.com.br\/portal\/wp-content\/uploads\/2015\/06\/leo_magalhaes_teofilo_otoni_6.jpg","contentUrl":"https:\/\/aconteceunovale.com.br\/portal\/wp-content\/uploads\/2015\/06\/leo_magalhaes_teofilo_otoni_6.jpg","width":678,"height":375},{"@type":"BreadcrumbList","@id":"https:\/\/aconteceunovale.com.br\/portal\/?p=61547#breadcrumb","itemListElement":[{"@type":"ListItem","position":1,"name":"In\u00edcio","item":"https:\/\/aconteceunovale.com.br\/portal\/"},{"@type":"ListItem","position":2,"name":"L\u00e9o Magalh\u00e3es recebe homenagem no Batalh\u00e3o da PM em Te\u00f3filo Otoni"}]},{"@type":"WebSite","@id":"https:\/\/aconteceunovale.com.br\/portal\/#website","url":"https:\/\/aconteceunovale.com.br\/portal\/","name":"Aconteceu no Vale","description":"Portal de Not\u00edcias","potentialAction":[{"@type":"SearchAction","target":{"@type":"EntryPoint","urlTemplate":"https:\/\/aconteceunovale.com.br\/portal\/?s={search_term_string}"},"query-input":{"@type":"PropertyValueSpecification","valueRequired":true,"valueName":"search_term_string"}}],"inLanguage":"pt-BR"},{"@type":"Person","@id":"https:\/\/aconteceunovale.com.br\/portal\/#\/schema\/person\/633529146f2c94272bef50ac2953d589","name":"Aconteceu no Vale","description":"Equipe de reportagem do Aconteceu no Vale, portal de not\u00edcias do Vale do Jequitinhonha, em Minas Gerais. Cobrimos as 51 cidades do Vale desde 2013. Sugest\u00f5es de pauta e pedidos de corre\u00e7\u00e3o: contato@aconteceunovale.com.br","sameAs":["http:\/\/www.aconteceunovale.com.br"],"url":"https:\/\/aconteceunovale.com.br\/portal\/?author=1"}]}},"_links":{"self":[{"href":"https:\/\/aconteceunovale.com.br\/portal\/index.php?rest_route=\/wp\/v2\/posts\/61547","targetHints":{"allow":["GET"]}}],"collection":[{"href":"https:\/\/aconteceunovale.com.br\/portal\/index.php?rest_route=\/wp\/v2\/posts"}],"about":[{"href":"https:\/\/aconteceunovale.com.br\/portal\/index.php?rest_route=\/wp\/v2\/types\/post"}],"author":[{"embeddable":true,"href":"https:\/\/aconteceunovale.com.br\/portal\/index.php?rest_route=\/wp\/v2\/users\/1"}],"replies":[{"embeddable":true,"href":"https:\/\/aconteceunovale.com.br\/portal\/index.php?rest_route=%2Fwp%2Fv2%2Fcomments&post=61547"}],"version-history":[{"count":0,"href":"https:\/\/aconteceunovale.com.br\/portal\/index.php?rest_route=\/wp\/v2\/posts\/61547\/revisions"}],"wp:featuredmedia":[{"embeddable":true,"href":"https:\/\/aconteceunovale.com.br\/portal\/index.php?rest_route=\/wp\/v2\/media\/61553"}],"wp:attachment":[{"href":"https:\/\/aconteceunovale.com.br\/portal\/index.php?rest_route=%2Fwp%2Fv2%2Fmedia&parent=61547"}],"wp:term":[{"taxonomy":"category","embeddable":true,"href":"https:\/\/aconteceunovale.com.br\/portal\/index.php?rest_route=%2Fwp%2Fv2%2Fcategories&post=61547"},{"taxonomy":"post_tag","embeddable":true,"href":"https:\/\/aconteceunovale.com.br\/portal\/index.php?rest_route=%2Fwp%2Fv2%2Ftags&post=61547"}],"curies":[{"name":"wp","href":"https:\/\/api.w.org\/{rel}","templated":true}]}}