{"id":61541,"date":"2015-06-18T16:57:31","date_gmt":"2015-06-18T19:57:31","guid":{"rendered":"http:\/\/aconteceunovale.com.br\/portal\/?p=61541"},"modified":"2015-06-18T16:57:31","modified_gmt":"2015-06-18T19:57:31","slug":"homem-e-encontrado-morto-dentro-de-penitenciaria-em-governador-valadares","status":"publish","type":"post","link":"https:\/\/aconteceunovale.com.br\/portal\/?p=61541","title":{"rendered":"Homem \u00e9 encontrado morto dentro de penitenci\u00e1ria em Governador Valadares"},"content":{"rendered":"<h4><strong><em>Preso teria tido atendimento m\u00e9dico negado pelos agentes, diz fam\u00edlia. Seds investiga as causas da morte.<\/em><\/strong><\/h4>\n<p>Um detento de 32 anos foi encontrado morto, na noite desta quarta-feira (17\/06), na Penitenci\u00e1ria Francisco Floriano de Paula, em Governador Valadares (MG). Familiares do preso informaram aos \u00f3rg\u00e3os de imprensa local que Alan Junior Pereira Gomes sofria de tuberculose e o atendimento m\u00e9dico teria sido negado pelos agentes penitenci\u00e1rios.<\/p>\n<p>Em nota, a Secretaria de Estado de Defesa Social informou que o preso chegou a ser encaminhado ao Hospital Municipal de Valadares na ter\u00e7a-feira (16), porque reclamava de fortes dores de cabe\u00e7a. Ele foi medicado e retornou a penitenci\u00e1ria. O \u00f3rg\u00e3o n\u00e3o confirmou que ele tinha tuberculose, como relatou a fam\u00edlia.<\/p>\n<p>Ainda de acordo com a Seds, os agentes penitenci\u00e1rios faziam uma confer\u00eancia noturna de rotina quando encontraram o corpo. A causa da morte ser\u00e1 apurada e a cela onde ele estava foi isolada por quest\u00f5es de seguran\u00e7a. Dois presos que dividiam o espa\u00e7o com ele foram retirados.<\/p>\n<p>A unidade instaurou um Procedimento Interno para apurar as circunst\u00e2ncias do ocorrido e aguarda o resultado da autopsia. O corpo do detento foi encaminhado ao Instituto M\u00e9dico Legal de Governador Valadares.<\/p>\n<p>Ainda segundo a fam\u00edlia, houve um princ\u00edpio de motim na penitenci\u00e1ria por causa da morte do detento, por\u00e9m a Seds n\u00e3o confirmou. (G1)<\/p>\n","protected":false},"excerpt":{"rendered":"<p>Preso teria tido atendimento m\u00e9dico negado pelos agentes, diz fam\u00edlia. Seds investiga as causas da morte. Um detento de 32 anos foi encontrado morto, na noite desta quarta-feira (17\/06), na Penitenci\u00e1ria Francisco Floriano de Paula, em Governador Valadares (MG). Familiares do preso informaram aos \u00f3rg\u00e3os de imprensa local que Alan Junior Pereira Gomes sofria de [&hellip;]<\/p>\n","protected":false},"author":1,"featured_media":61542,"comment_status":"open","ping_status":"closed","sticky":false,"template":"","format":"standard","meta":{"amp_status":"","footnotes":""},"categories":[121],"tags":[48815,247,48816,19123],"class_list":["post-61541","post","type-post","status-publish","format-standard","has-post-thumbnail","hentry","category-leste","tag-alan-junior-pereira-gomes","tag-governador-valadares","tag-homem-e-encontrado-morto-dentro-de-penitenciaria-em-governador-valadares","tag-penitenciaria-francisco-floriano-de-paula"],"yoast_head":"<!-- This site is optimized with the Yoast SEO plugin v28.3 - https:\/\/yoast.com\/product\/yoast-seo-wordpress\/ -->\n<title>Homem \u00e9 encontrado morto dentro de penitenci\u00e1ria em Governador Valadares - Aconteceu no Vale<\/title>\n<meta name=\"robots\" content=\"index, follow, max-snippet:-1, max-image-preview:large, max-video-preview:-1\" \/>\n<link rel=\"canonical\" href=\"https:\/\/aconteceunovale.com.br\/portal\/?p=61541\" \/>\n<meta property=\"og:locale\" content=\"pt_BR\" \/>\n<meta property=\"og:type\" content=\"article\" \/>\n<meta property=\"og:title\" content=\"Homem \u00e9 encontrado morto dentro de penitenci\u00e1ria em Governador Valadares - Aconteceu no Vale\" \/>\n<meta property=\"og:description\" content=\"Preso teria tido atendimento m\u00e9dico negado pelos agentes, diz fam\u00edlia. Seds investiga as causas da morte. Um detento de 32 anos foi encontrado morto, na noite desta quarta-feira (17\/06), na Penitenci\u00e1ria Francisco Floriano de Paula, em Governador Valadares (MG). Familiares do preso informaram aos \u00f3rg\u00e3os de imprensa local que Alan Junior Pereira Gomes sofria de [&hellip;]\" \/>\n<meta property=\"og:url\" content=\"https:\/\/aconteceunovale.com.br\/portal\/?p=61541\" \/>\n<meta property=\"og:site_name\" content=\"Aconteceu no Vale\" \/>\n<meta property=\"article:publisher\" content=\"https:\/\/www.facebook.com\/aconteceunovale\/\" \/>\n<meta property=\"article:published_time\" content=\"2015-06-18T19:57:31+00:00\" \/>\n<meta property=\"og:image\" content=\"https:\/\/aconteceunovale.com.br\/portal\/wp-content\/uploads\/2015\/06\/paca_gv.jpg\" \/>\n\t<meta property=\"og:image:width\" content=\"587\" \/>\n\t<meta property=\"og:image:height\" content=\"406\" \/>\n\t<meta property=\"og:image:type\" content=\"image\/jpeg\" \/>\n<meta name=\"author\" content=\"Aconteceu no Vale\" \/>\n<meta name=\"twitter:card\" content=\"summary_large_image\" \/>\n<meta name=\"twitter:creator\" content=\"@noticiadosvales\" \/>\n<meta name=\"twitter:site\" content=\"@noticiadosvales\" \/>\n<meta name=\"twitter:label1\" content=\"Escrito por\" \/>\n\t<meta name=\"twitter:data1\" content=\"Aconteceu no Vale\" \/>\n\t<meta name=\"twitter:label2\" content=\"Est. tempo de leitura\" \/>\n\t<meta name=\"twitter:data2\" content=\"1 minuto\" \/>\n<script type=\"application\/ld+json\" class=\"yoast-schema-graph\">{\"@context\":\"https:\\\/\\\/schema.org\",\"@graph\":[{\"@type\":\"Article\",\"@id\":\"https:\\\/\\\/aconteceunovale.com.br\\\/portal\\\/?p=61541#article\",\"isPartOf\":{\"@id\":\"https:\\\/\\\/aconteceunovale.com.br\\\/portal\\\/?p=61541\"},\"author\":{\"name\":\"Aconteceu no Vale\",\"@id\":\"https:\\\/\\\/aconteceunovale.com.br\\\/portal\\\/#\\\/schema\\\/person\\\/633529146f2c94272bef50ac2953d589\"},\"headline\":\"Homem \u00e9 encontrado morto dentro de penitenci\u00e1ria em Governador Valadares\",\"datePublished\":\"2015-06-18T19:57:31+00:00\",\"mainEntityOfPage\":{\"@id\":\"https:\\\/\\\/aconteceunovale.com.br\\\/portal\\\/?p=61541\"},\"wordCount\":249,\"commentCount\":0,\"image\":{\"@id\":\"https:\\\/\\\/aconteceunovale.com.br\\\/portal\\\/?p=61541#primaryimage\"},\"thumbnailUrl\":\"https:\\\/\\\/aconteceunovale.com.br\\\/portal\\\/wp-content\\\/uploads\\\/2015\\\/06\\\/paca_gv.jpg\",\"keywords\":[\"Alan Junior Pereira Gomes\",\"Governador Valadares\",\"Homem \u00e9 encontrado morto dentro de penitenci\u00e1ria em Governador Valadares\",\"Penitenci\u00e1ria Francisco Floriano de Paula\"],\"articleSection\":[\"Leste de Minas\"],\"inLanguage\":\"pt-BR\",\"potentialAction\":[{\"@type\":\"CommentAction\",\"name\":\"Comment\",\"target\":[\"https:\\\/\\\/aconteceunovale.com.br\\\/portal\\\/?p=61541#respond\"]}]},{\"@type\":\"WebPage\",\"@id\":\"https:\\\/\\\/aconteceunovale.com.br\\\/portal\\\/?p=61541\",\"url\":\"https:\\\/\\\/aconteceunovale.com.br\\\/portal\\\/?p=61541\",\"name\":\"Homem \u00e9 encontrado morto dentro de penitenci\u00e1ria em Governador Valadares - Aconteceu no Vale\",\"isPartOf\":{\"@id\":\"https:\\\/\\\/aconteceunovale.com.br\\\/portal\\\/#website\"},\"primaryImageOfPage\":{\"@id\":\"https:\\\/\\\/aconteceunovale.com.br\\\/portal\\\/?p=61541#primaryimage\"},\"image\":{\"@id\":\"https:\\\/\\\/aconteceunovale.com.br\\\/portal\\\/?p=61541#primaryimage\"},\"thumbnailUrl\":\"https:\\\/\\\/aconteceunovale.com.br\\\/portal\\\/wp-content\\\/uploads\\\/2015\\\/06\\\/paca_gv.jpg\",\"datePublished\":\"2015-06-18T19:57:31+00:00\",\"author\":{\"@id\":\"https:\\\/\\\/aconteceunovale.com.br\\\/portal\\\/#\\\/schema\\\/person\\\/633529146f2c94272bef50ac2953d589\"},\"breadcrumb\":{\"@id\":\"https:\\\/\\\/aconteceunovale.com.br\\\/portal\\\/?p=61541#breadcrumb\"},\"inLanguage\":\"pt-BR\",\"potentialAction\":[{\"@type\":\"ReadAction\",\"target\":[\"https:\\\/\\\/aconteceunovale.com.br\\\/portal\\\/?p=61541\"]}]},{\"@type\":\"ImageObject\",\"inLanguage\":\"pt-BR\",\"@id\":\"https:\\\/\\\/aconteceunovale.com.br\\\/portal\\\/?p=61541#primaryimage\",\"url\":\"https:\\\/\\\/aconteceunovale.com.br\\\/portal\\\/wp-content\\\/uploads\\\/2015\\\/06\\\/paca_gv.jpg\",\"contentUrl\":\"https:\\\/\\\/aconteceunovale.com.br\\\/portal\\\/wp-content\\\/uploads\\\/2015\\\/06\\\/paca_gv.jpg\",\"width\":587,\"height\":406},{\"@type\":\"BreadcrumbList\",\"@id\":\"https:\\\/\\\/aconteceunovale.com.br\\\/portal\\\/?p=61541#breadcrumb\",\"itemListElement\":[{\"@type\":\"ListItem\",\"position\":1,\"name\":\"In\u00edcio\",\"item\":\"https:\\\/\\\/aconteceunovale.com.br\\\/portal\\\/\"},{\"@type\":\"ListItem\",\"position\":2,\"name\":\"Homem \u00e9 encontrado morto dentro de penitenci\u00e1ria em Governador Valadares\"}]},{\"@type\":\"WebSite\",\"@id\":\"https:\\\/\\\/aconteceunovale.com.br\\\/portal\\\/#website\",\"url\":\"https:\\\/\\\/aconteceunovale.com.br\\\/portal\\\/\",\"name\":\"Aconteceu no Vale\",\"description\":\"Portal de Not\u00edcias\",\"potentialAction\":[{\"@type\":\"SearchAction\",\"target\":{\"@type\":\"EntryPoint\",\"urlTemplate\":\"https:\\\/\\\/aconteceunovale.com.br\\\/portal\\\/?s={search_term_string}\"},\"query-input\":{\"@type\":\"PropertyValueSpecification\",\"valueRequired\":true,\"valueName\":\"search_term_string\"}}],\"inLanguage\":\"pt-BR\"},{\"@type\":\"Person\",\"@id\":\"https:\\\/\\\/aconteceunovale.com.br\\\/portal\\\/#\\\/schema\\\/person\\\/633529146f2c94272bef50ac2953d589\",\"name\":\"Aconteceu no Vale\",\"description\":\"Equipe de reportagem do Aconteceu no Vale, portal de not\u00edcias do Vale do Jequitinhonha, em Minas Gerais. Cobrimos as 51 cidades do Vale desde 2013. Sugest\u00f5es de pauta e pedidos de corre\u00e7\u00e3o: contato@aconteceunovale.com.br\",\"sameAs\":[\"http:\\\/\\\/www.aconteceunovale.com.br\"],\"url\":\"https:\\\/\\\/aconteceunovale.com.br\\\/portal\\\/?author=1\"}]}<\/script>\n<!-- \/ Yoast SEO plugin. -->","yoast_head_json":{"title":"Homem \u00e9 encontrado morto dentro de penitenci\u00e1ria em Governador Valadares - Aconteceu no Vale","robots":{"index":"index","follow":"follow","max-snippet":"max-snippet:-1","max-image-preview":"max-image-preview:large","max-video-preview":"max-video-preview:-1"},"canonical":"https:\/\/aconteceunovale.com.br\/portal\/?p=61541","og_locale":"pt_BR","og_type":"article","og_title":"Homem \u00e9 encontrado morto dentro de penitenci\u00e1ria em Governador Valadares - Aconteceu no Vale","og_description":"Preso teria tido atendimento m\u00e9dico negado pelos agentes, diz fam\u00edlia. Seds investiga as causas da morte. Um detento de 32 anos foi encontrado morto, na noite desta quarta-feira (17\/06), na Penitenci\u00e1ria Francisco Floriano de Paula, em Governador Valadares (MG). Familiares do preso informaram aos \u00f3rg\u00e3os de imprensa local que Alan Junior Pereira Gomes sofria de [&hellip;]","og_url":"https:\/\/aconteceunovale.com.br\/portal\/?p=61541","og_site_name":"Aconteceu no Vale","article_publisher":"https:\/\/www.facebook.com\/aconteceunovale\/","article_published_time":"2015-06-18T19:57:31+00:00","og_image":[{"width":587,"height":406,"url":"https:\/\/aconteceunovale.com.br\/portal\/wp-content\/uploads\/2015\/06\/paca_gv.jpg","type":"image\/jpeg"}],"author":"Aconteceu no Vale","twitter_card":"summary_large_image","twitter_creator":"@noticiadosvales","twitter_site":"@noticiadosvales","twitter_misc":{"Escrito por":"Aconteceu no Vale","Est. tempo de leitura":"1 minuto"},"schema":{"@context":"https:\/\/schema.org","@graph":[{"@type":"Article","@id":"https:\/\/aconteceunovale.com.br\/portal\/?p=61541#article","isPartOf":{"@id":"https:\/\/aconteceunovale.com.br\/portal\/?p=61541"},"author":{"name":"Aconteceu no Vale","@id":"https:\/\/aconteceunovale.com.br\/portal\/#\/schema\/person\/633529146f2c94272bef50ac2953d589"},"headline":"Homem \u00e9 encontrado morto dentro de penitenci\u00e1ria em Governador Valadares","datePublished":"2015-06-18T19:57:31+00:00","mainEntityOfPage":{"@id":"https:\/\/aconteceunovale.com.br\/portal\/?p=61541"},"wordCount":249,"commentCount":0,"image":{"@id":"https:\/\/aconteceunovale.com.br\/portal\/?p=61541#primaryimage"},"thumbnailUrl":"https:\/\/aconteceunovale.com.br\/portal\/wp-content\/uploads\/2015\/06\/paca_gv.jpg","keywords":["Alan Junior Pereira Gomes","Governador Valadares","Homem \u00e9 encontrado morto dentro de penitenci\u00e1ria em Governador Valadares","Penitenci\u00e1ria Francisco Floriano de Paula"],"articleSection":["Leste de Minas"],"inLanguage":"pt-BR","potentialAction":[{"@type":"CommentAction","name":"Comment","target":["https:\/\/aconteceunovale.com.br\/portal\/?p=61541#respond"]}]},{"@type":"WebPage","@id":"https:\/\/aconteceunovale.com.br\/portal\/?p=61541","url":"https:\/\/aconteceunovale.com.br\/portal\/?p=61541","name":"Homem \u00e9 encontrado morto dentro de penitenci\u00e1ria em Governador Valadares - Aconteceu no Vale","isPartOf":{"@id":"https:\/\/aconteceunovale.com.br\/portal\/#website"},"primaryImageOfPage":{"@id":"https:\/\/aconteceunovale.com.br\/portal\/?p=61541#primaryimage"},"image":{"@id":"https:\/\/aconteceunovale.com.br\/portal\/?p=61541#primaryimage"},"thumbnailUrl":"https:\/\/aconteceunovale.com.br\/portal\/wp-content\/uploads\/2015\/06\/paca_gv.jpg","datePublished":"2015-06-18T19:57:31+00:00","author":{"@id":"https:\/\/aconteceunovale.com.br\/portal\/#\/schema\/person\/633529146f2c94272bef50ac2953d589"},"breadcrumb":{"@id":"https:\/\/aconteceunovale.com.br\/portal\/?p=61541#breadcrumb"},"inLanguage":"pt-BR","potentialAction":[{"@type":"ReadAction","target":["https:\/\/aconteceunovale.com.br\/portal\/?p=61541"]}]},{"@type":"ImageObject","inLanguage":"pt-BR","@id":"https:\/\/aconteceunovale.com.br\/portal\/?p=61541#primaryimage","url":"https:\/\/aconteceunovale.com.br\/portal\/wp-content\/uploads\/2015\/06\/paca_gv.jpg","contentUrl":"https:\/\/aconteceunovale.com.br\/portal\/wp-content\/uploads\/2015\/06\/paca_gv.jpg","width":587,"height":406},{"@type":"BreadcrumbList","@id":"https:\/\/aconteceunovale.com.br\/portal\/?p=61541#breadcrumb","itemListElement":[{"@type":"ListItem","position":1,"name":"In\u00edcio","item":"https:\/\/aconteceunovale.com.br\/portal\/"},{"@type":"ListItem","position":2,"name":"Homem \u00e9 encontrado morto dentro de penitenci\u00e1ria em Governador Valadares"}]},{"@type":"WebSite","@id":"https:\/\/aconteceunovale.com.br\/portal\/#website","url":"https:\/\/aconteceunovale.com.br\/portal\/","name":"Aconteceu no Vale","description":"Portal de Not\u00edcias","potentialAction":[{"@type":"SearchAction","target":{"@type":"EntryPoint","urlTemplate":"https:\/\/aconteceunovale.com.br\/portal\/?s={search_term_string}"},"query-input":{"@type":"PropertyValueSpecification","valueRequired":true,"valueName":"search_term_string"}}],"inLanguage":"pt-BR"},{"@type":"Person","@id":"https:\/\/aconteceunovale.com.br\/portal\/#\/schema\/person\/633529146f2c94272bef50ac2953d589","name":"Aconteceu no Vale","description":"Equipe de reportagem do Aconteceu no Vale, portal de not\u00edcias do Vale do Jequitinhonha, em Minas Gerais. Cobrimos as 51 cidades do Vale desde 2013. Sugest\u00f5es de pauta e pedidos de corre\u00e7\u00e3o: contato@aconteceunovale.com.br","sameAs":["http:\/\/www.aconteceunovale.com.br"],"url":"https:\/\/aconteceunovale.com.br\/portal\/?author=1"}]}},"_links":{"self":[{"href":"https:\/\/aconteceunovale.com.br\/portal\/index.php?rest_route=\/wp\/v2\/posts\/61541","targetHints":{"allow":["GET"]}}],"collection":[{"href":"https:\/\/aconteceunovale.com.br\/portal\/index.php?rest_route=\/wp\/v2\/posts"}],"about":[{"href":"https:\/\/aconteceunovale.com.br\/portal\/index.php?rest_route=\/wp\/v2\/types\/post"}],"author":[{"embeddable":true,"href":"https:\/\/aconteceunovale.com.br\/portal\/index.php?rest_route=\/wp\/v2\/users\/1"}],"replies":[{"embeddable":true,"href":"https:\/\/aconteceunovale.com.br\/portal\/index.php?rest_route=%2Fwp%2Fv2%2Fcomments&post=61541"}],"version-history":[{"count":0,"href":"https:\/\/aconteceunovale.com.br\/portal\/index.php?rest_route=\/wp\/v2\/posts\/61541\/revisions"}],"wp:featuredmedia":[{"embeddable":true,"href":"https:\/\/aconteceunovale.com.br\/portal\/index.php?rest_route=\/wp\/v2\/media\/61542"}],"wp:attachment":[{"href":"https:\/\/aconteceunovale.com.br\/portal\/index.php?rest_route=%2Fwp%2Fv2%2Fmedia&parent=61541"}],"wp:term":[{"taxonomy":"category","embeddable":true,"href":"https:\/\/aconteceunovale.com.br\/portal\/index.php?rest_route=%2Fwp%2Fv2%2Fcategories&post=61541"},{"taxonomy":"post_tag","embeddable":true,"href":"https:\/\/aconteceunovale.com.br\/portal\/index.php?rest_route=%2Fwp%2Fv2%2Ftags&post=61541"}],"curies":[{"name":"wp","href":"https:\/\/api.w.org\/{rel}","templated":true}]}}