{"id":61523,"date":"2015-06-18T12:48:19","date_gmt":"2015-06-18T15:48:19","guid":{"rendered":"http:\/\/aconteceunovale.com.br\/portal\/?p=61523"},"modified":"2015-06-18T12:53:58","modified_gmt":"2015-06-18T15:53:58","slug":"novas-regras-para-calculo-de-aposentadorias-sao-divulgadas","status":"publish","type":"post","link":"https:\/\/aconteceunovale.com.br\/portal\/?p=61523","title":{"rendered":"Novas regras para c\u00e1lculo de aposentadorias s\u00e3o divulgadas pelo Governo"},"content":{"rendered":"<p>O\u00a0<em>Di\u00e1rio Oficial da Uni\u00e3o<\/em>\u00a0publicou hoje a\u00a0<strong><a href=\"http:\/\/goo.gl\/96E95Q\" target=\"_blank\">Medida Provis\u00f3ria 676 (Clique aqui)<\/a><\/strong>, sobre o c\u00e1lculo para as aposentadorias na Previd\u00eancia Social e adiciona uma f\u00f3rmula progressiva a partir de 2017. Pelo texto, o segurado que preencher o requisito para a aposentadoria por tempo de contribui\u00e7\u00e3o poder\u00e1 optar pela n\u00e3o incid\u00eancia do fator previdenci\u00e1rio, no c\u00e1lculo de sua aposentadoria, quando o total resultante da soma de sua idade e de seu tempo de contribui\u00e7\u00e3o, inclu\u00eddas as fra\u00e7\u00f5es, na data de requerimento da aposentadoria, for igual ou superior a 95 pontos, se homem, observando o tempo m\u00ednimo de contribui\u00e7\u00e3o de 35 anos e igual ou superior a 85, se mulher, observando o tempo m\u00ednimo de contribui\u00e7\u00e3o de 30 anos.<\/p>\n<p>O governo introduziu, no entanto, uma f\u00f3rmula progressiva que passar\u00e1 a vigorar a partir de 2017 e que acrescenta um ponto tanto para os homens quanto para as mulheres com o seguinte calend\u00e1rio:<\/p>\n<p>Primeiro de janeiro de 2017; 1\u00ba de janeiro de 2019; 1\u00ba de janeiro de 2020; 1\u00ba de janeiro de 2021; e 1\u00ba de janeiro de 2022, quando a f\u00f3rmula passa, ent\u00e3o, a ser 90\/100. Com isso, a idade mais o tempo de contribui\u00e7\u00e3o dever\u00e3o resultar em 90, para mulher, e 100, para homem.<\/p>\n<p>O governo j\u00e1 tinha indicado que iria vetar a f\u00f3rmula 85\/95, da forma como foi proposta pelo Congresso Nacional pois, segundo o ministro da Previd\u00eancia Social, Carlos Gabas, caso o c\u00e1lculo para aposentadoria, proposto pelo Congresso Nacional, chamado de \u201cf\u00f3rmula 85\/95\u201d, fosse aplicado , o Brasil viveria \u201co caos\u201d anos mais tarde.<\/p>\n<p>Ontem (17), o governo divulgou uma nota\u00a0explicando o veto. \u201cA presidenta Dilma Rousseff veta o Projeto de Lei de Convers\u00e3o 4\/2015 e edita medida provis\u00f3ria que assegura a regra de 85 pontos (idade+tempo de contribui\u00e7\u00e3o para mulheres) e 95 pontos (idade+tempo de contribui\u00e7\u00e3o para homens), que fora aprovada pelo Congresso Nacional. Ao mesmo tempo, introduz a regra da progressividade, baseada na mudan\u00e7a de expectativa de vida e, ao faz\u00ea-lo, visa garantir a sustentabilidade da Previd\u00eancia Social\u201d, diz a nota divulgada pela assessoria do Pal\u00e1cio do Planalto.<\/p>\n<p>Antes da decis\u00e3o de Dilma e integrantes do governo se reuniram durante cerca de tr\u00eas horas para formular a proposta. Em seguida, ela foi apresentada \u00e0s centrais sindicais pelo ministro da Previd\u00eancia Social, Carlos Gabas. Depois, Gabas, o ministro da Fazenda, Joaquim Levy e outras autoridades do governo foram ao Congresso Nacional, onde se encontraram com o presidente da Casa, senador Renan Calheiros (PMDB-AL).<\/p>\n<p><strong>Revis\u00e3o gradual do c\u00e1lculo<\/strong><\/p>\n<p>O ministro da Previd\u00eancia, Carlos Gabas, disse hoje que a nova f\u00f3rmula de c\u00e1lculo da aposentadoria do governo leva em conta o envelhecimento da popula\u00e7\u00e3o brasileira para ajudar a dar sustentabilidade \u00e0 previd\u00eancia social.<\/p>\n<p>A f\u00f3rmula somar\u00e1 o tempo de contribui\u00e7\u00e3o e idade para definir quando o trabalhador poder\u00e1 pedir o benef\u00edcio integral \u00e0 Previd\u00eancia e ser\u00e1 corrigida gradualmente, para acompanhar as mudan\u00e7as da expectativa de vida dos brasileiros.<\/p>\n<p>\u201cO conceito de pontos n\u00e3o pode ser est\u00e1tico, qualquer conceito usado como regra de acesso ou de c\u00e1lculo da aposentadoria tem que levar em conta a transi\u00e7\u00e3o demogr\u00e1fica, o aumento da expectativa de vida ou de sobrevida\u201d, disse Gabas.<\/p>\n<p>O ministro reconheceu que a nova regra ajuda a manter a sustentabilidade da Previd\u00eancia apenas no curto prazo e disse que o governo continuar\u00e1 discutindo novas solu\u00e7\u00f5es no grupo criado para debater a aposentadoria com empres\u00e1rios e sindicatos. \u201cEssa \u00e9 uma solu\u00e7\u00e3o moment\u00e2nea, a solu\u00e7\u00e3o definitiva deve ser discutida no F\u00f3rum Nacional de Previd\u00eancia Social\u201d. (Ag\u00eancia Brasil)<\/p>\n","protected":false},"excerpt":{"rendered":"<p>O\u00a0Di\u00e1rio Oficial da Uni\u00e3o\u00a0publicou hoje a\u00a0Medida Provis\u00f3ria 676 (Clique aqui), sobre o c\u00e1lculo para as aposentadorias na Previd\u00eancia Social e adiciona uma f\u00f3rmula progressiva a partir de 2017. Pelo texto, o segurado que preencher o requisito para a aposentadoria por tempo de contribui\u00e7\u00e3o poder\u00e1 optar pela n\u00e3o incid\u00eancia do fator previdenci\u00e1rio, no c\u00e1lculo de sua [&hellip;]<\/p>\n","protected":false},"author":1,"featured_media":58036,"comment_status":"open","ping_status":"closed","sticky":false,"template":"","format":"standard","meta":{"amp_status":"","footnotes":""},"categories":[6],"tags":[25201,48794,48781,48787,48783,48792,48796,19329,25202,48790,26064,48782,48791,48789,48793,48786,48779,48778,48788,48780,48785,48795,48784],"class_list":["post-61523","post","type-post","status-publish","format-standard","has-post-thumbnail","hentry","category-br","tag-aposentadoria","tag-beneficio-integral","tag-calculo-de-aposentadoria","tag-calculo-de-aposentadorias","tag-calculo-para-as-aposentadorias-na-previdencia-social","tag-carlos-gabas","tag-congresso-nacional","tag-diario-oficial-da-uniao","tag-fator-previdenciario","tag-formula-8595","tag-idade","tag-medida-provisoria-676","tag-ministro-da-previdencia","tag-nova-formula-de-aposentadoria","tag-novas-regras-da-aposentadoria","tag-novas-regras-do-fator-previdenciario","tag-novas-regras-para-calculo-de-aposentadorias","tag-novas-regras-para-calculo-de-aposentadorias-sao-divulgadas","tag-novas-regras-para-calculo-de-aposentadorias-sao-divulgadas-pelo-governo","tag-novo-calculo-de-aposentadoria","tag-novo-calculo-fator-previdenciario","tag-tempo-de-contribuicao","tag-veto"],"yoast_head":"<!-- This site is optimized with the Yoast SEO plugin v28.3 - https:\/\/yoast.com\/product\/yoast-seo-wordpress\/ -->\n<title>Novas regras para c\u00e1lculo de aposentadorias s\u00e3o divulgadas pelo Governo - Aconteceu no Vale<\/title>\n<meta name=\"robots\" content=\"index, follow, max-snippet:-1, max-image-preview:large, max-video-preview:-1\" \/>\n<link rel=\"canonical\" href=\"https:\/\/aconteceunovale.com.br\/portal\/?p=61523\" \/>\n<meta property=\"og:locale\" content=\"pt_BR\" \/>\n<meta property=\"og:type\" content=\"article\" \/>\n<meta property=\"og:title\" content=\"Novas regras para c\u00e1lculo de aposentadorias s\u00e3o divulgadas pelo Governo - Aconteceu no Vale\" \/>\n<meta property=\"og:description\" content=\"O\u00a0Di\u00e1rio Oficial da Uni\u00e3o\u00a0publicou hoje a\u00a0Medida Provis\u00f3ria 676 (Clique aqui), sobre o c\u00e1lculo para as aposentadorias na Previd\u00eancia Social e adiciona uma f\u00f3rmula progressiva a partir de 2017. Pelo texto, o segurado que preencher o requisito para a aposentadoria por tempo de contribui\u00e7\u00e3o poder\u00e1 optar pela n\u00e3o incid\u00eancia do fator previdenci\u00e1rio, no c\u00e1lculo de sua [&hellip;]\" \/>\n<meta property=\"og:url\" content=\"https:\/\/aconteceunovale.com.br\/portal\/?p=61523\" \/>\n<meta property=\"og:site_name\" content=\"Aconteceu no Vale\" \/>\n<meta property=\"article:publisher\" content=\"https:\/\/www.facebook.com\/aconteceunovale\/\" \/>\n<meta property=\"article:published_time\" content=\"2015-06-18T15:48:19+00:00\" \/>\n<meta property=\"article:modified_time\" content=\"2015-06-18T15:53:58+00:00\" \/>\n<meta property=\"og:image\" content=\"https:\/\/aconteceunovale.com.br\/portal\/wp-content\/uploads\/2015\/04\/aposentadoria_calculo.jpg\" \/>\n\t<meta property=\"og:image:width\" content=\"644\" \/>\n\t<meta property=\"og:image:height\" content=\"450\" \/>\n\t<meta property=\"og:image:type\" content=\"image\/jpeg\" \/>\n<meta name=\"author\" content=\"Aconteceu no Vale\" \/>\n<meta name=\"twitter:card\" content=\"summary_large_image\" \/>\n<meta name=\"twitter:creator\" content=\"@noticiadosvales\" \/>\n<meta name=\"twitter:site\" content=\"@noticiadosvales\" \/>\n<meta name=\"twitter:label1\" content=\"Escrito por\" \/>\n\t<meta name=\"twitter:data1\" content=\"Aconteceu no Vale\" \/>\n\t<meta name=\"twitter:label2\" content=\"Est. tempo de leitura\" \/>\n\t<meta name=\"twitter:data2\" content=\"3 minutos\" \/>\n<script type=\"application\/ld+json\" class=\"yoast-schema-graph\">{\"@context\":\"https:\\\/\\\/schema.org\",\"@graph\":[{\"@type\":\"Article\",\"@id\":\"https:\\\/\\\/aconteceunovale.com.br\\\/portal\\\/?p=61523#article\",\"isPartOf\":{\"@id\":\"https:\\\/\\\/aconteceunovale.com.br\\\/portal\\\/?p=61523\"},\"author\":{\"name\":\"Aconteceu no Vale\",\"@id\":\"https:\\\/\\\/aconteceunovale.com.br\\\/portal\\\/#\\\/schema\\\/person\\\/633529146f2c94272bef50ac2953d589\"},\"headline\":\"Novas regras para c\u00e1lculo de aposentadorias s\u00e3o divulgadas pelo Governo\",\"datePublished\":\"2015-06-18T15:48:19+00:00\",\"dateModified\":\"2015-06-18T15:53:58+00:00\",\"mainEntityOfPage\":{\"@id\":\"https:\\\/\\\/aconteceunovale.com.br\\\/portal\\\/?p=61523\"},\"wordCount\":626,\"commentCount\":0,\"image\":{\"@id\":\"https:\\\/\\\/aconteceunovale.com.br\\\/portal\\\/?p=61523#primaryimage\"},\"thumbnailUrl\":\"https:\\\/\\\/aconteceunovale.com.br\\\/portal\\\/wp-content\\\/uploads\\\/2015\\\/04\\\/aposentadoria_calculo.jpg\",\"keywords\":[\"aposentadoria\",\"benef\u00edcio integral\",\"c\u00e1lculo de aposentadoria\",\"c\u00e1lculo de aposentadorias\",\"c\u00e1lculo para as aposentadorias na Previd\u00eancia Social\",\"Carlos Gabas\",\"Congresso Nacional\",\"Di\u00e1rio Oficial da Uni\u00e3o\",\"fator previdenci\u00e1rio\",\"f\u00f3rmula 85\\\/95\",\"idade\",\"Medida Provis\u00f3ria 676\",\"ministro da Previd\u00eancia\",\"Nova f\u00f3rmula de aposentadoria\",\"novas regras da aposentadoria\",\"novas regras do fator previdenci\u00e1rio\",\"Novas regras para c\u00e1lculo de aposentadorias\",\"Novas regras para c\u00e1lculo de aposentadorias s\u00e3o divulgadas\",\"Novas regras para c\u00e1lculo de aposentadorias s\u00e3o divulgadas pelo Governo\",\"novo c\u00e1lculo de aposentadoria\",\"novo c\u00e1lculo fator previdenci\u00e1rio\",\"tempo de contribui\u00e7\u00e3o\",\"veto\"],\"articleSection\":[\"Brasil\"],\"inLanguage\":\"pt-BR\",\"potentialAction\":[{\"@type\":\"CommentAction\",\"name\":\"Comment\",\"target\":[\"https:\\\/\\\/aconteceunovale.com.br\\\/portal\\\/?p=61523#respond\"]}]},{\"@type\":\"WebPage\",\"@id\":\"https:\\\/\\\/aconteceunovale.com.br\\\/portal\\\/?p=61523\",\"url\":\"https:\\\/\\\/aconteceunovale.com.br\\\/portal\\\/?p=61523\",\"name\":\"Novas regras para c\u00e1lculo de aposentadorias s\u00e3o divulgadas pelo Governo - Aconteceu no Vale\",\"isPartOf\":{\"@id\":\"https:\\\/\\\/aconteceunovale.com.br\\\/portal\\\/#website\"},\"primaryImageOfPage\":{\"@id\":\"https:\\\/\\\/aconteceunovale.com.br\\\/portal\\\/?p=61523#primaryimage\"},\"image\":{\"@id\":\"https:\\\/\\\/aconteceunovale.com.br\\\/portal\\\/?p=61523#primaryimage\"},\"thumbnailUrl\":\"https:\\\/\\\/aconteceunovale.com.br\\\/portal\\\/wp-content\\\/uploads\\\/2015\\\/04\\\/aposentadoria_calculo.jpg\",\"datePublished\":\"2015-06-18T15:48:19+00:00\",\"dateModified\":\"2015-06-18T15:53:58+00:00\",\"author\":{\"@id\":\"https:\\\/\\\/aconteceunovale.com.br\\\/portal\\\/#\\\/schema\\\/person\\\/633529146f2c94272bef50ac2953d589\"},\"breadcrumb\":{\"@id\":\"https:\\\/\\\/aconteceunovale.com.br\\\/portal\\\/?p=61523#breadcrumb\"},\"inLanguage\":\"pt-BR\",\"potentialAction\":[{\"@type\":\"ReadAction\",\"target\":[\"https:\\\/\\\/aconteceunovale.com.br\\\/portal\\\/?p=61523\"]}]},{\"@type\":\"ImageObject\",\"inLanguage\":\"pt-BR\",\"@id\":\"https:\\\/\\\/aconteceunovale.com.br\\\/portal\\\/?p=61523#primaryimage\",\"url\":\"https:\\\/\\\/aconteceunovale.com.br\\\/portal\\\/wp-content\\\/uploads\\\/2015\\\/04\\\/aposentadoria_calculo.jpg\",\"contentUrl\":\"https:\\\/\\\/aconteceunovale.com.br\\\/portal\\\/wp-content\\\/uploads\\\/2015\\\/04\\\/aposentadoria_calculo.jpg\",\"width\":644,\"height\":450},{\"@type\":\"BreadcrumbList\",\"@id\":\"https:\\\/\\\/aconteceunovale.com.br\\\/portal\\\/?p=61523#breadcrumb\",\"itemListElement\":[{\"@type\":\"ListItem\",\"position\":1,\"name\":\"In\u00edcio\",\"item\":\"https:\\\/\\\/aconteceunovale.com.br\\\/portal\\\/\"},{\"@type\":\"ListItem\",\"position\":2,\"name\":\"Novas regras para c\u00e1lculo de aposentadorias s\u00e3o divulgadas pelo Governo\"}]},{\"@type\":\"WebSite\",\"@id\":\"https:\\\/\\\/aconteceunovale.com.br\\\/portal\\\/#website\",\"url\":\"https:\\\/\\\/aconteceunovale.com.br\\\/portal\\\/\",\"name\":\"Aconteceu no Vale\",\"description\":\"Portal de Not\u00edcias\",\"potentialAction\":[{\"@type\":\"SearchAction\",\"target\":{\"@type\":\"EntryPoint\",\"urlTemplate\":\"https:\\\/\\\/aconteceunovale.com.br\\\/portal\\\/?s={search_term_string}\"},\"query-input\":{\"@type\":\"PropertyValueSpecification\",\"valueRequired\":true,\"valueName\":\"search_term_string\"}}],\"inLanguage\":\"pt-BR\"},{\"@type\":\"Person\",\"@id\":\"https:\\\/\\\/aconteceunovale.com.br\\\/portal\\\/#\\\/schema\\\/person\\\/633529146f2c94272bef50ac2953d589\",\"name\":\"Aconteceu no Vale\",\"description\":\"Equipe de reportagem do Aconteceu no Vale, portal de not\u00edcias do Vale do Jequitinhonha, em Minas Gerais. Cobrimos as 51 cidades do Vale desde 2013. Sugest\u00f5es de pauta e pedidos de corre\u00e7\u00e3o: contato@aconteceunovale.com.br\",\"sameAs\":[\"http:\\\/\\\/www.aconteceunovale.com.br\"],\"url\":\"https:\\\/\\\/aconteceunovale.com.br\\\/portal\\\/?author=1\"}]}<\/script>\n<!-- \/ Yoast SEO plugin. -->","yoast_head_json":{"title":"Novas regras para c\u00e1lculo de aposentadorias s\u00e3o divulgadas pelo Governo - Aconteceu no Vale","robots":{"index":"index","follow":"follow","max-snippet":"max-snippet:-1","max-image-preview":"max-image-preview:large","max-video-preview":"max-video-preview:-1"},"canonical":"https:\/\/aconteceunovale.com.br\/portal\/?p=61523","og_locale":"pt_BR","og_type":"article","og_title":"Novas regras para c\u00e1lculo de aposentadorias s\u00e3o divulgadas pelo Governo - Aconteceu no Vale","og_description":"O\u00a0Di\u00e1rio Oficial da Uni\u00e3o\u00a0publicou hoje a\u00a0Medida Provis\u00f3ria 676 (Clique aqui), sobre o c\u00e1lculo para as aposentadorias na Previd\u00eancia Social e adiciona uma f\u00f3rmula progressiva a partir de 2017. Pelo texto, o segurado que preencher o requisito para a aposentadoria por tempo de contribui\u00e7\u00e3o poder\u00e1 optar pela n\u00e3o incid\u00eancia do fator previdenci\u00e1rio, no c\u00e1lculo de sua [&hellip;]","og_url":"https:\/\/aconteceunovale.com.br\/portal\/?p=61523","og_site_name":"Aconteceu no Vale","article_publisher":"https:\/\/www.facebook.com\/aconteceunovale\/","article_published_time":"2015-06-18T15:48:19+00:00","article_modified_time":"2015-06-18T15:53:58+00:00","og_image":[{"width":644,"height":450,"url":"https:\/\/aconteceunovale.com.br\/portal\/wp-content\/uploads\/2015\/04\/aposentadoria_calculo.jpg","type":"image\/jpeg"}],"author":"Aconteceu no Vale","twitter_card":"summary_large_image","twitter_creator":"@noticiadosvales","twitter_site":"@noticiadosvales","twitter_misc":{"Escrito por":"Aconteceu no Vale","Est. tempo de leitura":"3 minutos"},"schema":{"@context":"https:\/\/schema.org","@graph":[{"@type":"Article","@id":"https:\/\/aconteceunovale.com.br\/portal\/?p=61523#article","isPartOf":{"@id":"https:\/\/aconteceunovale.com.br\/portal\/?p=61523"},"author":{"name":"Aconteceu no Vale","@id":"https:\/\/aconteceunovale.com.br\/portal\/#\/schema\/person\/633529146f2c94272bef50ac2953d589"},"headline":"Novas regras para c\u00e1lculo de aposentadorias s\u00e3o divulgadas pelo Governo","datePublished":"2015-06-18T15:48:19+00:00","dateModified":"2015-06-18T15:53:58+00:00","mainEntityOfPage":{"@id":"https:\/\/aconteceunovale.com.br\/portal\/?p=61523"},"wordCount":626,"commentCount":0,"image":{"@id":"https:\/\/aconteceunovale.com.br\/portal\/?p=61523#primaryimage"},"thumbnailUrl":"https:\/\/aconteceunovale.com.br\/portal\/wp-content\/uploads\/2015\/04\/aposentadoria_calculo.jpg","keywords":["aposentadoria","benef\u00edcio integral","c\u00e1lculo de aposentadoria","c\u00e1lculo de aposentadorias","c\u00e1lculo para as aposentadorias na Previd\u00eancia Social","Carlos Gabas","Congresso Nacional","Di\u00e1rio Oficial da Uni\u00e3o","fator previdenci\u00e1rio","f\u00f3rmula 85\/95","idade","Medida Provis\u00f3ria 676","ministro da Previd\u00eancia","Nova f\u00f3rmula de aposentadoria","novas regras da aposentadoria","novas regras do fator previdenci\u00e1rio","Novas regras para c\u00e1lculo de aposentadorias","Novas regras para c\u00e1lculo de aposentadorias s\u00e3o divulgadas","Novas regras para c\u00e1lculo de aposentadorias s\u00e3o divulgadas pelo Governo","novo c\u00e1lculo de aposentadoria","novo c\u00e1lculo fator previdenci\u00e1rio","tempo de contribui\u00e7\u00e3o","veto"],"articleSection":["Brasil"],"inLanguage":"pt-BR","potentialAction":[{"@type":"CommentAction","name":"Comment","target":["https:\/\/aconteceunovale.com.br\/portal\/?p=61523#respond"]}]},{"@type":"WebPage","@id":"https:\/\/aconteceunovale.com.br\/portal\/?p=61523","url":"https:\/\/aconteceunovale.com.br\/portal\/?p=61523","name":"Novas regras para c\u00e1lculo de aposentadorias s\u00e3o divulgadas pelo Governo - Aconteceu no Vale","isPartOf":{"@id":"https:\/\/aconteceunovale.com.br\/portal\/#website"},"primaryImageOfPage":{"@id":"https:\/\/aconteceunovale.com.br\/portal\/?p=61523#primaryimage"},"image":{"@id":"https:\/\/aconteceunovale.com.br\/portal\/?p=61523#primaryimage"},"thumbnailUrl":"https:\/\/aconteceunovale.com.br\/portal\/wp-content\/uploads\/2015\/04\/aposentadoria_calculo.jpg","datePublished":"2015-06-18T15:48:19+00:00","dateModified":"2015-06-18T15:53:58+00:00","author":{"@id":"https:\/\/aconteceunovale.com.br\/portal\/#\/schema\/person\/633529146f2c94272bef50ac2953d589"},"breadcrumb":{"@id":"https:\/\/aconteceunovale.com.br\/portal\/?p=61523#breadcrumb"},"inLanguage":"pt-BR","potentialAction":[{"@type":"ReadAction","target":["https:\/\/aconteceunovale.com.br\/portal\/?p=61523"]}]},{"@type":"ImageObject","inLanguage":"pt-BR","@id":"https:\/\/aconteceunovale.com.br\/portal\/?p=61523#primaryimage","url":"https:\/\/aconteceunovale.com.br\/portal\/wp-content\/uploads\/2015\/04\/aposentadoria_calculo.jpg","contentUrl":"https:\/\/aconteceunovale.com.br\/portal\/wp-content\/uploads\/2015\/04\/aposentadoria_calculo.jpg","width":644,"height":450},{"@type":"BreadcrumbList","@id":"https:\/\/aconteceunovale.com.br\/portal\/?p=61523#breadcrumb","itemListElement":[{"@type":"ListItem","position":1,"name":"In\u00edcio","item":"https:\/\/aconteceunovale.com.br\/portal\/"},{"@type":"ListItem","position":2,"name":"Novas regras para c\u00e1lculo de aposentadorias s\u00e3o divulgadas pelo Governo"}]},{"@type":"WebSite","@id":"https:\/\/aconteceunovale.com.br\/portal\/#website","url":"https:\/\/aconteceunovale.com.br\/portal\/","name":"Aconteceu no Vale","description":"Portal de Not\u00edcias","potentialAction":[{"@type":"SearchAction","target":{"@type":"EntryPoint","urlTemplate":"https:\/\/aconteceunovale.com.br\/portal\/?s={search_term_string}"},"query-input":{"@type":"PropertyValueSpecification","valueRequired":true,"valueName":"search_term_string"}}],"inLanguage":"pt-BR"},{"@type":"Person","@id":"https:\/\/aconteceunovale.com.br\/portal\/#\/schema\/person\/633529146f2c94272bef50ac2953d589","name":"Aconteceu no Vale","description":"Equipe de reportagem do Aconteceu no Vale, portal de not\u00edcias do Vale do Jequitinhonha, em Minas Gerais. Cobrimos as 51 cidades do Vale desde 2013. Sugest\u00f5es de pauta e pedidos de corre\u00e7\u00e3o: contato@aconteceunovale.com.br","sameAs":["http:\/\/www.aconteceunovale.com.br"],"url":"https:\/\/aconteceunovale.com.br\/portal\/?author=1"}]}},"_links":{"self":[{"href":"https:\/\/aconteceunovale.com.br\/portal\/index.php?rest_route=\/wp\/v2\/posts\/61523","targetHints":{"allow":["GET"]}}],"collection":[{"href":"https:\/\/aconteceunovale.com.br\/portal\/index.php?rest_route=\/wp\/v2\/posts"}],"about":[{"href":"https:\/\/aconteceunovale.com.br\/portal\/index.php?rest_route=\/wp\/v2\/types\/post"}],"author":[{"embeddable":true,"href":"https:\/\/aconteceunovale.com.br\/portal\/index.php?rest_route=\/wp\/v2\/users\/1"}],"replies":[{"embeddable":true,"href":"https:\/\/aconteceunovale.com.br\/portal\/index.php?rest_route=%2Fwp%2Fv2%2Fcomments&post=61523"}],"version-history":[{"count":0,"href":"https:\/\/aconteceunovale.com.br\/portal\/index.php?rest_route=\/wp\/v2\/posts\/61523\/revisions"}],"wp:featuredmedia":[{"embeddable":true,"href":"https:\/\/aconteceunovale.com.br\/portal\/index.php?rest_route=\/wp\/v2\/media\/58036"}],"wp:attachment":[{"href":"https:\/\/aconteceunovale.com.br\/portal\/index.php?rest_route=%2Fwp%2Fv2%2Fmedia&parent=61523"}],"wp:term":[{"taxonomy":"category","embeddable":true,"href":"https:\/\/aconteceunovale.com.br\/portal\/index.php?rest_route=%2Fwp%2Fv2%2Fcategories&post=61523"},{"taxonomy":"post_tag","embeddable":true,"href":"https:\/\/aconteceunovale.com.br\/portal\/index.php?rest_route=%2Fwp%2Fv2%2Ftags&post=61523"}],"curies":[{"name":"wp","href":"https:\/\/api.w.org\/{rel}","templated":true}]}}