{"id":61521,"date":"2015-06-18T12:41:48","date_gmt":"2015-06-18T15:41:48","guid":{"rendered":"http:\/\/aconteceunovale.com.br\/portal\/?p=61521"},"modified":"2015-06-18T12:41:48","modified_gmt":"2015-06-18T15:41:48","slug":"enciclica-papal-sobre-meio-ambiente-apela-para-a-responsabilidade-de-todos","status":"publish","type":"post","link":"https:\/\/aconteceunovale.com.br\/portal\/?p=61521","title":{"rendered":"Enc\u00edclica papal sobre meio ambiente apela para a responsabilidade de todos"},"content":{"rendered":"<p>O papa Francisco apresentou hoje (18\/06) a enc\u00edclica dedicada ao meio ambiente, na qual apela para a responsabilidade de todos na prote\u00e7\u00e3o do planeta, &#8220;que est\u00e1 sendo destru\u00eddo&#8221;.<\/p>\n<p>Na audi\u00eancia geral de quarta-feira (17), Francisco ressaltou que a destrui\u00e7\u00e3o do meio ambiente prejudica a todos, mas especialmente aos mais pobres. &#8220;Por isso, apelo para a responsabilidade, com base no dever que Deus deu ao ser humano na cria\u00e7\u00e3o: cultivar e proteger o jardim\u201d, alertou.<\/p>\n<p>Francisco convidou todos a receberem com &#8220;atitude de abertura&#8221; este documento, &#8220;de acordo com a doutrina social da Igreja&#8221;.<\/p>\n<p>O papa estabelece uma &#8220;rela\u00e7\u00e3o \u00edntima entre os pobres e a fragilidade do planeta&#8221;, na enc\u00edclica Laudato Si [Louvado seja] &#8211; Sobre o cuidado da casa comum, divulgada hoje (18) e publicada em portugu\u00eas pelas Edi\u00e7\u00f5es Paulinas.<\/p>\n<p>&#8220;A rela\u00e7\u00e3o \u00edntima entre os pobres e a fragilidade do planeta, a convic\u00e7\u00e3o de que tudo est\u00e1 estreitamente interligado no mundo, a cr\u00edtica do paradigma que deriva da tecnologia, a busca de outras maneiras de entender a economia e o progresso, o valor pr\u00f3prio de cada criatura, o sentido humano da ecologia, a grave responsabilidade da pol\u00edtica, a cultura do descart\u00e1vel e a proposta de um novo estilo de vida s\u00e3o os eixos desta enc\u00edclica, inspirada na sensibilidade ecol\u00f3gica de Francisco de Assis&#8221;, l\u00ea-se no Par\u00e1grafo 16\u00ba do documento papal.<\/p>\n<p>Esta \u00e9 a primeira vez que um papa faz uma enc\u00edclica sobre quest\u00f5es ambientais, reconhecendo-as como &#8220;um important\u00edssimo desafio para a humanidade&#8221;, afirma a editora em comunicado.<\/p>\n<p>Em janeiro, durante visita pastoral \u00e0s Filipinas, Francisco demonstrou preocupa\u00e7\u00e3o com a ecologia, tendo afirmado,que havia a &#8220;necessidade de ver, com os olhos da f\u00e9, a beleza do plano de salva\u00e7\u00e3o de Deus, a liga\u00e7\u00e3o entre o ambiente natural e a dignidade da pessoa humana&#8221;.<\/p>\n<p>A nova enc\u00edclica do pont\u00edfice \u00e9 inspirada no C\u00e2ntico das criaturas, de S\u00e3o Francisco de Assis, que, em 1979, o papa Jo\u00e3o Paulo II proclamou Padroeiro dos Ecologistas.<\/p>\n<p>Para as Edi\u00e7\u00f5es Paulinas, o documento papal &#8220;\u00e9 um urgente apelo \u00e0 preserva\u00e7\u00e3o da Terra e da vida, por meio da qual a Igreja procura tamb\u00e9m influenciar os trabalhos da pr\u00f3xima Confer\u00eancia sobre o Clima&#8221;, que ocorrer\u00e1 em dezembro em Paris.<\/p>\n<p>Uma das metas desta c\u00fapula \u00e9 obter um acordo internacional, que obrigue todas as na\u00e7\u00f5es a manter o aquecimento global abaixo dos 2 graus Celsius. <\/p>\n<p><img decoding=\"async\" src=\"http:\/\/aconteceunovale.com.br\/portal\/wp-content\/uploads\/2015\/06\/papa_meio_ambiente.jpg\" alt=\"\" \/><em>Papa Francisco apresenta a enc\u00edclica dedicada ao meio ambiente &#8211; Fehim Demir\/EPA\/Ag\u00eancia Lusa<\/em><br \/>\n<\/br> <\/p>\n<p><em>(Fonte: Ag\u00eancia Lusa)<\/em><\/p>\n","protected":false},"excerpt":{"rendered":"<p>O papa Francisco apresentou hoje (18\/06) a enc\u00edclica dedicada ao meio ambiente, na qual apela para a responsabilidade de todos na prote\u00e7\u00e3o do planeta, &#8220;que est\u00e1 sendo destru\u00eddo&#8221;. Na audi\u00eancia geral de quarta-feira (17), Francisco ressaltou que a destrui\u00e7\u00e3o do meio ambiente prejudica a todos, mas especialmente aos mais pobres. &#8220;Por isso, apelo para a [&hellip;]<\/p>\n","protected":false},"author":1,"featured_media":61519,"comment_status":"open","ping_status":"closed","sticky":false,"template":"","format":"standard","meta":{"amp_status":"","footnotes":""},"categories":[28848],"tags":[48775,48774,48773,48772,48776,1829,946,48777],"class_list":["post-61521","post","type-post","status-publish","format-standard","has-post-thumbnail","hentry","category-mundo","tag-enciclica","tag-enciclica-papal","tag-enciclica-papal-sobre-meio-ambiente","tag-enciclica-papal-sobre-meio-ambiente-apela-para-a-responsabilidade-de-todos","tag-enciclica-papal-sobre-meio-ambiente-apela-para-a-responsabilidade-de-todos-na-protecao-do-planeta","tag-meio-ambiente","tag-papa-francisco","tag-papa-francisco-apresenta-a-enciclica-dedicada-ao-meio-ambiente"],"yoast_head":"<!-- This site is optimized with the Yoast SEO plugin v28.3 - https:\/\/yoast.com\/product\/yoast-seo-wordpress\/ -->\n<title>Enc\u00edclica papal sobre meio ambiente apela para a responsabilidade de todos - Aconteceu no Vale<\/title>\n<meta name=\"robots\" content=\"index, follow, max-snippet:-1, max-image-preview:large, max-video-preview:-1\" \/>\n<link rel=\"canonical\" href=\"https:\/\/aconteceunovale.com.br\/portal\/?p=61521\" \/>\n<meta property=\"og:locale\" content=\"pt_BR\" \/>\n<meta property=\"og:type\" content=\"article\" \/>\n<meta property=\"og:title\" content=\"Enc\u00edclica papal sobre meio ambiente apela para a responsabilidade de todos - Aconteceu no Vale\" \/>\n<meta property=\"og:description\" content=\"O papa Francisco apresentou hoje (18\/06) a enc\u00edclica dedicada ao meio ambiente, na qual apela para a responsabilidade de todos na prote\u00e7\u00e3o do planeta, &#8220;que est\u00e1 sendo destru\u00eddo&#8221;. Na audi\u00eancia geral de quarta-feira (17), Francisco ressaltou que a destrui\u00e7\u00e3o do meio ambiente prejudica a todos, mas especialmente aos mais pobres. &#8220;Por isso, apelo para a [&hellip;]\" \/>\n<meta property=\"og:url\" content=\"https:\/\/aconteceunovale.com.br\/portal\/?p=61521\" \/>\n<meta property=\"og:site_name\" content=\"Aconteceu no Vale\" \/>\n<meta property=\"article:publisher\" content=\"https:\/\/www.facebook.com\/aconteceunovale\/\" \/>\n<meta property=\"article:published_time\" content=\"2015-06-18T15:41:48+00:00\" \/>\n<meta property=\"og:image\" content=\"https:\/\/aconteceunovale.com.br\/portal\/wp-content\/uploads\/2015\/06\/papa_meio_ambiente.jpg\" \/>\n\t<meta property=\"og:image:width\" content=\"673\" \/>\n\t<meta property=\"og:image:height\" content=\"450\" \/>\n\t<meta property=\"og:image:type\" content=\"image\/jpeg\" \/>\n<meta name=\"author\" content=\"Aconteceu no Vale\" \/>\n<meta name=\"twitter:card\" content=\"summary_large_image\" \/>\n<meta name=\"twitter:creator\" content=\"@noticiadosvales\" \/>\n<meta name=\"twitter:site\" content=\"@noticiadosvales\" \/>\n<meta name=\"twitter:label1\" content=\"Escrito por\" \/>\n\t<meta name=\"twitter:data1\" content=\"Aconteceu no Vale\" \/>\n\t<meta name=\"twitter:label2\" content=\"Est. tempo de leitura\" \/>\n\t<meta name=\"twitter:data2\" content=\"2 minutos\" \/>\n<script type=\"application\/ld+json\" class=\"yoast-schema-graph\">{\"@context\":\"https:\\\/\\\/schema.org\",\"@graph\":[{\"@type\":\"Article\",\"@id\":\"https:\\\/\\\/aconteceunovale.com.br\\\/portal\\\/?p=61521#article\",\"isPartOf\":{\"@id\":\"https:\\\/\\\/aconteceunovale.com.br\\\/portal\\\/?p=61521\"},\"author\":{\"name\":\"Aconteceu no Vale\",\"@id\":\"https:\\\/\\\/aconteceunovale.com.br\\\/portal\\\/#\\\/schema\\\/person\\\/633529146f2c94272bef50ac2953d589\"},\"headline\":\"Enc\u00edclica papal sobre meio ambiente apela para a responsabilidade de todos\",\"datePublished\":\"2015-06-18T15:41:48+00:00\",\"mainEntityOfPage\":{\"@id\":\"https:\\\/\\\/aconteceunovale.com.br\\\/portal\\\/?p=61521\"},\"wordCount\":448,\"commentCount\":0,\"image\":{\"@id\":\"https:\\\/\\\/aconteceunovale.com.br\\\/portal\\\/?p=61521#primaryimage\"},\"thumbnailUrl\":\"https:\\\/\\\/aconteceunovale.com.br\\\/portal\\\/wp-content\\\/uploads\\\/2015\\\/06\\\/papa_meio_ambiente.jpg\",\"keywords\":[\"enc\u00edclica\",\"Enc\u00edclica papal\",\"Enc\u00edclica papal sobre meio ambiente\",\"Enc\u00edclica papal sobre meio ambiente apela para a responsabilidade de todos\",\"Enc\u00edclica papal sobre meio ambiente apela para a responsabilidade de todos na prote\u00e7\u00e3o do planeta\",\"Meio Ambiente\",\"papa francisco\",\"Papa Francisco apresenta a enc\u00edclica dedicada ao meio ambiente\"],\"articleSection\":[\"Mundo\"],\"inLanguage\":\"pt-BR\",\"potentialAction\":[{\"@type\":\"CommentAction\",\"name\":\"Comment\",\"target\":[\"https:\\\/\\\/aconteceunovale.com.br\\\/portal\\\/?p=61521#respond\"]}]},{\"@type\":\"WebPage\",\"@id\":\"https:\\\/\\\/aconteceunovale.com.br\\\/portal\\\/?p=61521\",\"url\":\"https:\\\/\\\/aconteceunovale.com.br\\\/portal\\\/?p=61521\",\"name\":\"Enc\u00edclica papal sobre meio ambiente apela para a responsabilidade de todos - Aconteceu no Vale\",\"isPartOf\":{\"@id\":\"https:\\\/\\\/aconteceunovale.com.br\\\/portal\\\/#website\"},\"primaryImageOfPage\":{\"@id\":\"https:\\\/\\\/aconteceunovale.com.br\\\/portal\\\/?p=61521#primaryimage\"},\"image\":{\"@id\":\"https:\\\/\\\/aconteceunovale.com.br\\\/portal\\\/?p=61521#primaryimage\"},\"thumbnailUrl\":\"https:\\\/\\\/aconteceunovale.com.br\\\/portal\\\/wp-content\\\/uploads\\\/2015\\\/06\\\/papa_meio_ambiente.jpg\",\"datePublished\":\"2015-06-18T15:41:48+00:00\",\"author\":{\"@id\":\"https:\\\/\\\/aconteceunovale.com.br\\\/portal\\\/#\\\/schema\\\/person\\\/633529146f2c94272bef50ac2953d589\"},\"breadcrumb\":{\"@id\":\"https:\\\/\\\/aconteceunovale.com.br\\\/portal\\\/?p=61521#breadcrumb\"},\"inLanguage\":\"pt-BR\",\"potentialAction\":[{\"@type\":\"ReadAction\",\"target\":[\"https:\\\/\\\/aconteceunovale.com.br\\\/portal\\\/?p=61521\"]}]},{\"@type\":\"ImageObject\",\"inLanguage\":\"pt-BR\",\"@id\":\"https:\\\/\\\/aconteceunovale.com.br\\\/portal\\\/?p=61521#primaryimage\",\"url\":\"https:\\\/\\\/aconteceunovale.com.br\\\/portal\\\/wp-content\\\/uploads\\\/2015\\\/06\\\/papa_meio_ambiente.jpg\",\"contentUrl\":\"https:\\\/\\\/aconteceunovale.com.br\\\/portal\\\/wp-content\\\/uploads\\\/2015\\\/06\\\/papa_meio_ambiente.jpg\",\"width\":673,\"height\":450},{\"@type\":\"BreadcrumbList\",\"@id\":\"https:\\\/\\\/aconteceunovale.com.br\\\/portal\\\/?p=61521#breadcrumb\",\"itemListElement\":[{\"@type\":\"ListItem\",\"position\":1,\"name\":\"In\u00edcio\",\"item\":\"https:\\\/\\\/aconteceunovale.com.br\\\/portal\\\/\"},{\"@type\":\"ListItem\",\"position\":2,\"name\":\"Enc\u00edclica papal sobre meio ambiente apela para a responsabilidade de todos\"}]},{\"@type\":\"WebSite\",\"@id\":\"https:\\\/\\\/aconteceunovale.com.br\\\/portal\\\/#website\",\"url\":\"https:\\\/\\\/aconteceunovale.com.br\\\/portal\\\/\",\"name\":\"Aconteceu no Vale\",\"description\":\"Portal de Not\u00edcias\",\"potentialAction\":[{\"@type\":\"SearchAction\",\"target\":{\"@type\":\"EntryPoint\",\"urlTemplate\":\"https:\\\/\\\/aconteceunovale.com.br\\\/portal\\\/?s={search_term_string}\"},\"query-input\":{\"@type\":\"PropertyValueSpecification\",\"valueRequired\":true,\"valueName\":\"search_term_string\"}}],\"inLanguage\":\"pt-BR\"},{\"@type\":\"Person\",\"@id\":\"https:\\\/\\\/aconteceunovale.com.br\\\/portal\\\/#\\\/schema\\\/person\\\/633529146f2c94272bef50ac2953d589\",\"name\":\"Aconteceu no Vale\",\"description\":\"Equipe de reportagem do Aconteceu no Vale, portal de not\u00edcias do Vale do Jequitinhonha, em Minas Gerais. Cobrimos as 51 cidades do Vale desde 2013. Sugest\u00f5es de pauta e pedidos de corre\u00e7\u00e3o: contato@aconteceunovale.com.br\",\"sameAs\":[\"http:\\\/\\\/www.aconteceunovale.com.br\"],\"url\":\"https:\\\/\\\/aconteceunovale.com.br\\\/portal\\\/?author=1\"}]}<\/script>\n<!-- \/ Yoast SEO plugin. -->","yoast_head_json":{"title":"Enc\u00edclica papal sobre meio ambiente apela para a responsabilidade de todos - Aconteceu no Vale","robots":{"index":"index","follow":"follow","max-snippet":"max-snippet:-1","max-image-preview":"max-image-preview:large","max-video-preview":"max-video-preview:-1"},"canonical":"https:\/\/aconteceunovale.com.br\/portal\/?p=61521","og_locale":"pt_BR","og_type":"article","og_title":"Enc\u00edclica papal sobre meio ambiente apela para a responsabilidade de todos - Aconteceu no Vale","og_description":"O papa Francisco apresentou hoje (18\/06) a enc\u00edclica dedicada ao meio ambiente, na qual apela para a responsabilidade de todos na prote\u00e7\u00e3o do planeta, &#8220;que est\u00e1 sendo destru\u00eddo&#8221;. Na audi\u00eancia geral de quarta-feira (17), Francisco ressaltou que a destrui\u00e7\u00e3o do meio ambiente prejudica a todos, mas especialmente aos mais pobres. &#8220;Por isso, apelo para a [&hellip;]","og_url":"https:\/\/aconteceunovale.com.br\/portal\/?p=61521","og_site_name":"Aconteceu no Vale","article_publisher":"https:\/\/www.facebook.com\/aconteceunovale\/","article_published_time":"2015-06-18T15:41:48+00:00","og_image":[{"width":673,"height":450,"url":"https:\/\/aconteceunovale.com.br\/portal\/wp-content\/uploads\/2015\/06\/papa_meio_ambiente.jpg","type":"image\/jpeg"}],"author":"Aconteceu no Vale","twitter_card":"summary_large_image","twitter_creator":"@noticiadosvales","twitter_site":"@noticiadosvales","twitter_misc":{"Escrito por":"Aconteceu no Vale","Est. tempo de leitura":"2 minutos"},"schema":{"@context":"https:\/\/schema.org","@graph":[{"@type":"Article","@id":"https:\/\/aconteceunovale.com.br\/portal\/?p=61521#article","isPartOf":{"@id":"https:\/\/aconteceunovale.com.br\/portal\/?p=61521"},"author":{"name":"Aconteceu no Vale","@id":"https:\/\/aconteceunovale.com.br\/portal\/#\/schema\/person\/633529146f2c94272bef50ac2953d589"},"headline":"Enc\u00edclica papal sobre meio ambiente apela para a responsabilidade de todos","datePublished":"2015-06-18T15:41:48+00:00","mainEntityOfPage":{"@id":"https:\/\/aconteceunovale.com.br\/portal\/?p=61521"},"wordCount":448,"commentCount":0,"image":{"@id":"https:\/\/aconteceunovale.com.br\/portal\/?p=61521#primaryimage"},"thumbnailUrl":"https:\/\/aconteceunovale.com.br\/portal\/wp-content\/uploads\/2015\/06\/papa_meio_ambiente.jpg","keywords":["enc\u00edclica","Enc\u00edclica papal","Enc\u00edclica papal sobre meio ambiente","Enc\u00edclica papal sobre meio ambiente apela para a responsabilidade de todos","Enc\u00edclica papal sobre meio ambiente apela para a responsabilidade de todos na prote\u00e7\u00e3o do planeta","Meio Ambiente","papa francisco","Papa Francisco apresenta a enc\u00edclica dedicada ao meio ambiente"],"articleSection":["Mundo"],"inLanguage":"pt-BR","potentialAction":[{"@type":"CommentAction","name":"Comment","target":["https:\/\/aconteceunovale.com.br\/portal\/?p=61521#respond"]}]},{"@type":"WebPage","@id":"https:\/\/aconteceunovale.com.br\/portal\/?p=61521","url":"https:\/\/aconteceunovale.com.br\/portal\/?p=61521","name":"Enc\u00edclica papal sobre meio ambiente apela para a responsabilidade de todos - Aconteceu no Vale","isPartOf":{"@id":"https:\/\/aconteceunovale.com.br\/portal\/#website"},"primaryImageOfPage":{"@id":"https:\/\/aconteceunovale.com.br\/portal\/?p=61521#primaryimage"},"image":{"@id":"https:\/\/aconteceunovale.com.br\/portal\/?p=61521#primaryimage"},"thumbnailUrl":"https:\/\/aconteceunovale.com.br\/portal\/wp-content\/uploads\/2015\/06\/papa_meio_ambiente.jpg","datePublished":"2015-06-18T15:41:48+00:00","author":{"@id":"https:\/\/aconteceunovale.com.br\/portal\/#\/schema\/person\/633529146f2c94272bef50ac2953d589"},"breadcrumb":{"@id":"https:\/\/aconteceunovale.com.br\/portal\/?p=61521#breadcrumb"},"inLanguage":"pt-BR","potentialAction":[{"@type":"ReadAction","target":["https:\/\/aconteceunovale.com.br\/portal\/?p=61521"]}]},{"@type":"ImageObject","inLanguage":"pt-BR","@id":"https:\/\/aconteceunovale.com.br\/portal\/?p=61521#primaryimage","url":"https:\/\/aconteceunovale.com.br\/portal\/wp-content\/uploads\/2015\/06\/papa_meio_ambiente.jpg","contentUrl":"https:\/\/aconteceunovale.com.br\/portal\/wp-content\/uploads\/2015\/06\/papa_meio_ambiente.jpg","width":673,"height":450},{"@type":"BreadcrumbList","@id":"https:\/\/aconteceunovale.com.br\/portal\/?p=61521#breadcrumb","itemListElement":[{"@type":"ListItem","position":1,"name":"In\u00edcio","item":"https:\/\/aconteceunovale.com.br\/portal\/"},{"@type":"ListItem","position":2,"name":"Enc\u00edclica papal sobre meio ambiente apela para a responsabilidade de todos"}]},{"@type":"WebSite","@id":"https:\/\/aconteceunovale.com.br\/portal\/#website","url":"https:\/\/aconteceunovale.com.br\/portal\/","name":"Aconteceu no Vale","description":"Portal de Not\u00edcias","potentialAction":[{"@type":"SearchAction","target":{"@type":"EntryPoint","urlTemplate":"https:\/\/aconteceunovale.com.br\/portal\/?s={search_term_string}"},"query-input":{"@type":"PropertyValueSpecification","valueRequired":true,"valueName":"search_term_string"}}],"inLanguage":"pt-BR"},{"@type":"Person","@id":"https:\/\/aconteceunovale.com.br\/portal\/#\/schema\/person\/633529146f2c94272bef50ac2953d589","name":"Aconteceu no Vale","description":"Equipe de reportagem do Aconteceu no Vale, portal de not\u00edcias do Vale do Jequitinhonha, em Minas Gerais. Cobrimos as 51 cidades do Vale desde 2013. Sugest\u00f5es de pauta e pedidos de corre\u00e7\u00e3o: contato@aconteceunovale.com.br","sameAs":["http:\/\/www.aconteceunovale.com.br"],"url":"https:\/\/aconteceunovale.com.br\/portal\/?author=1"}]}},"_links":{"self":[{"href":"https:\/\/aconteceunovale.com.br\/portal\/index.php?rest_route=\/wp\/v2\/posts\/61521","targetHints":{"allow":["GET"]}}],"collection":[{"href":"https:\/\/aconteceunovale.com.br\/portal\/index.php?rest_route=\/wp\/v2\/posts"}],"about":[{"href":"https:\/\/aconteceunovale.com.br\/portal\/index.php?rest_route=\/wp\/v2\/types\/post"}],"author":[{"embeddable":true,"href":"https:\/\/aconteceunovale.com.br\/portal\/index.php?rest_route=\/wp\/v2\/users\/1"}],"replies":[{"embeddable":true,"href":"https:\/\/aconteceunovale.com.br\/portal\/index.php?rest_route=%2Fwp%2Fv2%2Fcomments&post=61521"}],"version-history":[{"count":0,"href":"https:\/\/aconteceunovale.com.br\/portal\/index.php?rest_route=\/wp\/v2\/posts\/61521\/revisions"}],"wp:featuredmedia":[{"embeddable":true,"href":"https:\/\/aconteceunovale.com.br\/portal\/index.php?rest_route=\/wp\/v2\/media\/61519"}],"wp:attachment":[{"href":"https:\/\/aconteceunovale.com.br\/portal\/index.php?rest_route=%2Fwp%2Fv2%2Fmedia&parent=61521"}],"wp:term":[{"taxonomy":"category","embeddable":true,"href":"https:\/\/aconteceunovale.com.br\/portal\/index.php?rest_route=%2Fwp%2Fv2%2Fcategories&post=61521"},{"taxonomy":"post_tag","embeddable":true,"href":"https:\/\/aconteceunovale.com.br\/portal\/index.php?rest_route=%2Fwp%2Fv2%2Ftags&post=61521"}],"curies":[{"name":"wp","href":"https:\/\/api.w.org\/{rel}","templated":true}]}}