{"id":61507,"date":"2015-06-18T12:10:56","date_gmt":"2015-06-18T15:10:56","guid":{"rendered":"http:\/\/aconteceunovale.com.br\/portal\/?p=61507"},"modified":"2015-06-18T12:11:46","modified_gmt":"2015-06-18T15:11:46","slug":"lei-que-altera-regras-do-seguro-desemprego-e-sancionada","status":"publish","type":"post","link":"https:\/\/aconteceunovale.com.br\/portal\/?p=61507","title":{"rendered":"Lei que altera regras do seguro-desemprego \u00e9 sancionada"},"content":{"rendered":"<p>A presidenta Dilma Rousseff sancionou, com vetos, a lei que torna mais r\u00edgidos os crit\u00e9rios de acesso ao seguro-desemprego, seguro-defeso e abono salarial. A san\u00e7\u00e3o foi publicada ontem (17) no\u00a0<strong><a href=\"http:\/\/pesquisa.in.gov.br\/imprensa\/jsp\/visualiza\/index.jsp?data=17\/06\/2015&amp;jornal=1&amp;pagina=3&amp;totalArquivos=96\" target=\"_blank\"><em>Di\u00e1rio Oficial da Uni\u00e3o<\/em>\u00a0<\/a><\/strong> e a lei entra em vigor imediatamente.<\/p>\n<p>A medida faz parte do ajuste fiscal e o governo espera economizar com a redu\u00e7\u00e3o da concess\u00e3o de benef\u00edcios trabalhistas.<\/p>\n<p>Com a lei, o trabalhador poder\u00e1 pedir o seguro-desemprego, pela primeira vez, se tiver trabalhado por pelo menos 12 meses nos \u00faltimos 18 meses anteriores \u00e0 demiss\u00e3o. Antes, o per\u00edodo m\u00ednimo exigido era de seis meses. Nos casos em que o trabalhador tiver acessando o seguro pela segunda vez, o prazo de car\u00eancia ser\u00e1 de nove meses. Nos casos em que o acesso se der pela terceira vez, o trabalhador ter\u00e1 de comprovar ter trabalhado por pelo menos seis meses para receber o seguro.<\/p>\n<p>A presidenta vetou dois pontos do texto aprovado pelo Congresso Nacional, entre eles o que trata do seguro-desemprego para o trabalhador rural.<\/p>\n<p>Dilma vetou o Artigo 4\u00b0, segundo o qual teria direito ao beneficio o trabalhador rural dispensado sem justa causa que comprovasse ter recebido sal\u00e1rios relativos a cada um dos seis meses imediatamente anteriores \u00e0 data de dispensa; ou ter sido empregado de pessoa jur\u00eddica ou de pessoa f\u00edsica a ela equiparada durante pelo menos 15 meses nos \u00faltimos 24 meses e n\u00e3o ter exercido atividade remunerada fora do meio rural no per\u00edodo aquisitivo, entre outras regras.<\/p>\n<p>O motivo do veto, segundo Dilma, \u00e9 que a medida resultaria em crit\u00e9rios mais restritivos para o trabalhador do campo, com \u201cquebra de isonomia em rela\u00e7\u00e3o ao trabalhador urbano\u201d.<\/p>\n<p>O outro veto est\u00e1 relacionado \u00e0 concess\u00e3o do abono salarial. A presidenta vetou a exig\u00eancia de pelo menos 90 dias trabalhados no ano-base para ter direito ao benef\u00edcio. A regra tinha sido inclu\u00edda pelo governo e os senadores concordaram em mant\u00ea-la no texto para n\u00e3o atrasar a vota\u00e7\u00e3o, diante do compromisso de Dilma em vetar a mudan\u00e7a de prazo na san\u00e7\u00e3o.<\/p>\n<p>Com o veto, fica mantida a regra atual, que garante o pagamento do abono para quem trabalhar por pelo menos 30 dias no ano-base com carteira assinada e tiver recebido at\u00e9 dois sal\u00e1rios m\u00ednimos. O abono equivale a um sal\u00e1rio m\u00ednimo.<\/p>\n<p>Na mensagem de veto, Dilma explica que a retirada do trecho foi negociada com o Congresso Nacional e diz que a eventual mudan\u00e7a no abono ser\u00e1 analisada pelo F\u00f3rum de Debates sobre Pol\u00edticas de Emprego, Trabalho e Renda e de Previd\u00eancia Social, criado pelo governo em abril.<\/p>\n<p>A lei tamb\u00e9m trata do acesso ao seguro-defeso. O pescador profissional ter\u00e1 que comprovar ter trabalhado por um ano para ter acesso ao benef\u00edcio. (Ag\u00eancia Brasil)<\/p>\n","protected":false},"excerpt":{"rendered":"<p>A presidenta Dilma Rousseff sancionou, com vetos, a lei que torna mais r\u00edgidos os crit\u00e9rios de acesso ao seguro-desemprego, seguro-defeso e abono salarial. A san\u00e7\u00e3o foi publicada ontem (17) no\u00a0Di\u00e1rio Oficial da Uni\u00e3o\u00a0 e a lei entra em vigor imediatamente. A medida faz parte do ajuste fiscal e o governo espera economizar com a redu\u00e7\u00e3o [&hellip;]<\/p>\n","protected":false},"author":1,"featured_media":54059,"comment_status":"open","ping_status":"closed","sticky":false,"template":"","format":"standard","meta":{"amp_status":"","footnotes":""},"categories":[6],"tags":[48754,48750,48751,2162,48748,48747,40125,48749,48753,35500,48752],"class_list":["post-61507","post","type-post","status-publish","format-standard","has-post-thumbnail","hentry","category-br","tag-abono-salarial","tag-alteracao-de-regras-do-seguro-desemprego","tag-alteracoes-do-seguro-desemprego","tag-dilma-rousseff","tag-lei-que-altera-regras-do-seguro-desemprego","tag-lei-que-altera-regras-do-seguro-desemprego-e-sancionada","tag-novas-regras-do-seguro-desemprego","tag-regras-do-seguro-desemprego","tag-seguro-defeso","tag-seguro-desemprego","tag-vetos"],"yoast_head":"<!-- This site is optimized with the Yoast SEO plugin v28.3 - https:\/\/yoast.com\/product\/yoast-seo-wordpress\/ -->\n<title>Lei que altera regras do seguro-desemprego \u00e9 sancionada - Aconteceu no Vale<\/title>\n<meta name=\"robots\" content=\"index, follow, max-snippet:-1, max-image-preview:large, max-video-preview:-1\" \/>\n<link rel=\"canonical\" href=\"https:\/\/aconteceunovale.com.br\/portal\/?p=61507\" \/>\n<meta property=\"og:locale\" content=\"pt_BR\" \/>\n<meta property=\"og:type\" content=\"article\" \/>\n<meta property=\"og:title\" content=\"Lei que altera regras do seguro-desemprego \u00e9 sancionada - Aconteceu no Vale\" \/>\n<meta property=\"og:description\" content=\"A presidenta Dilma Rousseff sancionou, com vetos, a lei que torna mais r\u00edgidos os crit\u00e9rios de acesso ao seguro-desemprego, seguro-defeso e abono salarial. A san\u00e7\u00e3o foi publicada ontem (17) no\u00a0Di\u00e1rio Oficial da Uni\u00e3o\u00a0 e a lei entra em vigor imediatamente. A medida faz parte do ajuste fiscal e o governo espera economizar com a redu\u00e7\u00e3o [&hellip;]\" \/>\n<meta property=\"og:url\" content=\"https:\/\/aconteceunovale.com.br\/portal\/?p=61507\" \/>\n<meta property=\"og:site_name\" content=\"Aconteceu no Vale\" \/>\n<meta property=\"article:publisher\" content=\"https:\/\/www.facebook.com\/aconteceunovale\/\" \/>\n<meta property=\"article:published_time\" content=\"2015-06-18T15:10:56+00:00\" \/>\n<meta property=\"article:modified_time\" content=\"2015-06-18T15:11:46+00:00\" \/>\n<meta property=\"og:image\" content=\"https:\/\/aconteceunovale.com.br\/portal\/wp-content\/uploads\/2015\/02\/seguro_desemprego.jpg\" \/>\n\t<meta property=\"og:image:width\" content=\"448\" \/>\n\t<meta property=\"og:image:height\" content=\"291\" \/>\n\t<meta property=\"og:image:type\" content=\"image\/jpeg\" \/>\n<meta name=\"author\" content=\"Aconteceu no Vale\" \/>\n<meta name=\"twitter:card\" content=\"summary_large_image\" \/>\n<meta name=\"twitter:creator\" content=\"@noticiadosvales\" \/>\n<meta name=\"twitter:site\" content=\"@noticiadosvales\" \/>\n<meta name=\"twitter:label1\" content=\"Escrito por\" \/>\n\t<meta name=\"twitter:data1\" content=\"Aconteceu no Vale\" \/>\n\t<meta name=\"twitter:label2\" content=\"Est. tempo de leitura\" \/>\n\t<meta name=\"twitter:data2\" content=\"2 minutos\" \/>\n<script type=\"application\/ld+json\" class=\"yoast-schema-graph\">{\"@context\":\"https:\\\/\\\/schema.org\",\"@graph\":[{\"@type\":\"Article\",\"@id\":\"https:\\\/\\\/aconteceunovale.com.br\\\/portal\\\/?p=61507#article\",\"isPartOf\":{\"@id\":\"https:\\\/\\\/aconteceunovale.com.br\\\/portal\\\/?p=61507\"},\"author\":{\"name\":\"Aconteceu no Vale\",\"@id\":\"https:\\\/\\\/aconteceunovale.com.br\\\/portal\\\/#\\\/schema\\\/person\\\/633529146f2c94272bef50ac2953d589\"},\"headline\":\"Lei que altera regras do seguro-desemprego \u00e9 sancionada\",\"datePublished\":\"2015-06-18T15:10:56+00:00\",\"dateModified\":\"2015-06-18T15:11:46+00:00\",\"mainEntityOfPage\":{\"@id\":\"https:\\\/\\\/aconteceunovale.com.br\\\/portal\\\/?p=61507\"},\"wordCount\":481,\"commentCount\":0,\"image\":{\"@id\":\"https:\\\/\\\/aconteceunovale.com.br\\\/portal\\\/?p=61507#primaryimage\"},\"thumbnailUrl\":\"https:\\\/\\\/aconteceunovale.com.br\\\/portal\\\/wp-content\\\/uploads\\\/2015\\\/02\\\/seguro_desemprego.jpg\",\"keywords\":[\"abono salarial\",\"altera\u00e7\u00e3o de regras do seguro-desemprego\",\"altera\u00e7\u00f5es do seguro-desemprego\",\"Dilma Rousseff\",\"Lei que altera regras do seguro-desemprego\",\"Lei que altera regras do seguro-desemprego \u00e9 sancionada\",\"Novas regras do seguro-desemprego\",\"regras do seguro-desemprego\",\"seguro-defeso\",\"seguro-desemprego\",\"vetos\"],\"articleSection\":[\"Brasil\"],\"inLanguage\":\"pt-BR\",\"potentialAction\":[{\"@type\":\"CommentAction\",\"name\":\"Comment\",\"target\":[\"https:\\\/\\\/aconteceunovale.com.br\\\/portal\\\/?p=61507#respond\"]}]},{\"@type\":\"WebPage\",\"@id\":\"https:\\\/\\\/aconteceunovale.com.br\\\/portal\\\/?p=61507\",\"url\":\"https:\\\/\\\/aconteceunovale.com.br\\\/portal\\\/?p=61507\",\"name\":\"Lei que altera regras do seguro-desemprego \u00e9 sancionada - Aconteceu no Vale\",\"isPartOf\":{\"@id\":\"https:\\\/\\\/aconteceunovale.com.br\\\/portal\\\/#website\"},\"primaryImageOfPage\":{\"@id\":\"https:\\\/\\\/aconteceunovale.com.br\\\/portal\\\/?p=61507#primaryimage\"},\"image\":{\"@id\":\"https:\\\/\\\/aconteceunovale.com.br\\\/portal\\\/?p=61507#primaryimage\"},\"thumbnailUrl\":\"https:\\\/\\\/aconteceunovale.com.br\\\/portal\\\/wp-content\\\/uploads\\\/2015\\\/02\\\/seguro_desemprego.jpg\",\"datePublished\":\"2015-06-18T15:10:56+00:00\",\"dateModified\":\"2015-06-18T15:11:46+00:00\",\"author\":{\"@id\":\"https:\\\/\\\/aconteceunovale.com.br\\\/portal\\\/#\\\/schema\\\/person\\\/633529146f2c94272bef50ac2953d589\"},\"breadcrumb\":{\"@id\":\"https:\\\/\\\/aconteceunovale.com.br\\\/portal\\\/?p=61507#breadcrumb\"},\"inLanguage\":\"pt-BR\",\"potentialAction\":[{\"@type\":\"ReadAction\",\"target\":[\"https:\\\/\\\/aconteceunovale.com.br\\\/portal\\\/?p=61507\"]}]},{\"@type\":\"ImageObject\",\"inLanguage\":\"pt-BR\",\"@id\":\"https:\\\/\\\/aconteceunovale.com.br\\\/portal\\\/?p=61507#primaryimage\",\"url\":\"https:\\\/\\\/aconteceunovale.com.br\\\/portal\\\/wp-content\\\/uploads\\\/2015\\\/02\\\/seguro_desemprego.jpg\",\"contentUrl\":\"https:\\\/\\\/aconteceunovale.com.br\\\/portal\\\/wp-content\\\/uploads\\\/2015\\\/02\\\/seguro_desemprego.jpg\",\"width\":448,\"height\":291},{\"@type\":\"BreadcrumbList\",\"@id\":\"https:\\\/\\\/aconteceunovale.com.br\\\/portal\\\/?p=61507#breadcrumb\",\"itemListElement\":[{\"@type\":\"ListItem\",\"position\":1,\"name\":\"In\u00edcio\",\"item\":\"https:\\\/\\\/aconteceunovale.com.br\\\/portal\\\/\"},{\"@type\":\"ListItem\",\"position\":2,\"name\":\"Lei que altera regras do seguro-desemprego \u00e9 sancionada\"}]},{\"@type\":\"WebSite\",\"@id\":\"https:\\\/\\\/aconteceunovale.com.br\\\/portal\\\/#website\",\"url\":\"https:\\\/\\\/aconteceunovale.com.br\\\/portal\\\/\",\"name\":\"Aconteceu no Vale\",\"description\":\"Portal de Not\u00edcias\",\"potentialAction\":[{\"@type\":\"SearchAction\",\"target\":{\"@type\":\"EntryPoint\",\"urlTemplate\":\"https:\\\/\\\/aconteceunovale.com.br\\\/portal\\\/?s={search_term_string}\"},\"query-input\":{\"@type\":\"PropertyValueSpecification\",\"valueRequired\":true,\"valueName\":\"search_term_string\"}}],\"inLanguage\":\"pt-BR\"},{\"@type\":\"Person\",\"@id\":\"https:\\\/\\\/aconteceunovale.com.br\\\/portal\\\/#\\\/schema\\\/person\\\/633529146f2c94272bef50ac2953d589\",\"name\":\"Aconteceu no Vale\",\"description\":\"Equipe de reportagem do Aconteceu no Vale, portal de not\u00edcias do Vale do Jequitinhonha, em Minas Gerais. Cobrimos as 51 cidades do Vale desde 2013. Sugest\u00f5es de pauta e pedidos de corre\u00e7\u00e3o: contato@aconteceunovale.com.br\",\"sameAs\":[\"http:\\\/\\\/www.aconteceunovale.com.br\"],\"url\":\"https:\\\/\\\/aconteceunovale.com.br\\\/portal\\\/?author=1\"}]}<\/script>\n<!-- \/ Yoast SEO plugin. -->","yoast_head_json":{"title":"Lei que altera regras do seguro-desemprego \u00e9 sancionada - Aconteceu no Vale","robots":{"index":"index","follow":"follow","max-snippet":"max-snippet:-1","max-image-preview":"max-image-preview:large","max-video-preview":"max-video-preview:-1"},"canonical":"https:\/\/aconteceunovale.com.br\/portal\/?p=61507","og_locale":"pt_BR","og_type":"article","og_title":"Lei que altera regras do seguro-desemprego \u00e9 sancionada - Aconteceu no Vale","og_description":"A presidenta Dilma Rousseff sancionou, com vetos, a lei que torna mais r\u00edgidos os crit\u00e9rios de acesso ao seguro-desemprego, seguro-defeso e abono salarial. A san\u00e7\u00e3o foi publicada ontem (17) no\u00a0Di\u00e1rio Oficial da Uni\u00e3o\u00a0 e a lei entra em vigor imediatamente. A medida faz parte do ajuste fiscal e o governo espera economizar com a redu\u00e7\u00e3o [&hellip;]","og_url":"https:\/\/aconteceunovale.com.br\/portal\/?p=61507","og_site_name":"Aconteceu no Vale","article_publisher":"https:\/\/www.facebook.com\/aconteceunovale\/","article_published_time":"2015-06-18T15:10:56+00:00","article_modified_time":"2015-06-18T15:11:46+00:00","og_image":[{"width":448,"height":291,"url":"https:\/\/aconteceunovale.com.br\/portal\/wp-content\/uploads\/2015\/02\/seguro_desemprego.jpg","type":"image\/jpeg"}],"author":"Aconteceu no Vale","twitter_card":"summary_large_image","twitter_creator":"@noticiadosvales","twitter_site":"@noticiadosvales","twitter_misc":{"Escrito por":"Aconteceu no Vale","Est. tempo de leitura":"2 minutos"},"schema":{"@context":"https:\/\/schema.org","@graph":[{"@type":"Article","@id":"https:\/\/aconteceunovale.com.br\/portal\/?p=61507#article","isPartOf":{"@id":"https:\/\/aconteceunovale.com.br\/portal\/?p=61507"},"author":{"name":"Aconteceu no Vale","@id":"https:\/\/aconteceunovale.com.br\/portal\/#\/schema\/person\/633529146f2c94272bef50ac2953d589"},"headline":"Lei que altera regras do seguro-desemprego \u00e9 sancionada","datePublished":"2015-06-18T15:10:56+00:00","dateModified":"2015-06-18T15:11:46+00:00","mainEntityOfPage":{"@id":"https:\/\/aconteceunovale.com.br\/portal\/?p=61507"},"wordCount":481,"commentCount":0,"image":{"@id":"https:\/\/aconteceunovale.com.br\/portal\/?p=61507#primaryimage"},"thumbnailUrl":"https:\/\/aconteceunovale.com.br\/portal\/wp-content\/uploads\/2015\/02\/seguro_desemprego.jpg","keywords":["abono salarial","altera\u00e7\u00e3o de regras do seguro-desemprego","altera\u00e7\u00f5es do seguro-desemprego","Dilma Rousseff","Lei que altera regras do seguro-desemprego","Lei que altera regras do seguro-desemprego \u00e9 sancionada","Novas regras do seguro-desemprego","regras do seguro-desemprego","seguro-defeso","seguro-desemprego","vetos"],"articleSection":["Brasil"],"inLanguage":"pt-BR","potentialAction":[{"@type":"CommentAction","name":"Comment","target":["https:\/\/aconteceunovale.com.br\/portal\/?p=61507#respond"]}]},{"@type":"WebPage","@id":"https:\/\/aconteceunovale.com.br\/portal\/?p=61507","url":"https:\/\/aconteceunovale.com.br\/portal\/?p=61507","name":"Lei que altera regras do seguro-desemprego \u00e9 sancionada - Aconteceu no Vale","isPartOf":{"@id":"https:\/\/aconteceunovale.com.br\/portal\/#website"},"primaryImageOfPage":{"@id":"https:\/\/aconteceunovale.com.br\/portal\/?p=61507#primaryimage"},"image":{"@id":"https:\/\/aconteceunovale.com.br\/portal\/?p=61507#primaryimage"},"thumbnailUrl":"https:\/\/aconteceunovale.com.br\/portal\/wp-content\/uploads\/2015\/02\/seguro_desemprego.jpg","datePublished":"2015-06-18T15:10:56+00:00","dateModified":"2015-06-18T15:11:46+00:00","author":{"@id":"https:\/\/aconteceunovale.com.br\/portal\/#\/schema\/person\/633529146f2c94272bef50ac2953d589"},"breadcrumb":{"@id":"https:\/\/aconteceunovale.com.br\/portal\/?p=61507#breadcrumb"},"inLanguage":"pt-BR","potentialAction":[{"@type":"ReadAction","target":["https:\/\/aconteceunovale.com.br\/portal\/?p=61507"]}]},{"@type":"ImageObject","inLanguage":"pt-BR","@id":"https:\/\/aconteceunovale.com.br\/portal\/?p=61507#primaryimage","url":"https:\/\/aconteceunovale.com.br\/portal\/wp-content\/uploads\/2015\/02\/seguro_desemprego.jpg","contentUrl":"https:\/\/aconteceunovale.com.br\/portal\/wp-content\/uploads\/2015\/02\/seguro_desemprego.jpg","width":448,"height":291},{"@type":"BreadcrumbList","@id":"https:\/\/aconteceunovale.com.br\/portal\/?p=61507#breadcrumb","itemListElement":[{"@type":"ListItem","position":1,"name":"In\u00edcio","item":"https:\/\/aconteceunovale.com.br\/portal\/"},{"@type":"ListItem","position":2,"name":"Lei que altera regras do seguro-desemprego \u00e9 sancionada"}]},{"@type":"WebSite","@id":"https:\/\/aconteceunovale.com.br\/portal\/#website","url":"https:\/\/aconteceunovale.com.br\/portal\/","name":"Aconteceu no Vale","description":"Portal de Not\u00edcias","potentialAction":[{"@type":"SearchAction","target":{"@type":"EntryPoint","urlTemplate":"https:\/\/aconteceunovale.com.br\/portal\/?s={search_term_string}"},"query-input":{"@type":"PropertyValueSpecification","valueRequired":true,"valueName":"search_term_string"}}],"inLanguage":"pt-BR"},{"@type":"Person","@id":"https:\/\/aconteceunovale.com.br\/portal\/#\/schema\/person\/633529146f2c94272bef50ac2953d589","name":"Aconteceu no Vale","description":"Equipe de reportagem do Aconteceu no Vale, portal de not\u00edcias do Vale do Jequitinhonha, em Minas Gerais. Cobrimos as 51 cidades do Vale desde 2013. Sugest\u00f5es de pauta e pedidos de corre\u00e7\u00e3o: contato@aconteceunovale.com.br","sameAs":["http:\/\/www.aconteceunovale.com.br"],"url":"https:\/\/aconteceunovale.com.br\/portal\/?author=1"}]}},"_links":{"self":[{"href":"https:\/\/aconteceunovale.com.br\/portal\/index.php?rest_route=\/wp\/v2\/posts\/61507","targetHints":{"allow":["GET"]}}],"collection":[{"href":"https:\/\/aconteceunovale.com.br\/portal\/index.php?rest_route=\/wp\/v2\/posts"}],"about":[{"href":"https:\/\/aconteceunovale.com.br\/portal\/index.php?rest_route=\/wp\/v2\/types\/post"}],"author":[{"embeddable":true,"href":"https:\/\/aconteceunovale.com.br\/portal\/index.php?rest_route=\/wp\/v2\/users\/1"}],"replies":[{"embeddable":true,"href":"https:\/\/aconteceunovale.com.br\/portal\/index.php?rest_route=%2Fwp%2Fv2%2Fcomments&post=61507"}],"version-history":[{"count":0,"href":"https:\/\/aconteceunovale.com.br\/portal\/index.php?rest_route=\/wp\/v2\/posts\/61507\/revisions"}],"wp:featuredmedia":[{"embeddable":true,"href":"https:\/\/aconteceunovale.com.br\/portal\/index.php?rest_route=\/wp\/v2\/media\/54059"}],"wp:attachment":[{"href":"https:\/\/aconteceunovale.com.br\/portal\/index.php?rest_route=%2Fwp%2Fv2%2Fmedia&parent=61507"}],"wp:term":[{"taxonomy":"category","embeddable":true,"href":"https:\/\/aconteceunovale.com.br\/portal\/index.php?rest_route=%2Fwp%2Fv2%2Fcategories&post=61507"},{"taxonomy":"post_tag","embeddable":true,"href":"https:\/\/aconteceunovale.com.br\/portal\/index.php?rest_route=%2Fwp%2Fv2%2Ftags&post=61507"}],"curies":[{"name":"wp","href":"https:\/\/api.w.org\/{rel}","templated":true}]}}